{"id":230151,"date":"2017-07-23T08:25:44","date_gmt":"2017-07-23T06:25:44","guid":{"rendered":"http:\/\/www.pcnen.com\/portal\/?p=230151"},"modified":"2017-07-23T08:44:55","modified_gmt":"2017-07-23T06:44:55","slug":"santo-stupido","status":"publish","type":"post","link":"https:\/\/www.pcnen.com\/portal\/2017\/07\/23\/santo-stupido\/","title":{"rendered":"Santo stupido"},"content":{"rendered":"<p><strong>Autor: Marinkom \u010culi\u0107<\/strong><\/p>\n<p><a href=\"http:\/\/www.pcnen.com\/portal\/wp-content\/uploads\/2017\/07\/marinko_culic.jpg\"><img loading=\"lazy\" decoding=\"async\" src=\"http:\/\/www.pcnen.com\/portal\/wp-content\/uploads\/2017\/07\/marinko_culic-450x326.jpg\" alt=\"marinko_culic\" width=\"450\" height=\"326\" class=\"aligncenter size-large wp-image-230152\" \/><\/a>Zaustavljen je podmukli poku\u0161aj Srpske pravoslavne crkve i Srbije u cjelini da se sprije\u010di progla\u0161enje svetim, odnosno kanonizacija kardinala Alojzija Stepinca. Tako nekako u Hrvatskoj je odjeknula vijest da je mje\u0161ovita katoli\u010dko-pravoslavna komisija koju je osnovao Vatikan zavr\u0161ila rad bez zajedni\u010dkog zaklju\u010dka, pa je sada sve na papi Franji, koji \u0107e, veli se, sigurno odobriti kanonizaciju, iako nitko ne zna kada \u0107e to biti, pa ni, strogo uzev\u0161i, ho\u0107e li uop\u0107e biti. Vatikan o tome mudro \u0161uti upravo onoliko koliko se kod nas o tome nezasitno brblja. Naravno, spomenuta euforija popra\u0107ena je standardno velikim brojem budala\u0161tina pa je kaptolski trbuhozborac Darko Pavi\u010di\u0107 izjavio da bi u slu\u010daju da je srpski mu\u010dki plan uspio bio doveden u pitanje klju\u010dni hrvatski nacionalni interes. Jasno, nikome nije jasno za\u0161to bi tako bilo. Pa nije Stepinac nekakav hrvatski Homeini (koji, usput, ni u Iranu vi\u0161e ne stoji najbolje), osim ako uva\u017eeni kolega ne misli da je do\u0161lo vrijeme da se otvoreno i otko\u010denog revolvera zagovara Hrvatsku kao ultraklerikalnu dr\u017eavu. I da vi\u0161e nije pametno to dovoditi u pitanje. Na njegovu \u017ealost, to se ipak doga\u0111a, pa se kanonizaciji Stepinca suprotstavlja ne samo SPC, nego i nemali broj Hrvata, prvenstveno ateista i inovjeraca, ali vjerojatno i stanoviti krug deziluzioniranih i razo\u010daranih katolika.<\/p>\n<p>Unato\u010d tome, budala\u0161tina ima jo\u0161, one se vole lijepiti jedna za drugu. Tako nas Vi\u0161nja Stare\u0161ina obavje\u0161tava da bi Stepinac odavno bio progla\u0161en hrvatskim svecem da je pristao na Titov zahtjev da odvoji Katoli\u010dku crkvu u Hrvatskoj od Vatikana. Nema veze \u0161to je Broz odrastao u katoli\u010dkom Zagorju i sigurno nije bio toliko glup da bi mislio da je takvo ne\u0161to realno i mogu\u0107e, ali jeste tra\u017eio ono isto \u0161to i Stjepan Radi\u0107. Da Kaptol bude samostalniji i da mu glava bude, kako je govorio legendarni Stipica, u Zagrebu, a ne u Vatikanu. Uostalom, takav pristup imao je vi\u0161e nego solidno upori\u0161te i u stavu najve\u0107ih zapadnih antifa\u0161isti\u010dkih zemalja, koje su zamjerale tada\u0161njem papi Piju XII. da se suvi\u0161e mlako suprotstavljao nacifa\u0161izmu. Na to je ovaj uzvra\u0107ao da bi o\u0161trijim reagiranjem samo izazvao dodatni gnjev nacifa\u0161ista prema katolicima, a tako nekako branio se i Stepinac. Nimalo slu\u010dajno, jer on je zapravo bio lokalna, hrvatska kopija Pija XII., a spajalo ih je najvi\u0161e to da su protiv nacifa\u0161ista zbilja znali protestirati, ali kako su puno vi\u0161e bili antikomunisti nego antifa\u0161isti, pu\u0161tali su da stvari idu svojim tokom. I po svemu sude\u0107i kalkulirali da je manje zlo ako navodno pobo\u017eni fa\u0161isti pobjede navodno bezbo\u017ene antifa\u0161iste, nego obratno. Zato je legitimno postaviti ovakvu tezu: da su se njih dvojica rezolutno i beskompromisno postavili prema Hitleru i Paveli\u0107u, vjerojatno njih dvojica ne bi ni bili mogu\u0107i<\/p>\n<p>Da podvu\u010dem crtu pod ovaj dio teksta, re\u0107i \u0107u ovako. Ne, Stepinac nije bio ratni zlo\u010dinac, ali je podr\u017eavao NDH kao branu protiv \u2018srbokomunisti\u010dke\u2019 opasnosti, kako se govorilo ve\u0107 u ono vrijeme. Nije, me\u0111utim, podr\u017eavao njene metode, barem ne u smislu izravnog poticanja na zlo\u010dine protiv Srba, \u017didova, pa \u010dak ni komunista. Tu spoznaju crpim iz, ne mogu druk\u010dije re\u0107i nego zadivljuju\u0107e temeljitih i dokumentiranih saznanja ameri\u010dkog povjesni\u010dara hrvatskih korijena Joze Tomasevicha, \u010dovjeka bez ideolo\u0161kih predznaka, koji Stepinca predstavlja kao neku vrstu Paveli\u0107evog oponenta. Ali unutar istog ideolo\u0161kog i vrijednosnog sustava usta\u0161ke dr\u017eave. Zato je taj dana\u0161nji bla\u017eenik osu\u0111ivao pokolje nad Srbima, \u017didovima i ostalima (Jasenovac, Glina), ali nikada javno nego u internim intervencijama kod Paveli\u0107a. Zato je izdao i tajno uputstvo katoli\u010dkim sve\u0107enicima da se pokatoli\u010denje Srba i \u017didova ima smatrati privremenim i u funkciji njihovog spa\u0161avanja, uz obavezu da ih se vrati u mati\u010dnu vjeru \u010dim opasnost pro\u0111e. Ali, pokatoli\u010denjima se nije suprotstavio, iako ni mnoga od njih nisu spasila pokatoli\u010dene Srbe i \u017didove od smrti.<\/p>\n<p>Ako ovome mogu dodati osobni dojam, to je da su Stepincu usta\u0161e, pogotovo tzv. \u2018divlje\u2019 usta\u0161e, bili odbojni, ali ih je ipak smatrao svojima, pri \u010demu su ga oni kupili ne samo idejom \u2018jedine i vje\u010dne Hrvatske\u2019, da ponovno malo ubacim i danas aktualan rje\u010dnik. Nego i moralisti\u010dkim kerefekama kao \u0161to su kriminaliziranje \u2018pornografije\u2019 (kakva vra\u017eja pornografija je mogla postojati u ono vrijeme?), zabrana curama da nose suknje i milimetar iznad koljena, prijetnja zatvorom zbog psovanja na javnom mjestu. I sli\u010dnim puritanskim gluparijama. A takvim ne\u010dim moglo se kupiti samo nekoga sasvim sku\u010denih duhovnih obzora i, ako \u0107emo pravo, ne osobito velike pameti. Tu dolazi vrijeme da se podvu\u010de jo\u0161 jedna crta. Ako Stepinac i nije bio zlo\u010dinac, ovako nacionalisti\u010dki i duhovno zadrt svakako nije ni biserni uzor po kojem bi trebalo krojiti moralne i politi\u010dke standarde dana\u0161nje Hrvatske. Iako kao zakleti ateista mo\u017eda nisam najpozvaniji o tome suditi, to bi po meni bilo, ne mo\u017ee se druk\u010dije re\u0107i, \u0111avolsko djelo. Ali, tko mene pita, o tome presu\u0111uje ve\u0107ina Hrvata i Hrvatica koji, \u010dujete ih i kroz zatvorene prozore, razdra\u017eeno vi\u010du santo subito. Iako bi se prije reklo da je po srijedi ne\u0161to sasvim drugo \u2013 santo stupido.<\/p>\n<p>Jer, na vjerskom i intelektualnom uzoru Alojzija Stepinca, a nije da Katoli\u010dka crkva u Hrvatskoj nema boljih (prema nekim ozbiljnim studijama, koje Kaptol sistemati\u010dno pre\u0161u\u0107uje kao da se time otkriva velika sramota, \u010dak 120 katoli\u010dkih sve\u0107enika aktivno je sura\u0111ivalo s Titovim partizanima, zbog \u010dega ih je tre\u0107ina pobijena ili poginula) sada i buja ovo \u0161to upravo gledamo. A gledamo \u010ditav ovaj dinami\u010dni koloplet fanatiziranih i zatucanih ultrakonzervativnih vjerskih udruga oko \u017deljke Marki\u0107, Vice Batarela, Stjepe Bartulice i sli\u010dnih, koji se mno\u017ee nekom nepoznatom, ali svakako akceleliranom progresijom. Realno govore\u0107i, nitko posljednjih godina nije tako brzo osvajao hrvatski prostor politi\u010dkog djelovanja kao oni, odatle su uostalom u\u0161li u srce hrvatske politike i neki od novih hrvatskih megazvijezda kao Most. Dodu\u0161e, u zraku se nju\u0161i da od sve brojnijih \u010deta ovih dobro organiziranih mra\u010dnjaka pomalo strepe i na Kaptolu, koji nema punu kontrolu nad njima, a ne zna ni koje su im krajnje ambicije. Ali ih ipak koristi kao hrastovu ovnovu lubanju za probijanje glavnog ulaza sekularnog gra\u0111anskog dru\u0161tva, \u010dime bi bilo realizirano ne samo ono \u0161to se javno ve\u0107 deklamira kao Stepin\u010deva crkva, nego i ono o \u010demu se jo\u0161 ne govori \u2013 Stepin\u010deva Hrvatska.<\/p>\n<p>Ako bi se to nekim slu\u010dajem ostvarilo, ne bi bilo nimalo pretjerano govoriti o uskrsnu\u0107u neke nove, adaptirane, \u2018parlamentarne\u2019 NDH. Naravno, u njoj ne bi vi\u0161e bilo rasnih zakona, konclogora i sli\u010dnih usta\u0161kih specijalnosti, jer bi se time riskiralo, kako netko ovih dana sasvim ozbiljno re\u010de, da ameri\u010dka vojska umar\u0161ira u Hrvatsku. Ali, po svemu drugom to bi bio pad na dno dna, u odnosu na \u0161to bi i najgori evropski primjeri, Poljska ili Ma\u0111arska, izgledali bezazleno kao dje\u010dje slikovnice.<\/p>\n<p><a href=\"http:\/\/www.portalnovosti.com\/santo-stupido\" target=\"_blank\">Portal Novosti<\/a><\/p>\n","protected":false},"excerpt":{"rendered":"<p>Ne, Stepinac nije bio ratni zlo\u010dinac, ali bogami nije ni uzor za dana\u0161nju Hrvatsku<\/p>\n","protected":false},"author":1,"featured_media":0,"comment_status":"open","ping_status":"closed","sticky":false,"template":"","format":"standard","meta":{"_seopress_robots_primary_cat":"","_seopress_titles_title":"","_seopress_titles_desc":"","_seopress_robots_index":"","_et_pb_use_builder":"","_et_pb_old_content":"","_et_gb_content_width":"","inline_featured_image":false,"footnotes":""},"categories":[5],"tags":[],"class_list":["post-230151","post","type-post","status-publish","format-standard","hentry","category-drugi-pisu"],"_links":{"self":[{"href":"https:\/\/www.pcnen.com\/portal\/wp-json\/wp\/v2\/posts\/230151","targetHints":{"allow":["GET"]}}],"collection":[{"href":"https:\/\/www.pcnen.com\/portal\/wp-json\/wp\/v2\/posts"}],"about":[{"href":"https:\/\/www.pcnen.com\/portal\/wp-json\/wp\/v2\/types\/post"}],"author":[{"embeddable":true,"href":"https:\/\/www.pcnen.com\/portal\/wp-json\/wp\/v2\/users\/1"}],"replies":[{"embeddable":true,"href":"https:\/\/www.pcnen.com\/portal\/wp-json\/wp\/v2\/comments?post=230151"}],"version-history":[{"count":0,"href":"https:\/\/www.pcnen.com\/portal\/wp-json\/wp\/v2\/posts\/230151\/revisions"}],"wp:attachment":[{"href":"https:\/\/www.pcnen.com\/portal\/wp-json\/wp\/v2\/media?parent=230151"}],"wp:term":[{"taxonomy":"category","embeddable":true,"href":"https:\/\/www.pcnen.com\/portal\/wp-json\/wp\/v2\/categories?post=230151"},{"taxonomy":"post_tag","embeddable":true,"href":"https:\/\/www.pcnen.com\/portal\/wp-json\/wp\/v2\/tags?post=230151"}],"curies":[{"name":"wp","href":"https:\/\/api.w.org\/{rel}","templated":true}]}}