{"id":230005,"date":"2017-07-20T21:32:36","date_gmt":"2017-07-20T19:32:36","guid":{"rendered":"http:\/\/www.pcnen.com\/portal\/?p=230005"},"modified":"2017-07-20T21:38:01","modified_gmt":"2017-07-20T19:38:01","slug":"vlada-mijenja-sastav-uo-drzavnog-univerziteta","status":"publish","type":"post","link":"https:\/\/www.pcnen.com\/portal\/2017\/07\/20\/vlada-mijenja-sastav-uo-drzavnog-univerziteta\/","title":{"rendered":"Vlada mijenja sastav UO dr\u017eavnog univerziteta"},"content":{"rendered":"<p><a href=\"http:\/\/www.pcnen.com\/portal\/wp-content\/uploads\/2012\/07\/ucg-logo.jpg\"><img loading=\"lazy\" decoding=\"async\" src=\"http:\/\/www.pcnen.com\/portal\/wp-content\/uploads\/2012\/07\/ucg-logo-150x150.jpg\" alt=\"ucg-logo\" width=\"150\" height=\"150\" class=\"alignleft size-thumbnail wp-image-89152\" \/><\/a>Vlada Crne Gore je danas promijenila tri \u010dlana Upravnog odbora Univerziteta Crne Gore i od sada \u0107e njeni predstavnici u UO biti Mubera Kurpejovi\u0107, Nata\u0161a Pe\u0161i\u0107 i Goran Joveti\u0107, objavio je portal Vijesti.<\/p>\n<p>Razrije\u0161eni su Radule Novovi\u0107 i Velimir Miju\u0161kovi\u0107 na li\u010dni zahtjev, a \u017deljko Ja\u0107imovi\u0107 je opozvan jer &#8220;nije sprovodio politiku Vlade u Upravnom odboru&#8221;.<\/p>\n<p>Rektorka Radmila Vojvodi\u0107 <a href=\"http:\/\/www.pcnen.com\/portal\/2017\/07\/18\/uo-ucg-nepokolebljiv-bjelica-najavio-ostavku\/\">odbija da po\u0161tuje odluku Vlade <\/a>da  UCG objavi konkurs za upis bruco\u0161a za Visoku medicinsku \u0161kolu u Beranama, a ne u Podgorici.<\/p>\n","protected":false},"excerpt":{"rendered":"<p>Vlada Crne Gore je danas promijenila tri \u010dlana Upravnog odbora Univerziteta Crne Gore i od sada \u0107e njeni predstavnici u UO biti Mubera Kurpejovi\u0107, Nata\u0161a Pe\u0161i\u0107 i Goran Joveti\u0107, objavio je portal Vijesti. Razrije\u0161eni su Radule Novovi\u0107 i Velimir Miju\u0161kovi\u0107 na li\u010dni zahtjev, a \u017deljko Ja\u0107imovi\u0107 je opozvan jer &#8220;nije sprovodio politiku Vlade u Upravnom [&hellip;]<\/p>\n","protected":false},"author":1,"featured_media":0,"comment_status":"open","ping_status":"closed","sticky":false,"template":"","format":"standard","meta":{"_seopress_robots_primary_cat":"","_seopress_titles_title":"","_seopress_titles_desc":"","_seopress_robots_index":"","_et_pb_use_builder":"","_et_pb_old_content":"","_et_gb_content_width":"","inline_featured_image":false,"footnotes":""},"categories":[14],"tags":[],"class_list":["post-230005","post","type-post","status-publish","format-standard","hentry","category-vijesti"],"_links":{"self":[{"href":"https:\/\/www.pcnen.com\/portal\/wp-json\/wp\/v2\/posts\/230005","targetHints":{"allow":["GET"]}}],"collection":[{"href":"https:\/\/www.pcnen.com\/portal\/wp-json\/wp\/v2\/posts"}],"about":[{"href":"https:\/\/www.pcnen.com\/portal\/wp-json\/wp\/v2\/types\/post"}],"author":[{"embeddable":true,"href":"https:\/\/www.pcnen.com\/portal\/wp-json\/wp\/v2\/users\/1"}],"replies":[{"embeddable":true,"href":"https:\/\/www.pcnen.com\/portal\/wp-json\/wp\/v2\/comments?post=230005"}],"version-history":[{"count":0,"href":"https:\/\/www.pcnen.com\/portal\/wp-json\/wp\/v2\/posts\/230005\/revisions"}],"wp:attachment":[{"href":"https:\/\/www.pcnen.com\/portal\/wp-json\/wp\/v2\/media?parent=230005"}],"wp:term":[{"taxonomy":"category","embeddable":true,"href":"https:\/\/www.pcnen.com\/portal\/wp-json\/wp\/v2\/categories?post=230005"},{"taxonomy":"post_tag","embeddable":true,"href":"https:\/\/www.pcnen.com\/portal\/wp-json\/wp\/v2\/tags?post=230005"}],"curies":[{"name":"wp","href":"https:\/\/api.w.org\/{rel}","templated":true}]}}