{"id":229653,"date":"2017-07-14T17:08:25","date_gmt":"2017-07-14T15:08:25","guid":{"rendered":"http:\/\/www.pcnen.com\/portal\/?p=229653"},"modified":"2017-07-17T07:16:40","modified_gmt":"2017-07-17T05:16:40","slug":"mozemo-li-zajedno-na-put","status":"publish","type":"post","link":"https:\/\/www.pcnen.com\/portal\/2017\/07\/14\/mozemo-li-zajedno-na-put\/","title":{"rendered":"Mo\u017eemo li zajedno na put?"},"content":{"rendered":"<div id=\"attachment_229655\" style=\"width: 310px\" class=\"wp-caption aligncenter\"><img loading=\"lazy\" decoding=\"async\" aria-describedby=\"caption-attachment-229655\" class=\"size-medium wp-image-229655\" src=\"http:\/\/www.pcnen.com\/portal\/wp-content\/uploads\/2017\/07\/zamisljena-traka-preticanje-300x150.jpg\" alt=\"Biciklisti na kolovozu - ilustracija iz priru\u010dnika &quot;Biciklistika&quot;, autor Sr\u0111a Dragovi\u0107\" width=\"300\" height=\"150\" \/><p id=\"caption-attachment-229655\" class=\"wp-caption-text\">Biciklisti na kolovozu &#8211; ilustracija iz priru\u010dnika &#8220;Biciklistika&#8221;, autor Sr\u0111a Dragovi\u0107<\/p><\/div>\n<p>Prije par dana vra\u0107ala sam se ku\u0107i, biciklom, Bulevarom crnogorskih serdara. Kako biciklisti\u010dke staze na ovoj ulici jo\u0161 nijesu zavr\u0161ene vozila sam kolovozom, sa desne strane, dr\u017ee\u0107i se svog biciklisti\u010dkog prostora uz desni ivi\u010dnjak. Taman sam bila pored nekada\u0161njeg hotela \u201eLjubovi\u0107\u201c, kad tik uz mene pro\u0111e vozilo \u2013 bolje da ka\u017eem, umalo ne pro\u0111e, jer me je retrovizor automobila zamalo zaka\u010dio, a automobil nastavio da se kre\u0107e malo ukoso, ka ivi\u010dnjaku, skoro pa sasvim zatvaraju\u0107i moju putanju. Ne stigoh ni da pomislim da je dobro \u0161to se ovaj bliski susret nije pretvorio u sudar, kad automobil stade, uklju\u010di\u0161e se ona \u010detiri svijetla, i ja u tome stigoh do otvorenog prozora taman na vrijeme da \u010dujem dio razgovora:<\/p>\n<p>&#8211; I vidi\u0161 sad kako si to uradila, sad je ona mogla da nas udari!<\/p>\n<p>U trenutku shvatih da sam zapravo upala na prakti\u010dni \u010das vo\u017enje: instruktor je sa suvoza\u010dkog sjedi\u0161ta davao uputstva i kritike djevojci za volanom, pomalo upla\u0161enoj zbrkom koju je umalo napravila. Kad sam ve\u0107 tu, i kad sam ve\u0107 nepovrije\u0111ena, odlu\u010dih da se pozovem u ovaj razgovor. A pri\u010da je dalje tekla, otprilike, ovako:<\/p>\n<p>&#8211; Dobar dan! Zaista, umalo da se sudarimo malo\u010das. Ako mogu da predlo\u017eim, obratite ubudu\u0107e panju na bicikliste na putu, i na to da po Zakonu o saobra\u0107aju imamo pravo i obavezu da na kolovozu vozimo uz desni ivi\u010dnjak, zami\u0161ljenom trakom \u0161irine 1m.<\/p>\n<p>&#8211; Pa ka\u017eem ja njoj, mora da pazi&#8230; A vala i vi, \u0161ta \u0107ete vi na kolovozu, idite ovim stazama \u2013 predlo\u017ei instruktor.<\/p>\n<p>&#8211; Nemamo staze na svim ulicama, a Zakon propisuje da se tamo gdje nema staza kre\u0107emo kolovozom, da ne bismo ometali ili ugrozili pje\u0161ake na trotoaru. Uglavnom, imamo pravo na taj 1m sa desne strane, pa eto, obratite pa\u017enju.<\/p>\n<p>&#8211; E sad ne znam ba\u0161, ako voza\u010di vama ostave taj jedan metar, u\u0107i \u0107e u ovu drugu traku kojom se kre\u0107u druga auta, i bi\u0107e gusto&#8230; Ka\u017eem ja vama, bolje da vi idete trotoarom.<\/p>\n<p>Tu ve\u0107 moja volja da se bavim podu\u010davanjem zapade u krizu, pa se morah pozvati na svoje biciklisti\u010dko, aktivisti\u010dko i publicisti\u010dko iskustvo, pa i na prili\u010dno teorijsko poznavanje Zakona o saobra\u0107aju, ste\u010deno tokom prethodne godine kroz pripremu priru\u010dnika \u201e<a href=\"http:\/\/biciklo.me\/wp-content\/dokumenti\/biciklistika.pdf\">Biciklistika<\/a>\u201c. Pro\u0111osmo zajedno jo\u0161 jednom par osnovnih \u010dinjenica, op\u0161tih mjesta zapravo:<\/p>\n<p>\u2022 Ljudi koji voze biciklo u gradskom saobra\u0107aju, na magistralnim i regionalnim putevima, su u\u010desnici i u\u010desnice u saobra\u0107aju \u010dije je kretanje regulisano saobra\u0107ajnim pravilima propisanim Zakonom.<br \/>\n\u2022 Ta pravila treba da po\u0161tuju i voza\u010di i biciklisti i pje\u0161aci i goni\u010di stoke i svi drugi koji nekud idu kroz javni prostor, kako bi \u0161to bolje vodili ra\u010duna o sebi i onima sa kojima dijele put. (Mogu\u0107e je da sam djevojci za volanom u ovom dijelu rekla ne\u0161to u smislu: \u201eJa sam sigurna da vi ne \u017eelite nikoga da ubijete \u2013 kao \u0161to ja nipo\u0161to ne \u017eelim da se na\u0111em na putu nekog automobila\u201c. Par prijateljski nastrojenih voza\u010da kojima sam kasnije prepri\u010dala doga\u0111aj ocijeni\u0161e da je takav komentar neobziran prema nekom ko tek po\u010dinje da se navikava na u\u010de\u0161\u0107e u automobilskom saobra\u0107aju, te se za zaka\u0161njenjem izvinjavam.)<br \/>\n\u2022 Biciklisti i biciklistkinje ne mogu da nestanu sa puta. Njihovo je da po\u0161tuju pravila i budu u saobra\u0107aju vidljivi i oprezni. Voza\u010di mogu da prilagode brzinu i razdaljinu situaciji na putu i da tako, kao bolje za\u0161ti\u0107eni i manje ugro\u017eeni, vode ra\u010duna o sebi i ostalim u\u010desnicima u saobra\u0107aju.<\/p>\n<div id=\"attachment_229654\" style=\"width: 236px\" class=\"wp-caption aligncenter\"><img loading=\"lazy\" decoding=\"async\" aria-describedby=\"caption-attachment-229654\" class=\"size-medium wp-image-229654\" src=\"http:\/\/www.pcnen.com\/portal\/wp-content\/uploads\/2017\/07\/zakon-vazi-i-za-nas-226x300.jpg\" alt=\"Zakon va\u017ei za sve: ilustracija iz priru\u010dnika &quot;Biciklistika&quot;, autor Sr\u0111a Dragovi\u0107\" width=\"226\" height=\"300\" \/><p id=\"caption-attachment-229654\" class=\"wp-caption-text\">Zakon va\u017ei za sve: ilustracija iz priru\u010dnika &#8220;Biciklistika&#8221;, autor Sr\u0111a Dragovi\u0107<\/p><\/div>\n<p>Instruktor se nevoljno slo\u017eio, ali se nije pona\u0161ao kao da on mo\u017ee da uradi ne\u0161to u \u010ditavom tom procesu. Primijeti i to da je on tu da kandidatkinju nau\u010di da koristi komande i dr\u017ei pravac, a da ona o Zakonu u\u010di sama i to znanje pokazuje na testovima, koji ne uklju\u010duju pitanja o biciklistima u saobra\u0107aju. Nije propustio da jo\u0161 jednom pomene da bi on ipak svu tu biciklisti\u010dku pri\u010du popeo na staze i trotoare, jer \u201epusti ti taj Zakon, put je za auta.\u201c<\/p>\n<p>Time se moje u\u010de\u0161\u0107e na ovom \u010dasu vo\u017enje zavr\u0161i.<\/p>\n<p>Ostah da razmi\u0161ljam o tome kako tretiramo jedni druge, kako mislimo o Zakonima za \u010dije poznavanje smo odgovorni, kako radimo posao koji mo\u017ee \u2013 i ho\u0107e! \u2013 dugoro\u010dno i odlu\u010duju\u0107e uticati na \u017eivote ljudi oko nas. U Be\u010du i Kopenhagenu \u2013 gradovima u kojima sam nau\u010dila da vozim biciklo u gradskom saobra\u0107aju \u2013 iskustvo je pokazalo da je pove\u0107an obim biciklisti\u010dkog saobra\u0107aja naveo voza\u010de da uspore, da budu obazriviji, a time doveo do smanjenja broja saobra\u0107ajnih nesre\u0107a i saobra\u0107ajne buke na nivou \u010ditavog grada. Onog popodneva u kom se sve ovo desilo izbrojala sam 26 ljudi na biciklu, u Podgorici, u sred ljeta, na manje od 3km pre\u0111enog puta. Biciklisti i biciklitkinje su, dakle, tu \u2013 i bi\u0107e ih sve vi\u0161e. Mo\u017eemo li se nadati pozitivnim efektima koje su iskusili drugi gradovi? Vjerujem da da. Na putu nam, pored svega ostalog, stoje i instruktori koji obu\u010davaju budu\u0107e voza\u010de tako da ovi zapamte da, kad nam je zgodno, Zakon mo\u017eemo iskrenuti, iskriviti, ignorisati. A onda se svi zajedno \u010duditi \u0161to vozimo tako kako vozimo i ginemo tako kako ginemo.<\/p>\n","protected":false},"excerpt":{"rendered":"<p>Bilje\u0161ke sa jednog prakti\u010dnog \u010dasa vo\u017enje<\/p>\n","protected":false},"author":3251,"featured_media":0,"comment_status":"open","ping_status":"closed","sticky":false,"template":"","format":"standard","meta":{"_seopress_robots_primary_cat":"","_seopress_titles_title":"","_seopress_titles_desc":"","_seopress_robots_index":"","_et_pb_use_builder":"","_et_pb_old_content":"","_et_gb_content_width":"","inline_featured_image":false,"footnotes":""},"categories":[17],"tags":[],"class_list":["post-229653","post","type-post","status-publish","format-standard","hentry","category-blogovi"],"_links":{"self":[{"href":"https:\/\/www.pcnen.com\/portal\/wp-json\/wp\/v2\/posts\/229653","targetHints":{"allow":["GET"]}}],"collection":[{"href":"https:\/\/www.pcnen.com\/portal\/wp-json\/wp\/v2\/posts"}],"about":[{"href":"https:\/\/www.pcnen.com\/portal\/wp-json\/wp\/v2\/types\/post"}],"author":[{"embeddable":true,"href":"https:\/\/www.pcnen.com\/portal\/wp-json\/wp\/v2\/users\/3251"}],"replies":[{"embeddable":true,"href":"https:\/\/www.pcnen.com\/portal\/wp-json\/wp\/v2\/comments?post=229653"}],"version-history":[{"count":0,"href":"https:\/\/www.pcnen.com\/portal\/wp-json\/wp\/v2\/posts\/229653\/revisions"}],"wp:attachment":[{"href":"https:\/\/www.pcnen.com\/portal\/wp-json\/wp\/v2\/media?parent=229653"}],"wp:term":[{"taxonomy":"category","embeddable":true,"href":"https:\/\/www.pcnen.com\/portal\/wp-json\/wp\/v2\/categories?post=229653"},{"taxonomy":"post_tag","embeddable":true,"href":"https:\/\/www.pcnen.com\/portal\/wp-json\/wp\/v2\/tags?post=229653"}],"curies":[{"name":"wp","href":"https:\/\/api.w.org\/{rel}","templated":true}]}}