{"id":229057,"date":"2017-07-04T16:29:55","date_gmt":"2017-07-04T14:29:55","guid":{"rendered":"http:\/\/www.pcnen.com\/portal\/?p=229057"},"modified":"2017-07-04T16:29:55","modified_gmt":"2017-07-04T14:29:55","slug":"medojevic-nece-danas-ici-na-vjestacenje-u-tuzilastvo","status":"publish","type":"post","link":"https:\/\/www.pcnen.com\/portal\/2017\/07\/04\/medojevic-nece-danas-ici-na-vjestacenje-u-tuzilastvo\/","title":{"rendered":"Medojevi\u0107 ne\u0107e danas i\u0107i na vje\u0161ta\u010denje u Tu\u017eila\u0161tvo"},"content":{"rendered":"<p><a href=\"http:\/\/www.pcnen.com\/portal\/wp-content\/uploads\/2017\/06\/medojevic.jpg\"><img loading=\"lazy\" decoding=\"async\" src=\"http:\/\/www.pcnen.com\/portal\/wp-content\/uploads\/2017\/06\/medojevic-300x233.jpg\" alt=\"medojevic\" width=\"300\" height=\"233\" class=\"alignleft size-medium wp-image-228835\" \/><\/a>\u010clan predsjedni\u0161tva Demokratskog fronta Neboj\u0161a Medojevi\u0107 dobio je poziv da danas u 17 \u010dasova u Tu\u017eila\u0161tvu prisustvuje vje\u0161ta\u010denju kompjutera koji je oduzet prilikom <a href=\"http:\/\/www.pcnen.com\/portal\/2017\/06\/30\/policija-upala-u-medojevicev-stan-forenzicari-u-prostorije-pzp\/\">pretresa njegovog stana<\/a>, ali \u0107e umjesto njega na vje\u0161ta\u010denju biti advokat Dra\u017een Medojevi\u0107. <\/p>\n<p>Poslanik DF-a je kazao Vijestima da nema namjeru da ide na vje\u0161ta\u010denje kompjutera jer smatra da bi ga po dolasku u Tu\u017eila\u0161tvo uhapsili. <\/p>\n<p>&#8220;Primili smo uredno dokumentaciju, \u0161to pokazuje da mi sara\u0111ujemo u istrazi. Ali, Milivoje Katni\u0107 je zamrzao istragu, njemu je cilj samo moje hap\u0161enje, oni su od 17 svjedoka saslu\u0161ali samo \u010detiri ili pet&#8221;, kazao je Medojevi\u0107 Vijestima.<\/p>\n<p>On je ponovio da u kompjuteru ne\u0107e na\u0107i ni\u0161ta i da Tu\u017eila\u0161tvo \u0161ikanira njega i njegovu porodicu.<\/p>\n<p>&#8220;Jesu li Svetozaru Marovi\u0107u uzimali kompjuter? Jesu li njemu pretresali stan&#8221;, rekao je Medojevi\u0107 koji boravi u Skup\u0161tini od \u010detvrtka kada mu je oduzet imunitet po zahtjevu Specijalnog tu\u017eila\u0161tva.<\/p>\n","protected":false},"excerpt":{"rendered":"<p>\u010clan predsjedni\u0161tva Demokratskog fronta Neboj\u0161a Medojevi\u0107 dobio je poziv da danas u 17 \u010dasova u Tu\u017eila\u0161tvu prisustvuje vje\u0161ta\u010denju kompjutera koji je oduzet prilikom pretresa njegovog stana, ali \u0107e umjesto njega na vje\u0161ta\u010denju biti advokat Dra\u017een Medojevi\u0107. Poslanik DF-a je kazao Vijestima da nema namjeru da ide na vje\u0161ta\u010denje kompjutera jer smatra da bi ga po [&hellip;]<\/p>\n","protected":false},"author":1,"featured_media":0,"comment_status":"open","ping_status":"closed","sticky":false,"template":"","format":"standard","meta":{"_seopress_robots_primary_cat":"","_seopress_titles_title":"","_seopress_titles_desc":"","_seopress_robots_index":"","_et_pb_use_builder":"","_et_pb_old_content":"","_et_gb_content_width":"","inline_featured_image":false,"footnotes":""},"categories":[14],"tags":[],"class_list":["post-229057","post","type-post","status-publish","format-standard","hentry","category-vijesti"],"_links":{"self":[{"href":"https:\/\/www.pcnen.com\/portal\/wp-json\/wp\/v2\/posts\/229057","targetHints":{"allow":["GET"]}}],"collection":[{"href":"https:\/\/www.pcnen.com\/portal\/wp-json\/wp\/v2\/posts"}],"about":[{"href":"https:\/\/www.pcnen.com\/portal\/wp-json\/wp\/v2\/types\/post"}],"author":[{"embeddable":true,"href":"https:\/\/www.pcnen.com\/portal\/wp-json\/wp\/v2\/users\/1"}],"replies":[{"embeddable":true,"href":"https:\/\/www.pcnen.com\/portal\/wp-json\/wp\/v2\/comments?post=229057"}],"version-history":[{"count":0,"href":"https:\/\/www.pcnen.com\/portal\/wp-json\/wp\/v2\/posts\/229057\/revisions"}],"wp:attachment":[{"href":"https:\/\/www.pcnen.com\/portal\/wp-json\/wp\/v2\/media?parent=229057"}],"wp:term":[{"taxonomy":"category","embeddable":true,"href":"https:\/\/www.pcnen.com\/portal\/wp-json\/wp\/v2\/categories?post=229057"},{"taxonomy":"post_tag","embeddable":true,"href":"https:\/\/www.pcnen.com\/portal\/wp-json\/wp\/v2\/tags?post=229057"}],"curies":[{"name":"wp","href":"https:\/\/api.w.org\/{rel}","templated":true}]}}