{"id":229020,"date":"2017-07-04T07:30:12","date_gmt":"2017-07-04T05:30:12","guid":{"rendered":"http:\/\/www.pcnen.com\/portal\/?p=229020"},"modified":"2017-07-04T07:31:01","modified_gmt":"2017-07-04T05:31:01","slug":"sto-je-problem-imati-dva-pisma","status":"publish","type":"post","link":"https:\/\/www.pcnen.com\/portal\/2017\/07\/04\/sto-je-problem-imati-dva-pisma\/","title":{"rendered":"\u0160to je problem imati dva pisma?"},"content":{"rendered":"<p>Pi\u0161e: Pe\u0111a Popovi\u0107<\/p>\n<p><a href=\"http:\/\/www.pcnen.com\/portal\/wp-content\/uploads\/2017\/07\/cirilica-i-latinica.jpg\"><img loading=\"lazy\" decoding=\"async\" src=\"http:\/\/www.pcnen.com\/portal\/wp-content\/uploads\/2017\/07\/cirilica-i-latinica-300x220.jpg\" alt=\"cirilica-i-latinica\" width=\"300\" height=\"220\" class=\"alignleft size-medium wp-image-229021\" \/><\/a>Oni su podsetimo, nedavno i\u017evrljali auto lakom \u0107irili\u010dne natpise na spomeniku poslednjem ruskom caru Nikolaju II, zbog kako se posle saznalo, sve manje zastupljenosti latinice.<\/p>\n<p>Time su osim vrhunske nepristojnost, ovi nepoznati latini\u010dari predstavljaju\u0107i se kao \u201eurbana gerila\u201c ispali glupi u dru\u0161tvu i pokazali da im \u201ekompletno idiotsko\u201c pona\u0161anje nije strano.<\/p>\n<p>Tzv. urbani su zbog najave zakona o upotrebi \u0107irilice i kako navode \u201eperfidnog gu\u0161enja latinice\u201c kao upozorenje i\u0161arali preko 50 \u0107irili\u010dnih tabli i svrstali se tako me\u0111u sli\u010dne sa druge strane.<\/p>\n<p>Kako stvari stoje, poput \u0107irili\u010dara, i latini\u010dari se za promociju jednog pisma, bore destruktivnim akcijama prema drugom pismu. Kao \u0161to neretko ljubav prema Srbiji mnogi iskazuju kroz mr\u017enju i negiranje Hrvata, Albanaca, bosanskih muslimana&#8230;.<\/p>\n<p>Na\u017ealost neretko smo svedoci ovakvih i sli\u010dnih slu\u010dajeva, a cela dilema \u0107irilica ili latinica deluje deplasirano, proma\u0161eno i u krajnjem slu\u010daju nekulturno.<\/p>\n<p>Jer, za\u0161to bi birali izme\u0111u jednog pisma kada ve\u0107 mo\u017eemo i znamo da koristimo dva? Zar to nije startna prednost u odnosu na mnoge? Poput zapadnjaka koji neretko mogu samo da zavide \u0161to znamo dva pisma. Poput za njih nezamislive \u010dinjenice da su nam \u0428, \u0402, \u0426, \u041f, isto \u0161to i \u0160, \u0110, C, P&#8230;<\/p>\n<p>\u0160to mo\u017eemo da pro\u010ditamo napisano na spomeniku, uli\u010dnoj ili ve\u0107 nekoj tabli bilo da smo u Vladivostoku, Kijevu, Sankt Peterburgu, Sofiji, Madridu, Njujorku, Rio de \u017danieru, San Francisku, Pretoriji&#8230;i da se osetimo sigurnije, vi\u0161e manje kao kod ku\u0107e, jer znamo da pro\u010ditamo, a neretko i da razumemo.<\/p>\n<p>Oba pisma su na\u0161e nasle\u0111e. U oba pisma postoje slova koja su unikatna, i gotovo za oba pisma va\u017ei pravilo jedan glas &#8211; jedno slovo, \u0161to bi se u svetu pisama moglo nazvati zlatnim standardom.<\/p>\n<p>I umesto da se ponosimo znanjem i iskoristimo prednost, mi se me\u0111usobno \u201esatiremo\u201c i umesto pismenosti dolazimo na teren politike i nekulture.<\/p>\n<p>Bilo bi to kao kada bi u Beogradu birali izme\u0111u Save ili Dunava, Avale ili Kosmaja umesto da u\u017eivamo u onome \u0161to imamo&#8230; Besmisleno.<\/p>\n<p>p.s. Dodu\u0161e nismo jedini u ovoj ludosti. Ne\u0161to sli\u010dno ovda\u0161njim budala\u0161tinama mo\u017eemo videti kod kom\u0161ija iz Hrvatske koji u \u0107irilici vide nekakvu pretnju li\u010dnoj i dr\u017eavnoj bezbednosti. \u0160ta vi\u0161e, pomenuti se silno hvale svojim neznanjem \u0107irilice (da li la\u017eu?) iako \u017eive okru\u017eeni \u201e\u0107irili\u010dnim zemljama\u201c poput Srbije, Crne Gore, BiH, Makedonije. Ne znam samo da li se tako hvale nepoznavanjem npr. engleskom, nema\u010dkog ili ve\u0107 nekog drugo jezika ili pisma?<\/p>\n<p>Ali nije prvi put da Srbi i Hrvati izgledaju kao odraz u ogledalu, bilo da su u pitanju lepe stvari ili razmetanje glupostima.<\/p>\n<p><a href=\"http:\/\/www.danas.rs\/kolumnisti\/kolumnisti.1177.html?news_id=350079&#038;title=%c5%a0to+je+problem+imati+dva+pisma%3f\">Danas<\/a><\/p>\n","protected":false},"excerpt":{"rendered":"<p>Ali nije prvi put da Srbi i Hrvati izgledaju kao odraz u ogledalu, bilo da su u pitanju lepe stvari ili razmetanje glupostima.<\/p>\n","protected":false},"author":1,"featured_media":0,"comment_status":"open","ping_status":"closed","sticky":false,"template":"","format":"standard","meta":{"_seopress_robots_primary_cat":"","_seopress_titles_title":"","_seopress_titles_desc":"","_seopress_robots_index":"","_et_pb_use_builder":"","_et_pb_old_content":"","_et_gb_content_width":"","inline_featured_image":false,"footnotes":""},"categories":[5],"tags":[],"class_list":["post-229020","post","type-post","status-publish","format-standard","hentry","category-drugi-pisu"],"_links":{"self":[{"href":"https:\/\/www.pcnen.com\/portal\/wp-json\/wp\/v2\/posts\/229020","targetHints":{"allow":["GET"]}}],"collection":[{"href":"https:\/\/www.pcnen.com\/portal\/wp-json\/wp\/v2\/posts"}],"about":[{"href":"https:\/\/www.pcnen.com\/portal\/wp-json\/wp\/v2\/types\/post"}],"author":[{"embeddable":true,"href":"https:\/\/www.pcnen.com\/portal\/wp-json\/wp\/v2\/users\/1"}],"replies":[{"embeddable":true,"href":"https:\/\/www.pcnen.com\/portal\/wp-json\/wp\/v2\/comments?post=229020"}],"version-history":[{"count":0,"href":"https:\/\/www.pcnen.com\/portal\/wp-json\/wp\/v2\/posts\/229020\/revisions"}],"wp:attachment":[{"href":"https:\/\/www.pcnen.com\/portal\/wp-json\/wp\/v2\/media?parent=229020"}],"wp:term":[{"taxonomy":"category","embeddable":true,"href":"https:\/\/www.pcnen.com\/portal\/wp-json\/wp\/v2\/categories?post=229020"},{"taxonomy":"post_tag","embeddable":true,"href":"https:\/\/www.pcnen.com\/portal\/wp-json\/wp\/v2\/tags?post=229020"}],"curies":[{"name":"wp","href":"https:\/\/api.w.org\/{rel}","templated":true}]}}