{"id":228958,"date":"2017-07-03T07:22:30","date_gmt":"2017-07-03T05:22:30","guid":{"rendered":"http:\/\/www.pcnen.com\/portal\/?p=228958"},"modified":"2017-07-03T07:23:23","modified_gmt":"2017-07-03T05:23:23","slug":"zloguki-porok","status":"publish","type":"post","link":"https:\/\/www.pcnen.com\/portal\/2017\/07\/03\/zloguki-porok\/","title":{"rendered":"Zloguki porok"},"content":{"rendered":"<p>Pi\u0161e:Viktor Ivan\u010di\u0107<\/p>\n<p><a href=\"http:\/\/www.pcnen.com\/portal\/wp-content\/uploads\/2016\/01\/viktor-ivancic-e1499059335775.jpg\"><img loading=\"lazy\" decoding=\"async\" src=\"http:\/\/www.pcnen.com\/portal\/wp-content\/uploads\/2016\/01\/viktor-ivancic-300x220.jpg\" alt=\"viktor ivancic\" width=\"300\" height=\"220\" class=\"alignleft size-medium wp-image-197295\" \/><\/a>Pozor, bra\u0107o Hrvati!<\/p>\n<p>Ne igrajte se, tako vam Boga, sa sudbinom Republike Hrvatske!<\/p>\n<p>Kakva god bila, Republika Hrvatska to nije zaslu\u017eila!<\/p>\n<p>Vijest \u0161to se ovih dana raskala\u0161ila na naslovnim stranicama novina \u2013 da \u0107e sada\u0161nji Trg mar\u0161ala Tita u Zagrebu biti preimenovan u Trg Republike Hrvatske \u2013 svakog bi odgovornog rodoljuba, \u010dovjeka koji racionalno voli svoju zemlju, trebala ozbiljno zabrinuti.<\/p>\n<p>Upozoravam vas: po\u010dast koju biste tim putem iskazali Republici Hrvatskoj ujedno \u0107e biti jamstvo ograni\u010dena roka njezina trajanja.<\/p>\n<p>Urazumite se, bra\u0107o Hrvati!<\/p>\n<p>Ne dopustite da vas zavedu neodgovorni pojedinci koji \u0107e, pod firmom ljubavi prema domovini, toj istoj domovini \u2013 dok joj iskazuju simboli\u010dko priznanje \u2013 nasapunati dasku i trasirati put u sigurno odumiranje.<\/p>\n<p>Vjerujte mi, bra\u0107o Hrvati: nisam ja nikakav zloguki prorok, nego je ovo \u0161to se sprema zloguki porok.<\/p>\n<p>Za\u0161to bi Republika Hrvatska dijelila mra\u010dnu sudbinu svojih obo\u017eavanih i slavljenih pred\u0161asnika kojima je, \u010dinom upisa na listu spomeni\u010dkih veli\u010dina, potpisana smrtna presuda?<\/p>\n<p>Treba li ja da vas na to podsje\u0107am, bra\u0107o Hrvati: sve \u0161to ste dosad simboli\u010dkim putem projicirali u vje\u010dnost \u2013 oti\u0161lo je u pi\u010dku materinu!<\/p>\n<p>Sjetite se Jugoslavije, bra\u0107o Hrvati, pa bratstva &#038; jedinstva, socijalisti\u010dke revolucije, proleterskih brigada, partizanskih odreda, narodnih heroja, \u017ertava fa\u0161izma, kralja Aleksandra, svih tih zaboravljenih i prezira vrijednih nakaznosti po kojima su se zvala va\u0161a gumna i drumovi, sjetite se naposljetku samoga mar\u0161ala Tita kojeg ovih dana susti\u017ee zadnji \u010din odavno izre\u010dene kazne.<\/p>\n<p>Treba li ja da vas na to podsje\u0107am: kada Hrvati po nekome ili ne\u010demu nazovu aveniju, ulicu, trg ili aerodromsku zgradu, zapo\u010dinje muklo odbrojavanje i samo treba \u010dekati moment kada \u0107e paklena naprava neumoljivo detonirati i otpraviti dotad neupitnu svetinju u propast.<\/p>\n<p>Zar i Republiku Hrvatsku, bra\u0107o Hrvati?<\/p>\n<p>Nemojte da se desi, bra\u0107o Hrvati, da kroz dogledno vrijeme preko imena trga obnavljate uspomenu na dr\u017eavu koju ste neko\u0107 imali.<\/p>\n<p>Da ni ne spominjem zlobnike koji ve\u0107 sada, na samu najavu promjene naziva trga pred zagreba\u010dkom kazali\u0161nom zgradom, zbijaju otrovne \u0161ale, poput one da \u0107e nas trg podsje\u0107ati na zemlju koja veli\u010dinom podsje\u0107a na trg.<\/p>\n<p>Razmislite: nije li bolje da se trg zove po nekome tko je za vas zauvijek mrtav, nego po ne\u010demu \u0161to treba biti vje\u010dno, ali \u0107e mu se upravo operacijom administrativno-simboli\u010dkog veli\u010danja smrtnost osigurati?<\/p>\n<p>I Tito je trebao biti vje\u010dan, bra\u0107o Hrvati!<\/p>\n<p>Upozoravam vas: zalagati se za Trg Republike Hrvatske zna\u010di direktno raditi o glavi Republici Hrvatskoj.<\/p>\n<p>One koji su predlo\u017eili da se najljep\u0161i trg u Zagrebu nazove po Republici Hrvatskoj trebalo bi uhapsiti i sudski goniti zbog neprijateljske djelatnosti protiv Republike Hrvatske!<\/p>\n<p>Treba li ja da vas podsje\u0107am, bra\u0107o Hrvati, na sve one tekovine, vrijednosti, li\u010dnosti i dr\u017eavne tvorbe kojima ste simboli\u010dkim i spomeni\u010dkim sredstvima izra\u017eavali vje\u010dnu zahvalnost i slavu, da biste ih kasnije bez milosti vrije\u0111ali, pljuvali i gazili?<\/p>\n<p>Zar stvarno \u017eelite da tako zavr\u0161i i Republika Hrvatska?<\/p>\n<p>Zar je mogu\u0107e da ste je izgustirali za manje od tri desetlje\u0107a?<\/p>\n<p>Shvatite to ve\u0107 jednom, bra\u0107o Hrvati: put do pakla poplo\u010dan je spomen-obilje\u017ejima.<\/p>\n<p>Treba li ja da vas na to podsje\u0107am: pompozna demonstracija odanosti oduvijek je ovdje zna\u010dila po\u010detak izvr\u0161enja atentata.<\/p>\n<p>Suprotno agresivnim raspravama \u0161to se ovih dana preko svih medija vode na temu \u2018Koga to Hrvati \u017eele ili ne \u017eele veli\u010dati?\u2019, ovdje se radi o tome koga Hrvati kane likvidirati.<\/p>\n<p>Ne \u017eelim vjerovati, bra\u0107o Hrvati, da \u017eelite likvidirati Republiku Hrvatsku!<\/p>\n<p>Imate li mrvu samilosti?<\/p>\n<p>Za\u0161to, za Boga miloga, jednu dra\u017eesnu, lijepu i mladu dr\u017eavu tako rano poslati do \u0111avola?<\/p>\n<p>Treba li ja da vas podsje\u0107am na tu \u010deli\u010dnu zakonomjernost: sve \u0161to se ovdje slu\u017ebeno uzvisuje, osu\u0111eno je na nestanak; \u0161to je ve\u0107i spomenik, to \u0107e biti grandioznije njegovo ru\u0161enje.<\/p>\n<p>Nema u Hrvatskoj tako otpornog spomenika koji \u0107e pre\u017eivjeti konvertitski mentalitet svojih obo\u017eavalaca.<\/p>\n<p>Sjetite se, bra\u0107o Hrvati, koliko vas se onomad okupilo na \u017eeljezni\u010dkom kolodvoru u Zagrebu prilikom ispra\u0107aja posmrtnih ostataka mar\u0161ala Tita \u2013 dok su ovi putovali Plavim vlakom od Ljubljane prema Beogradu \u2013 koliko ste tada samo hektolitara suza prolili, koliko bolnih jecaja otpustili ka nebu, da biste za manje od desetlje\u0107a u istoj mno\u017eini i s istom neukro\u0107enom stra\u0161\u0107u vitlali glogovim kolcima koje treba zabiti u Vampirovo epohalno nedjelo.<\/p>\n<p>Zar je mogu\u0107e, bra\u0107o Hrvati, da ste ve\u0107 sada spremni na\u0161iljiti glogove kolce kojima \u0107ete u doglednoj budu\u0107nosti proburaziti Republiku Hrvatsku?<\/p>\n<p>\u0160to vam je ona, pobogu, skrivila?<\/p>\n<p>Niste li u stanju voljeti Republiku Hrvatsku tako da ne plazite pod njenom zastavom i ne kitite njenim imenom javne povr\u0161ine?<\/p>\n<p>Upozoravam vas, bra\u0107o Hrvati, da se iznova ne predajete zlogukome poroku i ne upu\u0161tate u novi predmortalni spektakl, jer ste ve\u0107 stotinama puta dokazali da je simboli\u010dko slavljenje i iskazivanje lojalnosti tek kamuflirani izraz mr\u017enje koja \u0107e eruptirati punom snagom kroz koju godinu ili koje desetlje\u0107e, svejedno, a nikad se jo\u0161 nije dogodilo da ona ostane trajno zatomljena.<\/p>\n<p>Treba li ja da vas na to podsje\u0107am: javna demonstracija ljubavi ovdje ima ulogu prijekoga suda s odgo\u0111enim izvr\u0161enjem kazne.<\/p>\n<p>Masovno obo\u017eavanje je emocionalna kulisa iza koje se kriju d\u017eelatska sjekira i konopac za vje\u0161anje.<\/p>\n<p>Koga Hrvati javno zagrle, pa ga krenu sakralizirati i za \u017eivota pretvarati u spomeni\u010dku ba\u0161tinu, sigurno je da \u0107e mu kad-tad zdrobiti kosti.<\/p>\n<p>Ne mogu se sjetiti, bra\u0107o Hrvati, ni jednoga va\u0161eg kolektivnog zaklinjanja koje se nije pokazalo pukom uvertirom u kolektivno proklinjanje.<\/p>\n<p>Da mrtva usta govore, bilo tko od onih koje danas pamtimo kao omra\u017eene hrvatske izrode, diktatore, krvoloke, ljudo\u017edere i djecoubojice mogao bi posvjedo\u010diti da je njegova agonija po\u010dela od trenutka kada su ga Hrvati izlili u bronci.<\/p>\n<p>Treba li ja da vas podsje\u0107am na taj narodni obi\u010daj: Hrvati uvijek u bronci izliju objekt nad kojim \u0107e kasnije izlijevati \u017eu\u010d.<\/p>\n<p>Veliki hrvatski kipari, poput Antuna Augustin\u010di\u0107a \u2013 koji je klesao biste i za poglavnika Paveli\u0107a i za mar\u0161ala Tita \u2013 ogor\u010deno su i ne bez gri\u017enje savjesti pred kraj \u017eivota sebe do\u017eivljavali kao vi\u0161estruke ubojice, smatraju\u0107i da su sa svakim udarcem dlijetom upu\u0107ivali tempirani metak u glavu velikana, makar je tanad putovala godinama ili decenijama.<\/p>\n<p>Razmislite, bra\u0107o Hrvati, zbog \u010dega se ovdje u relativno pravilnim etapama kompletni fundusi sakralnoga blaga pretvaraju u deponije za odlaganje povijesnoga otpada.<\/p>\n<p>Morate li ka tom deponiju uputiti i Republiku Hrvatsku?<\/p>\n<p>Morate li joj imenom trga zape\u010datiti sudbinu?<\/p>\n<p>Ne bi li barem ona mogla biti izuzetak?<\/p>\n<p>Treba li ja da vas podsje\u0107am na neumoljivost hrvatske tradicije: te\u0161ko je sjetiti se odurnosti koja u odre\u0111enom \u010dasu ovdje nije pretvorena u svetinju, a jo\u0161 te\u017ee svetinje koja po isteku roka trajanja nije progla\u0161ena odurno\u0161\u0107u.<\/p>\n<p>Urazumite se, bra\u0107o Hrvati, ako ve\u0107 znate da svoje vje\u010dne ideale, svoje besmrtne politi\u010dke vo\u0111e i svoje svevremenske dr\u017eavne tvorevine mijenjate kao zmija ko\u017eu, pa migoljite od jedne do druge historijske katastrofe, od jedne do druge satrapije, politi\u010dki se artikuliraju\u0107i samo u krajnjim modusima klicanja i pljuvanja, kle\u010danja i ga\u017eenja, ru\u0161e\u0107i bez skrupula svoje ju\u010dera\u0161nje nedodirljive idole za ra\u010dun dana\u0161njih, kao \u0161to \u0107ete dana\u0161nje za ra\u010dun sutra\u0161njih pretvoriti u ru\u0161evine, dopustite da bar poneki od tih entiteta umaknu sirovim emocijama va\u0161eg podani\u0161tva.<\/p>\n<p>Ovako, Republici Hrvatskoj u koju se kunete po\u010det \u0107e otkucavati smrtna ura, te sam \u010dak i ja \u2013 iako dr\u017eim da doti\u010dna ne vrijedi pi\u0161ljiva boba \u2013 zgro\u017een sudbinom \u0161to joj je namijenjena.<\/p>\n<p>Gdje vam je du\u0161a, bra\u0107o Hrvati?<\/p>\n<p>Ako ve\u0107 netko \u010dinom iskazivanja po\u010dasti treba biti osu\u0111en na nestajanje, a pritom postoji \u0161ansa da ta po\u0161ast po\u010dasti i prate\u0107a vi\u0161estoljetna terevenka jednom zauvijek prestanu, pitam se \u2013 za\u0161to plato ispred zagreba\u010dke kazali\u0161ne zgrade ne bi ponio naziv Trg hrvatskoga naroda?<\/p>\n<p><a href=\"http:\/\/www.portalnovosti.com\/zloguki-porok\">portalnovosti.com<\/a><\/p>\n","protected":false},"excerpt":{"rendered":"<p>Masovno obo\u017eavanje je emocionalna kulisa iza koje se kriju d\u017eelatska sjekira i konopac za vje\u0161anje.<\/p>\n","protected":false},"author":1,"featured_media":0,"comment_status":"open","ping_status":"closed","sticky":false,"template":"","format":"standard","meta":{"_seopress_robots_primary_cat":"","_seopress_titles_title":"","_seopress_titles_desc":"","_seopress_robots_index":"","_et_pb_use_builder":"","_et_pb_old_content":"","_et_gb_content_width":"","inline_featured_image":false,"footnotes":""},"categories":[5],"tags":[],"class_list":["post-228958","post","type-post","status-publish","format-standard","hentry","category-drugi-pisu"],"_links":{"self":[{"href":"https:\/\/www.pcnen.com\/portal\/wp-json\/wp\/v2\/posts\/228958","targetHints":{"allow":["GET"]}}],"collection":[{"href":"https:\/\/www.pcnen.com\/portal\/wp-json\/wp\/v2\/posts"}],"about":[{"href":"https:\/\/www.pcnen.com\/portal\/wp-json\/wp\/v2\/types\/post"}],"author":[{"embeddable":true,"href":"https:\/\/www.pcnen.com\/portal\/wp-json\/wp\/v2\/users\/1"}],"replies":[{"embeddable":true,"href":"https:\/\/www.pcnen.com\/portal\/wp-json\/wp\/v2\/comments?post=228958"}],"version-history":[{"count":0,"href":"https:\/\/www.pcnen.com\/portal\/wp-json\/wp\/v2\/posts\/228958\/revisions"}],"wp:attachment":[{"href":"https:\/\/www.pcnen.com\/portal\/wp-json\/wp\/v2\/media?parent=228958"}],"wp:term":[{"taxonomy":"category","embeddable":true,"href":"https:\/\/www.pcnen.com\/portal\/wp-json\/wp\/v2\/categories?post=228958"},{"taxonomy":"post_tag","embeddable":true,"href":"https:\/\/www.pcnen.com\/portal\/wp-json\/wp\/v2\/tags?post=228958"}],"curies":[{"name":"wp","href":"https:\/\/api.w.org\/{rel}","templated":true}]}}