{"id":228897,"date":"2017-07-02T07:07:09","date_gmt":"2017-07-02T05:07:09","guid":{"rendered":"http:\/\/www.pcnen.com\/portal\/?p=228897"},"modified":"2017-07-02T07:07:09","modified_gmt":"2017-07-02T05:07:09","slug":"ne-dam-moje-dubre","status":"publish","type":"post","link":"https:\/\/www.pcnen.com\/portal\/2017\/07\/02\/ne-dam-moje-dubre\/","title":{"rendered":"Ne dam moje \u0111ubre"},"content":{"rendered":"<p>Pi\u0161e: Svetislav Basara<\/p>\n<p><a href=\"http:\/\/www.pcnen.com\/portal\/wp-content\/uploads\/2017\/07\/basara-1.jpg\"><img loading=\"lazy\" decoding=\"async\" src=\"http:\/\/www.pcnen.com\/portal\/wp-content\/uploads\/2017\/07\/basara-1-300x220.jpg\" alt=\"basara\" width=\"300\" height=\"220\" class=\"alignleft size-medium wp-image-228899\" srcset=\"https:\/\/www.pcnen.com\/portal\/wp-content\/uploads\/2017\/07\/basara-1.jpg 300w, https:\/\/www.pcnen.com\/portal\/wp-content\/uploads\/2017\/07\/basara-1-235x172.jpg 235w, https:\/\/www.pcnen.com\/portal\/wp-content\/uploads\/2017\/07\/basara-1-75x55.jpg 75w, https:\/\/www.pcnen.com\/portal\/wp-content\/uploads\/2017\/07\/basara-1-220x161.jpg 220w, https:\/\/www.pcnen.com\/portal\/wp-content\/uploads\/2017\/07\/basara-1-90x65.jpg 90w\" sizes=\"(max-width: 300px) 100vw, 300px\" \/><\/a>Nije mi promaklo da po internetu ve\u0107 danima kru\u017ei pri\u010da o profesionalnim \u010duvarima kontejnera koji bi po ingenioznoj zamisli Pravitelstva varo\u0161i novosadske trebalo nedremano da bdiju nad bezbedno\u0161\u0107u i dobrobitijem srpskog otpada, ali sam, najiskrenije, mislio da je u pitanju neka zajebancija, pa stoga nisam zalazio u sitna \u0111ubretarska crevca.<\/p>\n<p>Kad ne lezi vra\u017ee! U petak popodne na vestima radija Beograd, to jest &#8220;na\u0161eg prava da \u010dujemo svaku glupost&#8221;, \u010duh da je samo pitanje dana kada \u0107e \u010duvari kontejnera stupiti na du\u017enost. Da sam tu vest \u010duo pre deset godina, u\u0161tinuo bih se obraz, ali me\u0111uvreme organizovanog zatupljivanja je u\u010dinilo svoje, pa sam o \u010ditavoj toj stvari prili\u010dno trezvenoumno porazmislio u skladu sa srpskim new deal-om i doktrinom &#8220;\u0111u \u010de&#8221; &#8211; pardon &#8211; &#8220;br\u017ee, ja\u010de, bolje&#8221;. I evo \u0161ta sam domislio. Sa srpskim \u0111ubretom &#8211; liderom \u0111ubradi u regionu, valjda to ne treba posebno nagla\u0161avati &#8211; vaistinu se nedoma\u0107inski poslovalo. Em ga je bacao ko je gde stizao, em ga je &#8211; kad su kontejneri mal\u010dice &#8220;za\u017eiveli&#8221; &#8211; razvla\u010dio ko je gde i kako hteo, a bilo je i neodgovornih individuuma koji su srpske kontejnere koristili kao menze i koji su &#8211; o, srama, o sebi\u010dnosti &#8211; nakon \u0161to bi se najeli, preostatke odnosili porodicama u takozvanim doggy bags-ima.<\/p>\n<p>To se tako mo\u017eda i moglo raditi u vreme nenarodne vladavine &#8220;\u017eutih lopova&#8221; (koji su, \u0161to bi reko Pink, i samo bili \u0111ubrad) ali sada, u boljoj budu\u0107nosti, pod gigantskim srpskim barjakom koji samo \u0161to nije zapandr\u010den na vrtoglavu visinu od 120 metara, to vi\u0161e tako ne\u0107e mo\u0107i. Neko je &#8211; ko li, Bo\u017ee? &#8211; rekao ora basta i time je stavljena ta\u010dka na vi\u0161edecenijsku plja\u010dku jednog od najva\u017enijih nacionalnih resursa.<\/p>\n<p>Pokazalo se, me\u0111utim da nisam dibidus otupeo! Promptno se u meni probudio uspavani buntovnik, uzavrela mi je krv, pa sam ovako odbrusio vestima Radia Beogradu, a one neka to prenesu &#8220;tamo gde treba&#8221;: uzeli ste \u0161to ste uzeli, ali ne dam vam moje \u0111ubre, koje sam, dok jo\u0161 nije bilo \u0111ubre, po\u0161teno platio i od koga o\u010dekujem da &#8211; kad sam ga ve\u0107 odbacio &#8211; poslu\u017ei na polzu svima onima kojima ne\u0161to od njega mo\u017ee zatrebati i poslu\u017eiti, a ne da bude idiotski izgovor za zapo\u0161ljavanje prore\u017eimskih parazita i tutumraka. <\/p>\n<p>Ali &#8211; pomislih potom &#8211; \u0161ta da radim sa \u0111ubretom, koga je, za\u010dudo, sve vi\u0161e \u0161to mi je na raspolaganju manje para. Da ga \u010duvam, pa da ga &#8211; kad se nakupi dovoljna koli\u010dina &#8211; turam u gepek i u inat vlastima odvozim u Rumuniju, nemam ni ra\u010duna ni \u017eivaca, a moglo bi mi se desiti da budem optu\u017een, ako ne ba\u0161 za izdaju srpskog \u0111ubreta, a ono za \u0161verc. Da kupim li\u010dni kontejner, pa da na njega stavim katanac i nalepnicu &#8220;personal garbage&#8221;, ni to ne ide, a i puno ko\u0161ta, pa sam na kraju legao na rudu i odlu\u010dio da se \u0111ubreta odreknem u korist majki naprednja\u010dke invencije i njihove \u0111ubretarske garde. Tako \u0107e bar zavr\u0161iti u pravim rukama i na pravom mestu.<\/p>\n<p><a href=\"http:\/\/www.danas.rs\/dijalog\/kolumnisti.881.html?news_id=349900&#038;title=Ne+dam+moje+%c4%91ubre\">Danas <\/a><\/p>\n","protected":false},"excerpt":{"rendered":"<p>Da kupim li\u010dni kontejner, pa da na njega stavim katanac i nalepnicu &#8220;personal garbage&#8221;<\/p>\n","protected":false},"author":1,"featured_media":228899,"comment_status":"open","ping_status":"closed","sticky":false,"template":"","format":"standard","meta":{"_seopress_robots_primary_cat":"","_seopress_titles_title":"","_seopress_titles_desc":"","_seopress_robots_index":"","_et_pb_use_builder":"","_et_pb_old_content":"","_et_gb_content_width":"","inline_featured_image":false,"footnotes":""},"categories":[5],"tags":[],"class_list":["post-228897","post","type-post","status-publish","format-standard","has-post-thumbnail","hentry","category-drugi-pisu"],"_links":{"self":[{"href":"https:\/\/www.pcnen.com\/portal\/wp-json\/wp\/v2\/posts\/228897","targetHints":{"allow":["GET"]}}],"collection":[{"href":"https:\/\/www.pcnen.com\/portal\/wp-json\/wp\/v2\/posts"}],"about":[{"href":"https:\/\/www.pcnen.com\/portal\/wp-json\/wp\/v2\/types\/post"}],"author":[{"embeddable":true,"href":"https:\/\/www.pcnen.com\/portal\/wp-json\/wp\/v2\/users\/1"}],"replies":[{"embeddable":true,"href":"https:\/\/www.pcnen.com\/portal\/wp-json\/wp\/v2\/comments?post=228897"}],"version-history":[{"count":0,"href":"https:\/\/www.pcnen.com\/portal\/wp-json\/wp\/v2\/posts\/228897\/revisions"}],"wp:featuredmedia":[{"embeddable":true,"href":"https:\/\/www.pcnen.com\/portal\/wp-json\/wp\/v2\/media\/228899"}],"wp:attachment":[{"href":"https:\/\/www.pcnen.com\/portal\/wp-json\/wp\/v2\/media?parent=228897"}],"wp:term":[{"taxonomy":"category","embeddable":true,"href":"https:\/\/www.pcnen.com\/portal\/wp-json\/wp\/v2\/categories?post=228897"},{"taxonomy":"post_tag","embeddable":true,"href":"https:\/\/www.pcnen.com\/portal\/wp-json\/wp\/v2\/tags?post=228897"}],"curies":[{"name":"wp","href":"https:\/\/api.w.org\/{rel}","templated":true}]}}