{"id":228824,"date":"2017-06-30T17:37:51","date_gmt":"2017-06-30T15:37:51","guid":{"rendered":"http:\/\/www.pcnen.com\/portal\/?p=228824"},"modified":"2017-06-30T17:44:45","modified_gmt":"2017-06-30T15:44:45","slug":"policija-upala-u-medojevicev-stan-forenzicari-u-prostorije-pzp","status":"publish","type":"post","link":"https:\/\/www.pcnen.com\/portal\/2017\/06\/30\/policija-upala-u-medojevicev-stan-forenzicari-u-prostorije-pzp\/","title":{"rendered":"Policija upala u Medojevi\u0107ev stan, forenzi\u010dari u prostorije PzP"},"content":{"rendered":"<p><a href=\"http:\/\/www.pcnen.com\/portal\/wp-content\/uploads\/2011\/12\/policija-CG.jpg\"><img loading=\"lazy\" decoding=\"async\" src=\"http:\/\/www.pcnen.com\/portal\/wp-content\/uploads\/2011\/12\/policija-CG-300x194.jpg\" alt=\"policija CG\" width=\"300\" height=\"194\" class=\"alignleft size-medium wp-image-71232\" \/><\/a>Poslanik Demokratskog fronta (DF) Slaven Radunovi\u0107 kazao je danas da je policija upala u stan poslanika DF i lidera Pokreta za promjene (PzP) Neboj\u0161e Medojevi\u0107a  i da pretresa i nosi iz stana odre\u0111ene tehni\u010dke sprave.<\/p>\n<p>&#8220;Isto se de\u0161ava sa prostorijama Pokreta za promjene. Policija \u010deka da upadne u prostorije tog konstituenta DF. Zbog ovakvog razvoja doga\u0111aja, o\u010dekujemo da policija svakog momenta upadne u prostorije Skup\u0161tine Crne Gore. Za 18 \u010dasova zakazujemo konferenciju za medije. Ukoliko je bude mogu\u0107e odr\u017eati, bi\u0107e odr\u017eana u Skup\u0161tini Crne Gore&#8221;, rekao je Radunovi\u0107.<\/p>\n<p>Prema nezvani\u010dnim saznanjima, pripadnici forenzi\u010dkog dijela jedinice policije upravo su u\u0161li u sjedi\u0161te PzP, prenosi portal Vijesti.<\/p>\n<p>Prema nekim navodima, oni rade na uzimanju materijala koji bi mogao biti kori\u0161\u0107en u sudskom procesu kao dokaz.<\/p>\n<p>Medojevi\u0107 se nalazi u prostorijama Skup\u0161tine, gdje je sa <a href=\"http:\/\/www.pcnen.com\/portal\/2017\/06\/30\/df-nocio-u-skupstini\/\">poslanicima DF proveo no\u0107.<\/a><\/p>\n<p>Poslanici vladaju\u0107e ve\u0107ine ju\u010de su izglasali <a href=\"http:\/\/www.pcnen.com\/portal\/2017\/06\/29\/medojevicu-ukinut-imunitet-df-ostaje-u-zgradi-skupstine\/\">ukidanje imuniteta Medojevi\u0107u po zahtjevu <\/a>Specijalnog tu\u017eila\u0161tva, a njegove kolege su ostale sa njim u poslani\u010dkom klubu \u201cda ga brane od hap\u0161enja\u201d. <\/p>\n","protected":false},"excerpt":{"rendered":"<p>Poslanik Demokratskog fronta (DF) Slaven Radunovi\u0107 kazao je danas da je policija upala u stan poslanika DF i lidera Pokreta za promjene (PzP) Neboj\u0161e Medojevi\u0107a i da pretresa i nosi iz stana odre\u0111ene tehni\u010dke sprave. &#8220;Isto se de\u0161ava sa prostorijama Pokreta za promjene. Policija \u010deka da upadne u prostorije tog konstituenta DF. Zbog ovakvog razvoja [&hellip;]<\/p>\n","protected":false},"author":1,"featured_media":0,"comment_status":"open","ping_status":"closed","sticky":false,"template":"","format":"standard","meta":{"_seopress_robots_primary_cat":"","_seopress_titles_title":"","_seopress_titles_desc":"","_seopress_robots_index":"","_et_pb_use_builder":"","_et_pb_old_content":"","_et_gb_content_width":"","inline_featured_image":false,"footnotes":""},"categories":[14,12],"tags":[],"class_list":["post-228824","post","type-post","status-publish","format-standard","hentry","category-vijesti","category-prica-dana"],"_links":{"self":[{"href":"https:\/\/www.pcnen.com\/portal\/wp-json\/wp\/v2\/posts\/228824","targetHints":{"allow":["GET"]}}],"collection":[{"href":"https:\/\/www.pcnen.com\/portal\/wp-json\/wp\/v2\/posts"}],"about":[{"href":"https:\/\/www.pcnen.com\/portal\/wp-json\/wp\/v2\/types\/post"}],"author":[{"embeddable":true,"href":"https:\/\/www.pcnen.com\/portal\/wp-json\/wp\/v2\/users\/1"}],"replies":[{"embeddable":true,"href":"https:\/\/www.pcnen.com\/portal\/wp-json\/wp\/v2\/comments?post=228824"}],"version-history":[{"count":0,"href":"https:\/\/www.pcnen.com\/portal\/wp-json\/wp\/v2\/posts\/228824\/revisions"}],"wp:attachment":[{"href":"https:\/\/www.pcnen.com\/portal\/wp-json\/wp\/v2\/media?parent=228824"}],"wp:term":[{"taxonomy":"category","embeddable":true,"href":"https:\/\/www.pcnen.com\/portal\/wp-json\/wp\/v2\/categories?post=228824"},{"taxonomy":"post_tag","embeddable":true,"href":"https:\/\/www.pcnen.com\/portal\/wp-json\/wp\/v2\/tags?post=228824"}],"curies":[{"name":"wp","href":"https:\/\/api.w.org\/{rel}","templated":true}]}}