{"id":228802,"date":"2017-06-30T10:21:35","date_gmt":"2017-06-30T08:21:35","guid":{"rendered":"http:\/\/www.pcnen.com\/portal\/?p=228802"},"modified":"2017-06-30T10:21:35","modified_gmt":"2017-06-30T08:21:35","slug":"df-nocio-u-skupstini","status":"publish","type":"post","link":"https:\/\/www.pcnen.com\/portal\/2017\/06\/30\/df-nocio-u-skupstini\/","title":{"rendered":"DF no\u0107io u Skup\u0161tini"},"content":{"rendered":"<p>Poslanici Demokratskog fronta proveli su no\u0107 u parlamentu i ponovili da ne\u0107e dozvoliti hap\u0161enje predsjednika Pokreta za promjene Neboj\u0161e Medojevi\u0107a.<\/p>\n<p>Iz DF-a je poru\u010deno da \u0107e ostati u Skup\u0161tini Crne Gore sve dok vrhovni dr\u017eavni tu\u017eilac ne donese obavezuju\u0107u preporuku o tome da ne\u0107e biti privo\u0111enja Medojevi\u0107a, prenosi portal in4s.<\/p>\n<p>Skup\u0161tina je sino\u0107 <a href=\"http:\/\/www.pcnen.com\/portal\/2017\/06\/29\/medojevicu-ukinut-imunitet-df-ostaje-u-zgradi-skupstine\/\">ukinula poslani\u010dki imunitet lideru<\/a> PzP-a Neboj\u0161i Medojevi\u0107u, \u010dime su na zahtjev Specijalnog dr\u017eavnog tu\u017eila\u0161tva, odobrili pokretanje krivi\u010dnog postupka i odre\u0111ivanje pritvora zbog sumnje da je prao novac.<\/p>\n","protected":false},"excerpt":{"rendered":"<p>Poslanici Demokratskog fronta proveli su no\u0107 u parlamentu i ponovili da ne\u0107e dozvoliti hap\u0161enje predsjednika Pokreta za promjene Neboj\u0161e Medojevi\u0107a. Iz DF-a je poru\u010deno da \u0107e ostati u Skup\u0161tini Crne Gore sve dok vrhovni dr\u017eavni tu\u017eilac ne donese obavezuju\u0107u preporuku o tome da ne\u0107e biti privo\u0111enja Medojevi\u0107a, prenosi portal in4s. Skup\u0161tina je sino\u0107 ukinula poslani\u010dki [&hellip;]<\/p>\n","protected":false},"author":1,"featured_media":0,"comment_status":"open","ping_status":"closed","sticky":false,"template":"","format":"standard","meta":{"_seopress_robots_primary_cat":"","_seopress_titles_title":"","_seopress_titles_desc":"","_seopress_robots_index":"","_et_pb_use_builder":"","_et_pb_old_content":"","_et_gb_content_width":"","inline_featured_image":false,"footnotes":""},"categories":[14],"tags":[],"class_list":["post-228802","post","type-post","status-publish","format-standard","hentry","category-vijesti"],"_links":{"self":[{"href":"https:\/\/www.pcnen.com\/portal\/wp-json\/wp\/v2\/posts\/228802","targetHints":{"allow":["GET"]}}],"collection":[{"href":"https:\/\/www.pcnen.com\/portal\/wp-json\/wp\/v2\/posts"}],"about":[{"href":"https:\/\/www.pcnen.com\/portal\/wp-json\/wp\/v2\/types\/post"}],"author":[{"embeddable":true,"href":"https:\/\/www.pcnen.com\/portal\/wp-json\/wp\/v2\/users\/1"}],"replies":[{"embeddable":true,"href":"https:\/\/www.pcnen.com\/portal\/wp-json\/wp\/v2\/comments?post=228802"}],"version-history":[{"count":0,"href":"https:\/\/www.pcnen.com\/portal\/wp-json\/wp\/v2\/posts\/228802\/revisions"}],"wp:attachment":[{"href":"https:\/\/www.pcnen.com\/portal\/wp-json\/wp\/v2\/media?parent=228802"}],"wp:term":[{"taxonomy":"category","embeddable":true,"href":"https:\/\/www.pcnen.com\/portal\/wp-json\/wp\/v2\/categories?post=228802"},{"taxonomy":"post_tag","embeddable":true,"href":"https:\/\/www.pcnen.com\/portal\/wp-json\/wp\/v2\/tags?post=228802"}],"curies":[{"name":"wp","href":"https:\/\/api.w.org\/{rel}","templated":true}]}}