{"id":228770,"date":"2017-06-29T21:07:33","date_gmt":"2017-06-29T19:07:33","guid":{"rendered":"http:\/\/www.pcnen.com\/portal\/?p=228770"},"modified":"2017-06-29T21:14:40","modified_gmt":"2017-06-29T19:14:40","slug":"medojevicu-ukinut-imunitet-df-ostaje-u-zgradi-skupstine","status":"publish","type":"post","link":"https:\/\/www.pcnen.com\/portal\/2017\/06\/29\/medojevicu-ukinut-imunitet-df-ostaje-u-zgradi-skupstine\/","title":{"rendered":"Medojevi\u0107u ukinut imunitet, DF ostaje u zgradi Skup\u0161tine"},"content":{"rendered":"<p>Poslanici crnogorske Skup\u0161tina su jednoglasno odlu\u010dili da se <a href=\"http:\/\/www.pcnen.com\/portal\/2017\/05\/31\/katnic-trazi-da-se-medojevicu-skine-imunitet\/\">ukine imunitet lideru Pokreta<\/a> za promjene Neboj\u0161i Medojevi\u0107u.<\/p>\n<p>Demokratski front je prije glasanja napustio skup\u0161tinsku salu.<\/p>\n<p>Lider DF Andrija Mandi\u0107 je ponovio da je Crna Gora na ivici gra\u0111anskog rata, zbog zahtjeva Specijalnog dr\u017eavnog tu\u017eioca za skidanje imuniteta Medojevi\u0107u. Mandi\u0107 je naglasio da je eventualno hap\u0161enje Neboj\u0161e Medojevi\u0107a crvena linija preko koje DF ne\u0107e pre\u0107i.<\/p>\n<p>Prethodno su poslanik Predrag Bulatovi\u0107 i lider DF Milan Kne\u017eevi\u0107 kazali da poslanici DF ostaju u Skup\u0161tini, dok Vrhovni dr\u017eavni tu\u017eilac Ivica Stankovi\u0107 ne donese mjeru kojom \u0107e suspendovati odre\u0111ivanje pritvora Medojevi\u0107u.<\/p>\n","protected":false},"excerpt":{"rendered":"<p>Poslanici crnogorske Skup\u0161tina su jednoglasno odlu\u010dili da se ukine imunitet lideru Pokreta za promjene Neboj\u0161i Medojevi\u0107u. Demokratski front je prije glasanja napustio skup\u0161tinsku salu. Lider DF Andrija Mandi\u0107 je ponovio da je Crna Gora na ivici gra\u0111anskog rata, zbog zahtjeva Specijalnog dr\u017eavnog tu\u017eioca za skidanje imuniteta Medojevi\u0107u. Mandi\u0107 je naglasio da je eventualno hap\u0161enje Neboj\u0161e [&hellip;]<\/p>\n","protected":false},"author":1,"featured_media":0,"comment_status":"open","ping_status":"closed","sticky":false,"template":"","format":"standard","meta":{"_seopress_robots_primary_cat":"","_seopress_titles_title":"","_seopress_titles_desc":"","_seopress_robots_index":"","_et_pb_use_builder":"","_et_pb_old_content":"","_et_gb_content_width":"","inline_featured_image":false,"footnotes":""},"categories":[14,12],"tags":[],"class_list":["post-228770","post","type-post","status-publish","format-standard","hentry","category-vijesti","category-prica-dana"],"_links":{"self":[{"href":"https:\/\/www.pcnen.com\/portal\/wp-json\/wp\/v2\/posts\/228770","targetHints":{"allow":["GET"]}}],"collection":[{"href":"https:\/\/www.pcnen.com\/portal\/wp-json\/wp\/v2\/posts"}],"about":[{"href":"https:\/\/www.pcnen.com\/portal\/wp-json\/wp\/v2\/types\/post"}],"author":[{"embeddable":true,"href":"https:\/\/www.pcnen.com\/portal\/wp-json\/wp\/v2\/users\/1"}],"replies":[{"embeddable":true,"href":"https:\/\/www.pcnen.com\/portal\/wp-json\/wp\/v2\/comments?post=228770"}],"version-history":[{"count":0,"href":"https:\/\/www.pcnen.com\/portal\/wp-json\/wp\/v2\/posts\/228770\/revisions"}],"wp:attachment":[{"href":"https:\/\/www.pcnen.com\/portal\/wp-json\/wp\/v2\/media?parent=228770"}],"wp:term":[{"taxonomy":"category","embeddable":true,"href":"https:\/\/www.pcnen.com\/portal\/wp-json\/wp\/v2\/categories?post=228770"},{"taxonomy":"post_tag","embeddable":true,"href":"https:\/\/www.pcnen.com\/portal\/wp-json\/wp\/v2\/tags?post=228770"}],"curies":[{"name":"wp","href":"https:\/\/api.w.org\/{rel}","templated":true}]}}