{"id":228608,"date":"2017-06-27T06:21:48","date_gmt":"2017-06-27T04:21:48","guid":{"rendered":"http:\/\/www.pcnen.com\/portal\/?p=228608"},"modified":"2017-06-27T06:26:10","modified_gmt":"2017-06-27T04:26:10","slug":"cuvarkuce-i-cuvarvlasti","status":"publish","type":"post","link":"https:\/\/www.pcnen.com\/portal\/2017\/06\/27\/cuvarkuce-i-cuvarvlasti\/","title":{"rendered":"\u010cuvarku\u0107e i \u010duvarvlasti"},"content":{"rendered":"<p><strong>Pi\u0161e: Nade\u017eda Milenkovi\u0107<\/strong><\/p>\n<p><a href=\"http:\/\/www.pcnen.com\/portal\/wp-content\/uploads\/2017\/06\/nadezda-milenkovic.jpg\"><img loading=\"lazy\" decoding=\"async\" src=\"http:\/\/www.pcnen.com\/portal\/wp-content\/uploads\/2017\/06\/nadezda-milenkovic-300x220.jpg\" alt=\"nadezda milenkovic\" width=\"300\" height=\"220\" class=\"alignleft size-medium wp-image-228609\" srcset=\"https:\/\/www.pcnen.com\/portal\/wp-content\/uploads\/2017\/06\/nadezda-milenkovic.jpg 300w, https:\/\/www.pcnen.com\/portal\/wp-content\/uploads\/2017\/06\/nadezda-milenkovic-235x172.jpg 235w, https:\/\/www.pcnen.com\/portal\/wp-content\/uploads\/2017\/06\/nadezda-milenkovic-75x55.jpg 75w, https:\/\/www.pcnen.com\/portal\/wp-content\/uploads\/2017\/06\/nadezda-milenkovic-220x161.jpg 220w, https:\/\/www.pcnen.com\/portal\/wp-content\/uploads\/2017\/06\/nadezda-milenkovic-90x65.jpg 90w\" sizes=\"(max-width: 300px) 100vw, 300px\" \/><\/a>Izgleda da ona re\u010denica, tada jo\u0161 uvek samo premijera, da u Srbiji ne mo\u017eete na\u0107i nezaposlenu osobu nije bila neistinita nego \u2013 proro\u010dka. I, za razliku od ve\u0107ine predizbornih i postizbornih obe\u0107anja, jedina koja se ispunjava br\u017ee, ja\u010de, bolje. Pod uslovom, naravno, da ra\u010dunamo samo poslove koje vam vlast obezbe\u0111uje.<\/p>\n<p>Najvi\u0161e radnih mesta se otvara za \u2013 \u010duvare. Neka radna mesta su povremena, neka privremena, neka trajna, ali sve to u zbiru daje porast zapo\u0161ljavanja. Malo po sovjetskom principu (sa po jednim \u201ezaposlenim\u201c u svakoj zgradi i u svakom hotelskom hodniku), malo po principu nacisti\u010dke Nema\u010dke, ali \u2013 rast je rast.<\/p>\n<p>U vreme izbora otvaraju se radna mesta za dnevne i no\u0107ne \u010duvare plakata i bilborda, koja, za razliku od radnih mesta lepilac i prelepljiva\u010d plakata ili odlazilac na mitinge \u2013 umeju da traju i posle izbora jer plakati i bilbordi obi\u010dno ostaju prekovremeno, da ne ka\u017eem \u2013 preko svake mere.<\/p>\n<p>Posle izbora mo\u017eete se zaposliti kao \u010duvari inauguracionih mitinga sa specijalnim zadatkom da miting o\u010duvate od onih sa kamerama i diktafonima ili \u010duvari fontane, tako\u0111e sa zadatkom da spre\u010dite ljude sa audio-vizuelnim pomagalima da pri\u0111u.<\/p>\n<p>Ako vam se posre\u0107i mo\u017eete na\u0107i i mnogo lukrativniji posao \u010duvara. \u010cuvara \u0107irilice, na primer, ili \u010duvara lika i dela vlasti po raznim medijima. Ti poslovi, mada zahtevni, ipak ne zahtevaju neko posebno znanje i pripreme, radno vreme nije odre\u0111eno (ra\u010duna se samo \u0161ta je odra\u0111eno) i mo\u017eete ih zavr\u0161avati i od ku\u0107e \u2013 preko interneta ili otvorenim pismima koja se \u010ditaju na televiziji.<\/p>\n<p>A ako ste imali privilegiju da budete u nedavno osnovanom komitetu za inauguraciju, onda biste mo\u017eda mogli i da kreirate novo radno mesto i proizvedete sebe u \u010duvara tradicije inauguracije. Pa da svakog meseca organizujete proslavu jubileja inauguracije, a slede\u0107e godine i obljetnice svakog od tih jubileja.<\/p>\n<p>A za one manje sre\u0107ne \u2013 Novi Sad otvara radno mesto: \u010duvar kontejnera. Sa radnim zadatkom: za\u0161tita kontejnera od upada. Ne, ne od upadanja \u2013 u kontejner (svako mo\u017ee da se omakne) ve\u0107 od upada \u2013 iz kontejnera. Ta\u010dnije od \u201eneovla\u0161\u0107enog\u201c va\u0111enja \u201esadr\u017eaja\u201c. A po\u0161to je va\u0111enje hrane i sekundarnih sirovina iz kontejnera naprasno postalo krivi\u010dno delo, \u010duvari \u0107e imati ovla\u0161\u0107enja (mada na to nemaju pravo) da pri\u010duvaju i \u201ehuligane\u201c, kako ih je gradska vlast nazvala, do dolaska policije.<\/p>\n<p>Ako se niste prona\u0161li ni u jednom od ponu\u0111enih radnih mesta i ako ste od svih ovih poslova ipak odabrali da budete \u010duvar mentalnog zdravlja, javnog interesa, medijske kulture, ljudskih prava\u2026 vi onda ba\u0161 umete da izaberete zanimanje. U pogre\u0161no vreme.<\/p>\n<p><a href=\"http:\/\/pescanik.net\/cuvarkuce-i-cuvarvlasti\/\">Pe\u0161\u010danik<\/a><\/p>\n","protected":false},"excerpt":{"rendered":"<p>Ako vam se posre\u0107i mo\u017eete na\u0107i posao \u010duvara \u0107irilice, na primer, ili \u010duvara lika i dela vlasti po raznim medijima.<\/p>\n","protected":false},"author":1,"featured_media":228609,"comment_status":"open","ping_status":"closed","sticky":false,"template":"","format":"standard","meta":{"_seopress_robots_primary_cat":"","_seopress_titles_title":"","_seopress_titles_desc":"","_seopress_robots_index":"","_et_pb_use_builder":"","_et_pb_old_content":"","_et_gb_content_width":"","inline_featured_image":false,"footnotes":""},"categories":[5],"tags":[],"class_list":["post-228608","post","type-post","status-publish","format-standard","has-post-thumbnail","hentry","category-drugi-pisu"],"_links":{"self":[{"href":"https:\/\/www.pcnen.com\/portal\/wp-json\/wp\/v2\/posts\/228608","targetHints":{"allow":["GET"]}}],"collection":[{"href":"https:\/\/www.pcnen.com\/portal\/wp-json\/wp\/v2\/posts"}],"about":[{"href":"https:\/\/www.pcnen.com\/portal\/wp-json\/wp\/v2\/types\/post"}],"author":[{"embeddable":true,"href":"https:\/\/www.pcnen.com\/portal\/wp-json\/wp\/v2\/users\/1"}],"replies":[{"embeddable":true,"href":"https:\/\/www.pcnen.com\/portal\/wp-json\/wp\/v2\/comments?post=228608"}],"version-history":[{"count":0,"href":"https:\/\/www.pcnen.com\/portal\/wp-json\/wp\/v2\/posts\/228608\/revisions"}],"wp:featuredmedia":[{"embeddable":true,"href":"https:\/\/www.pcnen.com\/portal\/wp-json\/wp\/v2\/media\/228609"}],"wp:attachment":[{"href":"https:\/\/www.pcnen.com\/portal\/wp-json\/wp\/v2\/media?parent=228608"}],"wp:term":[{"taxonomy":"category","embeddable":true,"href":"https:\/\/www.pcnen.com\/portal\/wp-json\/wp\/v2\/categories?post=228608"},{"taxonomy":"post_tag","embeddable":true,"href":"https:\/\/www.pcnen.com\/portal\/wp-json\/wp\/v2\/tags?post=228608"}],"curies":[{"name":"wp","href":"https:\/\/api.w.org\/{rel}","templated":true}]}}