{"id":228561,"date":"2017-06-26T09:43:41","date_gmt":"2017-06-26T07:43:41","guid":{"rendered":"http:\/\/www.pcnen.com\/portal\/?p=228561"},"modified":"2017-06-26T09:44:39","modified_gmt":"2017-06-26T07:44:39","slug":"sunce-pozitivno-utice-na-mentalno-zdravlje","status":"publish","type":"post","link":"https:\/\/www.pcnen.com\/portal\/2017\/06\/26\/sunce-pozitivno-utice-na-mentalno-zdravlje\/","title":{"rendered":"Sunce pozitivno uti\u010de na mentalno zdravlje"},"content":{"rendered":"<p><a href=\"http:\/\/www.pcnen.com\/portal\/wp-content\/uploads\/2012\/07\/malo-sunce.jpg\"><img loading=\"lazy\" decoding=\"async\" src=\"http:\/\/www.pcnen.com\/portal\/wp-content\/uploads\/2012\/07\/malo-sunce.jpg\" alt=\"malo sunce\" width=\"250\" height=\"150\" class=\"alignleft size-full wp-image-88818\" \/><\/a>Da li ste se ikada pitali kako sunce uti\u010de na va\u0161e raspolo\u017eenje? Istra\u017eiva\u010di sa ameri\u010dkog Univerziteta Brigam \u0408ang, u \u0408uti, ispitivali su kao sunce tokom dana, od izlaska do zalaska, uti\u010de na na\u0161e pona\u0161anje.<\/p>\n<p>Rezultati su pokazali da du\u017eina sun\u010danog vremenskog intervala tokom dana generalno uti\u010de na mentalno zdravlje ljudi, \u010dak i vi\u0161e nego drugi faktori kao \u0161to su temperatura, zaga\u0111enje ili ki\u0161a.<\/p>\n<p>Tim univerzitetskih stru\u010dnjaka je otkrio da su ljudi manje sre\u0107ni kada su dani kra\u0107i i ima manje sunca. Sa druge strane, ljudi su mnogo raspolo\u017eeniji kada su dani du\u017ei.<\/p>\n<p>Da bi upotpunuli rezultate istra\u017eivanja, nau\u010dnici su analizirali metereolo\u0161ke podataka sa univezitetske metereolo\u0161ke stanice kao i podatke o zaga\u0111enju vazduha.<\/p>\n<p>&#8220;Tokom ki\u0161nog ili dana kada je zaga\u0111enost pove\u0107ana ljudi pretpostavljaju da bi mogli da imaju vi\u0161e neprijatnosti. Mi to, me\u0111utim, nismo uo\u010dili. Posmatrali smo zra\u010dnje Sunca, ili koli\u010dinu sun\u010devih zraka koji padaju na zemlju. Uzimali smo u obzir oblake, ki\u0161u, zaga\u0111enje&#8230; Na kraju smo zaklju\u010dili, da na ljude najvi\u0161e uti\u010de du\u017eina sun\u010danog perioda izme\u0111u izlaska i zalaska sunca&#8221;, saop\u0161tio je autror studije Mark Bi\u010der.<\/p>\n<p>B92<\/p>\n","protected":false},"excerpt":{"rendered":"<p>Da li ste se ikada pitali kako sunce uti\u010de na va\u0161e raspolo\u017eenje? Istra\u017eiva\u010di sa ameri\u010dkog Univerziteta Brigam \u0408ang, u \u0408uti, ispitivali su kao sunce tokom dana, od izlaska do zalaska, uti\u010de na na\u0161e pona\u0161anje. Rezultati su pokazali da du\u017eina sun\u010danog vremenskog intervala tokom dana generalno uti\u010de na mentalno zdravlje ljudi, \u010dak i vi\u0161e nego drugi [&hellip;]<\/p>\n","protected":false},"author":1,"featured_media":0,"comment_status":"open","ping_status":"closed","sticky":false,"template":"","format":"standard","meta":{"_seopress_robots_primary_cat":"","_seopress_titles_title":"","_seopress_titles_desc":"","_seopress_robots_index":"","_et_pb_use_builder":"","_et_pb_old_content":"","_et_gb_content_width":"","inline_featured_image":false,"footnotes":""},"categories":[8],"tags":[],"class_list":["post-228561","post","type-post","status-publish","format-standard","hentry","category-svastara"],"_links":{"self":[{"href":"https:\/\/www.pcnen.com\/portal\/wp-json\/wp\/v2\/posts\/228561","targetHints":{"allow":["GET"]}}],"collection":[{"href":"https:\/\/www.pcnen.com\/portal\/wp-json\/wp\/v2\/posts"}],"about":[{"href":"https:\/\/www.pcnen.com\/portal\/wp-json\/wp\/v2\/types\/post"}],"author":[{"embeddable":true,"href":"https:\/\/www.pcnen.com\/portal\/wp-json\/wp\/v2\/users\/1"}],"replies":[{"embeddable":true,"href":"https:\/\/www.pcnen.com\/portal\/wp-json\/wp\/v2\/comments?post=228561"}],"version-history":[{"count":0,"href":"https:\/\/www.pcnen.com\/portal\/wp-json\/wp\/v2\/posts\/228561\/revisions"}],"wp:attachment":[{"href":"https:\/\/www.pcnen.com\/portal\/wp-json\/wp\/v2\/media?parent=228561"}],"wp:term":[{"taxonomy":"category","embeddable":true,"href":"https:\/\/www.pcnen.com\/portal\/wp-json\/wp\/v2\/categories?post=228561"},{"taxonomy":"post_tag","embeddable":true,"href":"https:\/\/www.pcnen.com\/portal\/wp-json\/wp\/v2\/tags?post=228561"}],"curies":[{"name":"wp","href":"https:\/\/api.w.org\/{rel}","templated":true}]}}