{"id":228556,"date":"2017-06-26T06:58:26","date_gmt":"2017-06-26T04:58:26","guid":{"rendered":"http:\/\/www.pcnen.com\/portal\/?p=228556"},"modified":"2017-06-26T07:01:02","modified_gmt":"2017-06-26T05:01:02","slug":"orkestar-za-svadbe-i-titove-sahrane","status":"publish","type":"post","link":"https:\/\/www.pcnen.com\/portal\/2017\/06\/26\/orkestar-za-svadbe-i-titove-sahrane\/","title":{"rendered":"Orkestar za svadbe i Titove sahrane"},"content":{"rendered":"<p><a href=\"http:\/\/www.pcnen.com\/portal\/wp-content\/uploads\/2017\/06\/drazen-petrovic.jpg\"><img loading=\"lazy\" decoding=\"async\" src=\"http:\/\/www.pcnen.com\/portal\/wp-content\/uploads\/2017\/06\/drazen-petrovic-300x220.jpg\" alt=\"Print\" width=\"300\" height=\"220\" class=\"alignleft size-medium wp-image-228557\" \/><\/a>Autor:Dra\u017ea Petrovi\u0107<\/p>\n<p>Ovo je jedna od najboljih Titovih sahrana na kojima sam u \u017eivotu bio. A bio sam zaista na mnogo Titovih sahrana, me\u0111utim ovu bih posebno izdvojio jer je ovo prva Titova sahrana na kojoj u centru pa\u017enje nije bio Tito, nego predsednik Vu\u010di\u0107 \u2013 izjavi\u0107e ve\u010deras ushi\u0107eno za TV Pink Neboj\u0161a Stefanovi\u0107.<\/p>\n<p>I to u trenutku kad je kona\u010dno shvatio da je prisustvovao neverovatnom istorijskom doga\u0111aju \u2013 najboljoj Titovoj sahrani u novijoj istoriji Srbije.<\/p>\n<p>Potom \u0107e se u kadru pojaviti predsednik Vu\u010di\u0107.<\/p>\n<p>-Ka\u017eite nam, kako ste zadovoljni posle ove veli\u010danstvene Titove sahrane, koja je, reklo bi se na prvi pogled, nadma\u0161ila sve dosada\u0161nje Titove sahrane, naro\u010dito onu prvu? &#8211; pita\u0107e novinarka Pinka.<\/p>\n<p>-\u010cujte, potpuno ste u pravu. Moja Titova sahrana je, kao \u0161to ste i sami videli, bila daleko bolja od Titove Titove sahrane. Em sam izgradio vi\u0161e auto-puteva od Tita, em sam najpravio mnogo bolju Titovu sahranu od Tita \u2013 kaza\u0107e ponosno predsednik Vu\u010di\u0107.<\/p>\n<p>-Kako to mislite? &#8211; podi\u0107i \u0107e novinarka Pinka zna\u010dajno desnu obrvu, koju uvek tako podigne kada treba da postavi neko levo pitanje.<\/p>\n<p>-Pa lepo! Sigurno ste primetili da Tito posle Titove sahrane takore\u0107i nije vi\u0161e bio predsednik, a ja tek po\u010dinjem! I za pet godina kada pobedim opet \u0107emo organizovati neku Titovu sahranu, jer Titovih sahrana nikad dosta &#8211; objasni\u0107e predsednik Vu\u010di\u0107 male tajne dobre Titove sahrane.<\/p>\n<p>Otkad je predsednik posle du\u017eeg razmi\u0161ljanja do\u0161ao na ideju da njegova sve\u010dana inauguracija treba da bude verna kopija Titove sahrane, u Srpskoj naprednoj stranci oformljeno je radno telo pod imenom &#8211; Orkestar za svadbe i Titove sahrane \u2013 \u010diji je zadatak bio da koordinira sve aktivnosti oko ovog veli\u010danstvenog doga\u0111aja.<\/p>\n<p>-A za\u0161to za svadbe? Zar ne bi bilo bolje da se zovemo samo Orkestar za Titove sahrane? &#8211; pitao je Zoran Babi\u0107, generalni sekretar radnog tela za organizaciju najbolje Titove sahrane u novijoj istoriji Srbije.<\/p>\n<p>-Vidi\u0161, Babi\u0107u, to je zato \u0161to ova Titova sahrana atmosferom treba da podse\u0107a na svadbu, osobito na svadbarski kupus, jer politika na\u0161e stranke i jeste neka vrsta svadbarskog kupusa. \u0160to se vi\u0161e kr\u010dkamo sve smo bolji! &#8211; razjasnio mu je Neboj\u0161a Stefanovi\u0107 koncepciju sve\u010danog \u010dina, svadbarskog kupusa i Srpske napredne stranke.<\/p>\n<p>I stvarno, ve\u0107 na ulazu u Palatu \u201cSrbija\u201d, koja se nekada zvala SIV, pa su svi koji su dobili pozivnici stekli titulu \u201cSIV pozitivan\u201d, Zoran Babi\u0107 je primetio da ova Titova sahrana mnogo vi\u0161e li\u010di na svadbu.<\/p>\n<p>-Vi mora da ste sa mladine strane? \u2013 poku\u0161ao je Babi\u0107 da stupi u laku konverzaciju sa prvim na koga je nai\u0161ao, jer su ga jo\u0161 odavno nau\u010dili da se na svadbama tako najlak\u0161e uspostavlja kontakt sa neznancima.<\/p>\n<p>-Aman, \u010dove\u010de, kakva mladina strana! Moje ime je Brajan Hojt Ji! &#8211; rekao je neki Brajan Hojt Ji i besno uzvratio pitanjem: \u201cA s \u010dije ste vi strane?\u201d<\/p>\n<p>-Ja sam s Titove strane. Takore\u0107i s mlado\u017eenjine! &#8211; promucao je Babi\u0107.<\/p>\n<p>Dragan J. Vu\u010di\u0107evi\u0107 je sa buketom ru\u017ea stajao u dugom redu zvanica i zurio u neku plavu\u0161u za koju bi se opkladio da je ve\u0107 negde video.<\/p>\n<p>-\u0160to mi je ova riba odnekud poznata! &#8211; prebirao je po svom bogatom se\u0107anju.<\/p>\n<p>-Izvini, sestro, da vi niste glumica? &#8211; pitao je onda Vu\u010di\u0107evi\u0107, protokolarno.<\/p>\n<p>-Nisam. Pome\u0161ali ste me s nekim \u2013 odgovorila mu je diskretno Kolinda Grabar Kitarovi\u0107, mada je Vu\u010di\u0107evi\u0107 i dalje bio ube\u0111en da je odgledao sve filmove sa tom glumicom, a scene iz jednog filma \u010dak stavio na naslovnu stranu pod originalnim naslovom: \u201cLjudi, je li ovo hrvatska predsednica!?\u201d<\/p>\n<p>-Ma ona je garantovano! &#8211; procedio je sebi u brk.<\/p>\n<p>Dodu\u0161e i Kolinda Grabar Kitarovi\u0107 je imala utisak da je tog neznanca ve\u0107 negde videla. U holovima zgrade Palate Srbija bilo je izlo\u017eeno 18 bista rimskih imperatora ro\u0111enih na tlu Srbije i replika skulpture Adama iz Lepenskog vira, pa je ona posle kra\u0107eg unakrsnog upore\u0111ivanja replike skulpture Adama iz Lepenskog vira i Dragana J. Vu\u010di\u0107evi\u0107a uvidela neverovatnu sli\u010dnost.<\/p>\n<p>-Divno ste ispali na ovom originalnom umetni\u010dkom delu \u2013 rekla je Kolinda Grabar Kitarovi\u0107, ube\u0111ena da je replika skulpture Adama iz Lepenskog u stvari bista Dragan J. Vu\u010di\u0107evi\u0107a u prirodnoj veli\u010dini.<\/p>\n<p>Kako bi manifestacija opravdala po\u010detnu ideju \u2013 da bude najve\u0107i skup svetskih dr\u017eavnika jo\u0161 od kada je predsednik Tito oti\u0161ao u ve\u010dna lovi\u0161ta \u2013 Vladanka Malovi\u0107 iz Informativne slu\u017ebe SNS imala je zadatak da popi\u0161e sve svetske dr\u017eavnike koje uo\u010di golim okom.<\/p>\n<p>Objasnili su joj da \u0107e svetske dr\u017eavnike najlak\u0161e prepoznati po crnom odelu i leptir ma\u0161ni.<\/p>\n<p>-Kad god vidi\u0161 nekog takvog, ti lupi recku u svesku \u2013 objasnio joj je Neboj\u0161a Stefanovi\u0107 najbolji metod utvr\u0111ivanja prisusutva svetskih dr\u017eavnika na malom prostoru.<\/p>\n<p>Tako da je njen kona\u010dni spisak pokazao kako je na replici Titove sahrane bilo 550 svetskih dr\u017eavnika vi\u0161e nego na originalnoj.<\/p>\n<p>Istina, i Vladanki je bilo sumnjivo \u0161to je bar 690 svetskih dr\u017eavnika koje je popisala u svesku nosilo poslu\u017eavnike sa pi\u0107em, \u0107evap\u010di\u0107ima i pr\u0161utom.<\/p>\n<p>-Vladanka, zna\u010di, ove u crnom odelu sa leptir ma\u0161nom koji nose poslu\u017eavnike ne mora\u0161 da popisuje\u0161, to su kelneri&#8230; Popisuj samo ove bez poslu\u017eavnika&#8230; \u2013 intervenisali su iz Ministarstva inostranih poslova kada su uo\u010dili da postoji nesklad izme\u0111u ukupnog broja dr\u017eava na svetu i njenog spiska prisutnih svetskih dr\u017eavnika na originalnoj replici Titove sahrane.<\/p>\n<p>Kada je pukovnik Moamer el Gadafi demonstrativno napustio Samit nesvrstanih u Beogradu 1989. godine, sa govornice je rekao: \u201cZbogom sme\u0161ni skupe! Nikada u \u017eivotu nisam \u010duo ve\u0107u koli\u010dinu gluposti, niti video takvu koncentraciju frustriranih idiota\u201d.<\/p>\n<p>Zato, izgleda, od svetskih dr\u017eavnika jedino pokojni Gadafi u petak nije pozvan da do\u0111e u Beograd, na skup koji bi se mogao nazvati: \u201cDo\u017eivi u\u017eivo do\u017eivotnog predsednika\u201d, po\u0161to je prethodni sli\u010dan, ali dosta ble\u0111i skup imao radni naslov: \u201cAko niste u\u017eivo do\u017eiveli do\u017eivotnog predsednika, sad vam je kasno\u201d.<\/p>\n<p>Dodu\u0161e, negde pri kraju sveske Vladanke Malovi\u0107, pisalo je sitnim slovima: \u201cMislim da sam videla i Gadafija! Ma on je sigurno!\u201d<br \/>\n<a href=\"http:\/\/rs.n1info.com\/a277987\/Kolumne\/Draza-Petrovic\/Orkestar-za-svadbe-i-Titove-sahrane.html\">n1info.com<\/a><\/p>\n","protected":false},"excerpt":{"rendered":"<p>Bio sam zaista na mnogo Titovih sahrana, me\u0111utim ovu bih posebno izdvojio jer je ovo prva Titova sahrana na kojoj u centru pa\u017enje nije bio Tito, nego predsednik Vu\u010di\u0107<\/p>\n","protected":false},"author":1,"featured_media":0,"comment_status":"open","ping_status":"closed","sticky":false,"template":"","format":"standard","meta":{"_seopress_robots_primary_cat":"","_seopress_titles_title":"","_seopress_titles_desc":"","_seopress_robots_index":"","_et_pb_use_builder":"","_et_pb_old_content":"","_et_gb_content_width":"","inline_featured_image":false,"footnotes":""},"categories":[5],"tags":[],"class_list":["post-228556","post","type-post","status-publish","format-standard","hentry","category-drugi-pisu"],"_links":{"self":[{"href":"https:\/\/www.pcnen.com\/portal\/wp-json\/wp\/v2\/posts\/228556","targetHints":{"allow":["GET"]}}],"collection":[{"href":"https:\/\/www.pcnen.com\/portal\/wp-json\/wp\/v2\/posts"}],"about":[{"href":"https:\/\/www.pcnen.com\/portal\/wp-json\/wp\/v2\/types\/post"}],"author":[{"embeddable":true,"href":"https:\/\/www.pcnen.com\/portal\/wp-json\/wp\/v2\/users\/1"}],"replies":[{"embeddable":true,"href":"https:\/\/www.pcnen.com\/portal\/wp-json\/wp\/v2\/comments?post=228556"}],"version-history":[{"count":0,"href":"https:\/\/www.pcnen.com\/portal\/wp-json\/wp\/v2\/posts\/228556\/revisions"}],"wp:attachment":[{"href":"https:\/\/www.pcnen.com\/portal\/wp-json\/wp\/v2\/media?parent=228556"}],"wp:term":[{"taxonomy":"category","embeddable":true,"href":"https:\/\/www.pcnen.com\/portal\/wp-json\/wp\/v2\/categories?post=228556"},{"taxonomy":"post_tag","embeddable":true,"href":"https:\/\/www.pcnen.com\/portal\/wp-json\/wp\/v2\/tags?post=228556"}],"curies":[{"name":"wp","href":"https:\/\/api.w.org\/{rel}","templated":true}]}}