{"id":228469,"date":"2017-06-24T06:43:30","date_gmt":"2017-06-24T04:43:30","guid":{"rendered":"http:\/\/www.pcnen.com\/portal\/?p=228469"},"modified":"2017-06-24T06:44:32","modified_gmt":"2017-06-24T04:44:32","slug":"kako-je-nedjelja-dobila-sedam-dana","status":"publish","type":"post","link":"https:\/\/www.pcnen.com\/portal\/2017\/06\/24\/kako-je-nedjelja-dobila-sedam-dana\/","title":{"rendered":"Kako je nedjelja dobila sedam dana"},"content":{"rendered":"<p><a href=\"http:\/\/www.pcnen.com\/portal\/wp-content\/uploads\/2017\/06\/sedmica.jpg\"><img loading=\"lazy\" decoding=\"async\" src=\"http:\/\/www.pcnen.com\/portal\/wp-content\/uploads\/2017\/06\/sedmica-300x208.jpg\" alt=\"sedmica\" width=\"300\" height=\"208\" class=\"alignleft size-medium wp-image-228470\" \/><\/a>Najstarije civilizacije koje su imale sedam dana u nedjelji bile su vavilonska i stara jevrejska.<\/p>\n<p>Vavilonci su obilje\u017eavali vrijeme uz pomo\u0107 lunarnih mjeseci, pa se vjeruje da su iz tog razloga usvojili sedam dana, iako su dokazi za to oskudni. Svaki lunarni mjesec sastoji se od nekoliko razli\u010ditih ciklusa \u2013 oko prvog dana pojavljuju se obrisi polumjeseca, a oko sedmog dana mo\u017ee se vidjeti polumjesec i tako redom \u2013 jasan je obrazac sedmodnevnog ciklusa.<\/p>\n<p>Mjese\u010deve mene se, me\u0111utim, ne odvijaju uvek po ta\u010dno utvr\u0111enom rasporedu. U \u0161estom vijeku prije nove ere, Vavilonci su zato uklapali i uskla\u0111ivali sedmice sa menama. Tako bi tri uzastopne sedmice imale sedam dana, a potom bi \u010detvrta nedjelja mogla da traje osam ili devet dana.<\/p>\n<p>Sedmi dan, kod Vavilonaca, bio je sveti dan, sli\u010dno kao kod Jevreja; Vavilonci su vjerovali da je on nesre\u0107an, kao i Jevreji, samo iz razli\u010ditih razloga. Zato su uvedene odre\u0111ene restrikcije, kako bi se izbjegla nesre\u0107a. Posljednja nedjelja u mjesecu jeste dan kada se odmara i moli.<\/p>\n<p>  Prema deisti\u010dkoj koncepciji, Jevreji su, tako\u0111e, imali sveti sedmi dan \u2013 Sabat. Sama rije\u010d poti\u010de od jevrejske rije\u010di koja zna\u010di \u201cdan odmora.\u201d Za razliku od Vavilonaca, Jevreji vjeruju da je sedam dana u nedjelji pravilo koje je poteklo od Boga.<\/p>\n<p>Rimljani, s druge strane, u periodu Republike nisu koristili sedmodnevnu koncepciju, ve\u0107 osmodnevnu. Osmi dan bio je dan za kupovinu i slu\u017eio je uglavnom da se ljudi snabdeju namirnicama za narednu nedjelju. Me\u0111utim, u vijeku koji je slijedio uvo\u0111enju julijanskog kalendara, osmi dan je po\u010deo da nestaje.<\/p>\n<p>Ta promjena nije bila brza niti iznenadna, ve\u0107 su izvesno vrijeme neki Rimljani imali sedmodnevnu, a neki osmodnevnu nedjelju. Konstantin je na dalje nedoumice o tome koliko nedjelja traje stavio ta\u010dku \u2013 odredio je 321. godine da \u0107e nju \u010diniti sedam dana.<\/p>\n<p>info-ks.net<\/p>\n","protected":false},"excerpt":{"rendered":"<p>Najstarije civilizacije koje su imale sedam dana u nedjelji bile su vavilonska i stara jevrejska. Vavilonci su obilje\u017eavali vrijeme uz pomo\u0107 lunarnih mjeseci, pa se vjeruje da su iz tog razloga usvojili sedam dana, iako su dokazi za to oskudni. Svaki lunarni mjesec sastoji se od nekoliko razli\u010ditih ciklusa \u2013 oko prvog dana pojavljuju se [&hellip;]<\/p>\n","protected":false},"author":1,"featured_media":0,"comment_status":"open","ping_status":"closed","sticky":false,"template":"","format":"standard","meta":{"_seopress_robots_primary_cat":"","_seopress_titles_title":"","_seopress_titles_desc":"","_seopress_robots_index":"","_et_pb_use_builder":"","_et_pb_old_content":"","_et_gb_content_width":"","inline_featured_image":false,"footnotes":""},"categories":[8],"tags":[],"class_list":["post-228469","post","type-post","status-publish","format-standard","hentry","category-svastara"],"_links":{"self":[{"href":"https:\/\/www.pcnen.com\/portal\/wp-json\/wp\/v2\/posts\/228469","targetHints":{"allow":["GET"]}}],"collection":[{"href":"https:\/\/www.pcnen.com\/portal\/wp-json\/wp\/v2\/posts"}],"about":[{"href":"https:\/\/www.pcnen.com\/portal\/wp-json\/wp\/v2\/types\/post"}],"author":[{"embeddable":true,"href":"https:\/\/www.pcnen.com\/portal\/wp-json\/wp\/v2\/users\/1"}],"replies":[{"embeddable":true,"href":"https:\/\/www.pcnen.com\/portal\/wp-json\/wp\/v2\/comments?post=228469"}],"version-history":[{"count":0,"href":"https:\/\/www.pcnen.com\/portal\/wp-json\/wp\/v2\/posts\/228469\/revisions"}],"wp:attachment":[{"href":"https:\/\/www.pcnen.com\/portal\/wp-json\/wp\/v2\/media?parent=228469"}],"wp:term":[{"taxonomy":"category","embeddable":true,"href":"https:\/\/www.pcnen.com\/portal\/wp-json\/wp\/v2\/categories?post=228469"},{"taxonomy":"post_tag","embeddable":true,"href":"https:\/\/www.pcnen.com\/portal\/wp-json\/wp\/v2\/tags?post=228469"}],"curies":[{"name":"wp","href":"https:\/\/api.w.org\/{rel}","templated":true}]}}