{"id":228315,"date":"2017-06-21T14:54:01","date_gmt":"2017-06-21T12:54:01","guid":{"rendered":"http:\/\/www.pcnen.com\/portal\/?p=228315"},"modified":"2017-06-21T14:54:01","modified_gmt":"2017-06-21T12:54:01","slug":"vladan-micunovic-direktor-tvcg","status":"publish","type":"post","link":"https:\/\/www.pcnen.com\/portal\/2017\/06\/21\/vladan-micunovic-direktor-tvcg\/","title":{"rendered":"Vladan Mi\u0107unovi\u0107 direktor TVCG"},"content":{"rendered":"<p><a href=\"http:\/\/www.pcnen.com\/portal\/wp-content\/uploads\/2017\/06\/vladan-micunovic.jpg\"><img loading=\"lazy\" decoding=\"async\" src=\"http:\/\/www.pcnen.com\/portal\/wp-content\/uploads\/2017\/06\/vladan-micunovic-300x219.jpg\" alt=\"vladan micunovic\" width=\"300\" height=\"219\" class=\"alignleft size-medium wp-image-228316\" \/><\/a>Dugogodi\u0161nji novinar Vladan Mi\u0107unovi\u0107 novi je direktor Televizije Crne Gore, odlu\u010dila je generalna direktorica Andrijana Kadija, nakon razgovora sa tri prijavljena kandidata, prenosi RTCG.<\/p>\n<p>Mi\u0107unovi\u0107 je bio novinar Radija Crne Gore, Dnevnog lista Pobjeda, Televizije Crne Gore, dnevnog lista i Televizije Vijesti.<\/p>\n<p>Radio je i u Institutu za medije Crne Gore. <\/p>\n<p>Za direktora TVCG, pored Mi\u0107unovi\u0107a, konkurisali su Dubravka Perovi\u0107 i Brano Nikezi\u0107.<\/p>\n","protected":false},"excerpt":{"rendered":"<p>Dugogodi\u0161nji novinar Vladan Mi\u0107unovi\u0107 novi je direktor Televizije Crne Gore, odlu\u010dila je generalna direktorica Andrijana Kadija, nakon razgovora sa tri prijavljena kandidata, prenosi RTCG. Mi\u0107unovi\u0107 je bio novinar Radija Crne Gore, Dnevnog lista Pobjeda, Televizije Crne Gore, dnevnog lista i Televizije Vijesti. Radio je i u Institutu za medije Crne Gore. Za direktora TVCG, pored [&hellip;]<\/p>\n","protected":false},"author":1,"featured_media":0,"comment_status":"open","ping_status":"closed","sticky":false,"template":"","format":"standard","meta":{"_seopress_robots_primary_cat":"","_seopress_titles_title":"","_seopress_titles_desc":"","_seopress_robots_index":"","_et_pb_use_builder":"","_et_pb_old_content":"","_et_gb_content_width":"","inline_featured_image":false,"footnotes":""},"categories":[14],"tags":[],"class_list":["post-228315","post","type-post","status-publish","format-standard","hentry","category-vijesti"],"_links":{"self":[{"href":"https:\/\/www.pcnen.com\/portal\/wp-json\/wp\/v2\/posts\/228315","targetHints":{"allow":["GET"]}}],"collection":[{"href":"https:\/\/www.pcnen.com\/portal\/wp-json\/wp\/v2\/posts"}],"about":[{"href":"https:\/\/www.pcnen.com\/portal\/wp-json\/wp\/v2\/types\/post"}],"author":[{"embeddable":true,"href":"https:\/\/www.pcnen.com\/portal\/wp-json\/wp\/v2\/users\/1"}],"replies":[{"embeddable":true,"href":"https:\/\/www.pcnen.com\/portal\/wp-json\/wp\/v2\/comments?post=228315"}],"version-history":[{"count":0,"href":"https:\/\/www.pcnen.com\/portal\/wp-json\/wp\/v2\/posts\/228315\/revisions"}],"wp:attachment":[{"href":"https:\/\/www.pcnen.com\/portal\/wp-json\/wp\/v2\/media?parent=228315"}],"wp:term":[{"taxonomy":"category","embeddable":true,"href":"https:\/\/www.pcnen.com\/portal\/wp-json\/wp\/v2\/categories?post=228315"},{"taxonomy":"post_tag","embeddable":true,"href":"https:\/\/www.pcnen.com\/portal\/wp-json\/wp\/v2\/tags?post=228315"}],"curies":[{"name":"wp","href":"https:\/\/api.w.org\/{rel}","templated":true}]}}