{"id":228191,"date":"2017-06-19T09:31:03","date_gmt":"2017-06-19T07:31:03","guid":{"rendered":"http:\/\/www.pcnen.com\/portal\/?p=228191"},"modified":"2017-06-19T09:33:07","modified_gmt":"2017-06-19T07:33:07","slug":"don-brankovi-dani-muzike-od-13-jula-do-13-avgusta","status":"publish","type":"post","link":"https:\/\/www.pcnen.com\/portal\/2017\/06\/19\/don-brankovi-dani-muzike-od-13-jula-do-13-avgusta\/","title":{"rendered":"Don Brankovi dani muzike od 13. jula do 13. avgusta"},"content":{"rendered":"<p><a href=\"http:\/\/www.pcnen.com\/portal\/wp-content\/uploads\/2017\/06\/Don-Brankovi-dani-muzike.jpg\"><img loading=\"lazy\" decoding=\"async\" src=\"http:\/\/www.pcnen.com\/portal\/wp-content\/uploads\/2017\/06\/Don-Brankovi-dani-muzike-450x310.jpg\" alt=\"Don Brankovi dani muzike\" width=\"450\" height=\"310\" class=\"aligncenter size-large wp-image-228192\" \/><\/a><strong>Javlja: PR slu\u017eba Me\u0111unarodnog festivala KotorArt<\/strong><\/p>\n<p>\u0160esnaesti po redu Don Brankovi dani muzike u okviru 9. Me\u0111unarodnog festivala KotorArt realizova\u0107e se pod pokroviteljstvom Op\u0161tine Kotor a zahvaljuju\u0107i kooperativnosti i razumijevanju umjetnika, u periodu od 13. jula do 13. avgusta sa deset, umjesto planiranih \u0161esnaest, programa u glavnom i preko sto programa u prate\u0107em programu. <\/p>\n<p>Tradicionalno, na Dan dr\u017eavnosti 13. jula ispred Katedrale Sv. Tripuna, na koncertu pod nazivom \u201cKorijenje\u201d nastupi\u0107e Festivalski orkestar KotorArta sa muzi\u010darima iz \u010detiri zemlje koji su tokom februara izabrani kroz me\u0111unarodnu audiciju. <\/p>\n<p>Na programu \u0107e biti svjetska premijera\u201cVarijacije na temu Bokeljskog kola\u201d, djela koje je porud\u017ebina festivala. U pitanju je autorsko djelo \u0161est mladih kompozitora iz regiona \u010dijim je radom koordinirala kompozitorka Nina Perovi\u0107, na temu tradicionalne melodije Kola Bokeljske mornarice, jednog od muzi\u010dkih simbola Boke. Djelom \u0107e se istovremeno obilje\u017eiti i 175 godina postojanja Gradske muzike Kotor, koja \u0107e biti uklju\u010dena u realizaciju ove premijere kao i pripadnici Bokeljske mornarice. <\/p>\n<p>Na programu sve\u010danog otvaranja bi\u0107e izveden i naknadno uvr\u0161ten Prvi klavirski koncert Ludviga van Betovena u izvo\u0111enju proslavljenog kotorskog pijaniste Ratimira Martinovi\u0107a. <\/p>\n<p>Otvaranje \u0107e istinski sve\u010dani karakter zaokru\u017eiti svjetskom premijerom autorskog filma izuzetnog i nagra\u0111ivanog reditelja, Kotoranina Du\u0161ana Vulekovi\u0107a. Ovaj film je tako\u0111e porud\u017ebina Festivala KotorArt, a  posve\u0107en je tradiciji umjetnosti na prostoru Kotora i Boke.<br \/>\nFestivalski orkestar KotorArt-a, nastupi\u0107e i 18. jula na koncertu pod nazivom \u201cPoljska u srcu\u201d, koji se odvija uz podr\u0161ku Ambasade Poljske, gdje \u0107e izvoditi djela poljskih kompozitora, pod palicom Barto\u0161a \u017durakovskog i sa pijanistom Luka\u0161em Krupinjskim. <\/p>\n<p>Na programu je i koncert u\u010denika kotorske muzi\u010dke \u0161kole koji \u0107e ove godine, u \u010dast sedam decenija postojanja ove institucije, cijelokupni program posvetiti opusu Vide Matjan, osniva\u010da \u0161kole. <\/p>\n<p>Prvi u nizu koncerata Coca Cola stage-a je ujedno i posljedni koncert u okviru Kotorske koncertne sezone koju Muzi\u010dka \u0161kola organizuje od oktobra do ljeta. U pitanju je 27. jul i nastup jednog od sinonima klasi\u010dne muzike na ovim prostorima &#8211; violiniste Stefana Milenkovi\u0107a sa njegovim tango sastavom na kotorskoj Ljetnjoj sceni.<\/p>\n<p>Najmla\u0111e o\u010dekuju muzi\u010dke radionice pod nazivom \u201cKotorArti\u0107\u201d, a 1. avgust  je rezervisan za svjetsku zvjezdu &#8211; violinistu Nemanju Radulovi\u0107a i sastav  \u201c\u0110avolji trileri\u201d. Ve\u010de nakon Nemanje nastupi\u0107e drugi svjetski proslavljeni violinista na\u0161eg porijekla, Roman Simovi\u0107, koji \u0107e u okviru koncerta pod nazivom \u201cRoman i prijatelji\u201d svirati sa svojim gostima, Nemanjom Radulovi\u0107em, Milenom Simovi\u0107, Draganom \u0110or\u0111evi\u0107em, Aljonom Baevom, Olgom Sitkovetski i \u0110ovanijem Njokijem, u raznovrsnom programu. <\/p>\n<p>U okviru partnerstva sa Lu\u0161tica Bay-om, novim turisti\u010dkim gradom koji se razvija u spektakularnom pejza\u017eu crnogorske obale, koji je i ekskluzivni sponzor, uslijedi\u0107e koncert pod nazivom \u201cMilo\u0161 Invites\u201d na kom \u0107e proslavljeni crnogorski gitarista, ekskluzivni umjetnik Doj\u010de gramofona i stalni gost KotorArta, Milo\u0161 Karadagli\u0107 u Lu\u0161tica Bay-u predstaviti svoje sjajne ovogodi\u0161nje goste &#8211; sopranistkinju Pumezu Ma\u010dikizu i guda\u010dki kvartet \u201cStrings Attached\u201d.<\/p>\n<p>Iz ciklusa Coca Cola stage odr\u017eae se jo\u0161 dva koncerta i to: 11. avgusta \u201cAlhemija du\u0161e\u201d sa Amirom Medunjanin i izme\u0111u ostalih, izuzetnim d\u017eez pijanistom Bojanom Zulfikarpa\u0161i\u0107em.<br \/>\nPosljednji koncert ovogodi\u0161njih KotorArt Don Brankovih dana muzike, 13. avgusta, bi\u0107e  \u201cMusic Forces United\u201d, kada \u0107e se po prvi put okupiti vokali Bisera Veletanli\u0107, Gabi Novak i vode\u0107i d\u017eez pijanisti sa ovog prostora &#8211; Matija Dedi\u0107 i Vasil Had\u017eimanov.<\/p>\n<p>Preko stotinu prate\u0107ih programa, za koje je KotorArt raspisao audiciju, de\u0161ava\u0107e se tokom cijelog trajanja festivala, nastupom razli\u010ditih muzi\u010dkih ansambala i performera na kotorskim pjacama, sa idejom o\u017eivljavanja javnog prostora i davanja umjetni\u010dkog sadr\u017eaja koji im po svemu i pripadaju. <\/p>\n<p>Pokrovitelj ovogodi\u0161njih KotorArt Don Brankovih dana muzike je Op\u0161tina Kotor, dok su glavni sponzori sada ve\u0107 tradicionalno Lu\u0161tica Bay i Coca Cola.<\/p>\n","protected":false},"excerpt":{"rendered":"<p>\u0160esnaesti po redu Don Brankovi dani muzike u okviru 9. Me\u0111unarodnog festivala KotorArt realizova\u0107e se pod pokroviteljstvom Op\u0161tine Kotor a zahvaljuju\u0107i kooperativnosti i razumijevanju umjetnika<\/p>\n","protected":false},"author":1,"featured_media":0,"comment_status":"open","ping_status":"closed","sticky":false,"template":"","format":"standard","meta":{"_seopress_robots_primary_cat":"","_seopress_titles_title":"","_seopress_titles_desc":"","_seopress_robots_index":"","_et_pb_use_builder":"","_et_pb_old_content":"","_et_gb_content_width":"","inline_featured_image":false,"footnotes":""},"categories":[10],"tags":[],"class_list":["post-228191","post","type-post","status-publish","format-standard","hentry","category-cuj-vidji-javi"],"_links":{"self":[{"href":"https:\/\/www.pcnen.com\/portal\/wp-json\/wp\/v2\/posts\/228191","targetHints":{"allow":["GET"]}}],"collection":[{"href":"https:\/\/www.pcnen.com\/portal\/wp-json\/wp\/v2\/posts"}],"about":[{"href":"https:\/\/www.pcnen.com\/portal\/wp-json\/wp\/v2\/types\/post"}],"author":[{"embeddable":true,"href":"https:\/\/www.pcnen.com\/portal\/wp-json\/wp\/v2\/users\/1"}],"replies":[{"embeddable":true,"href":"https:\/\/www.pcnen.com\/portal\/wp-json\/wp\/v2\/comments?post=228191"}],"version-history":[{"count":0,"href":"https:\/\/www.pcnen.com\/portal\/wp-json\/wp\/v2\/posts\/228191\/revisions"}],"wp:attachment":[{"href":"https:\/\/www.pcnen.com\/portal\/wp-json\/wp\/v2\/media?parent=228191"}],"wp:term":[{"taxonomy":"category","embeddable":true,"href":"https:\/\/www.pcnen.com\/portal\/wp-json\/wp\/v2\/categories?post=228191"},{"taxonomy":"post_tag","embeddable":true,"href":"https:\/\/www.pcnen.com\/portal\/wp-json\/wp\/v2\/tags?post=228191"}],"curies":[{"name":"wp","href":"https:\/\/api.w.org\/{rel}","templated":true}]}}