{"id":227627,"date":"2017-06-09T08:52:51","date_gmt":"2017-06-09T06:52:51","guid":{"rendered":"http:\/\/www.pcnen.com\/portal\/?p=227627"},"modified":"2017-06-09T08:56:48","modified_gmt":"2017-06-09T06:56:48","slug":"putovanje-16-iii-dandrugi-deo-obrovac","status":"publish","type":"post","link":"https:\/\/www.pcnen.com\/portal\/2017\/06\/09\/putovanje-16-iii-dandrugi-deo-obrovac\/","title":{"rendered":"Putovanje &#8216;16, III dan\/drugi deo &#8211; Obrovac"},"content":{"rendered":"<p><img loading=\"lazy\" decoding=\"async\" class=\"alignright size-medium wp-image-227628\" src=\"http:\/\/www.pcnen.com\/portal\/wp-content\/uploads\/2017\/06\/0-02-05-e5f52a9f85a9767bd3bd50c709c217fbab35263c7f9dcb81da87e3007950ed85_full-300x180.jpg\" alt=\"0-02-05-e5f52a9f85a9767bd3bd50c709c217fbab35263c7f9dcb81da87e3007950ed85_full\" width=\"300\" height=\"180\" \/> <img loading=\"lazy\" decoding=\"async\" class=\"size-medium wp-image-227631 alignleft\" src=\"http:\/\/www.pcnen.com\/portal\/wp-content\/uploads\/2017\/06\/IMG_0284m-300x200.jpg\" alt=\"IMG_0284m\" width=\"300\" height=\"200\" srcset=\"https:\/\/www.pcnen.com\/portal\/wp-content\/uploads\/2017\/06\/IMG_0284m-300x200.jpg 300w, https:\/\/www.pcnen.com\/portal\/wp-content\/uploads\/2017\/06\/IMG_0284m-768x512.jpg 768w, https:\/\/www.pcnen.com\/portal\/wp-content\/uploads\/2017\/06\/IMG_0284m-450x300.jpg 450w, https:\/\/www.pcnen.com\/portal\/wp-content\/uploads\/2017\/06\/IMG_0284m-480x320.jpg 480w, https:\/\/www.pcnen.com\/portal\/wp-content\/uploads\/2017\/06\/IMG_0284m-235x157.jpg 235w, https:\/\/www.pcnen.com\/portal\/wp-content\/uploads\/2017\/06\/IMG_0284m-75x50.jpg 75w, https:\/\/www.pcnen.com\/portal\/wp-content\/uploads\/2017\/06\/IMG_0284m-350x233.jpg 350w, https:\/\/www.pcnen.com\/portal\/wp-content\/uploads\/2017\/06\/IMG_0284m-220x147.jpg 220w, https:\/\/www.pcnen.com\/portal\/wp-content\/uploads\/2017\/06\/IMG_0284m.jpg 1037w\" sizes=\"(max-width: 300px) 100vw, 300px\" \/><\/p>\n<p>Po\u0161to nastavi\u0161e da se navla\u010de crni oblaci i ki\u0161a samo \u0161to nije po\u010dela odlu\u010dismo da se malo strpimo u kafi\u0107u Delfin na obali Zrmanje, odakle kre\u0107u krstarenja rekom, postojbinom Vinetua, barem u filmu iz mog detinjstva.Tu nam se pridru\u017ei i jedna divna, jedanaestogodi\u0161nja Sara Karamarko prepuna pitanja i pametnih odgovora. Ka\u017ee da \u0107emo je zaboraviti kada budemo do\u0161li slede\u0107i put jer \u0107e tada biti velika, a ja joj odgovorih da se to ne\u0107e destiti jer vodim dnevnik putovanja i sada joj dajem zna\u010dajno mesto da se to ne bi desilo. Smejemo se tome kada pita Brana koliko ima godina i kada joj odgovori sama konstatuje da je on kao njena baba. Ka\u017ee jo\u0161 da je ministrantica u crkvi i da je to sada mogu\u0107e, a ne kao ranije kada su to samo radili de\u010daci. Kasnije nam se pridru\u017euje i vlasnica kafi\u0107a pa od nje saznajemo da je \u201cfinancijska\u201d situacija veoma slaba i da je u ovom simpati\u010dnom mesta\u0161cetu ostalo da \u017eivi jedva tri stotine du\u0161a. Po\u0161to je ki\u0161a u me\u0111uvremenu minula, slik<img loading=\"lazy\" decoding=\"async\" class=\"alignright size-medium wp-image-227629\" src=\"http:\/\/www.pcnen.com\/portal\/wp-content\/uploads\/2017\/06\/IMG_0275m-200x300.jpg\" alt=\"IMG_0275m\" width=\"200\" height=\"300\" srcset=\"https:\/\/www.pcnen.com\/portal\/wp-content\/uploads\/2017\/06\/IMG_0275m-200x300.jpg 200w, https:\/\/www.pcnen.com\/portal\/wp-content\/uploads\/2017\/06\/IMG_0275m-300x450.jpg 300w, https:\/\/www.pcnen.com\/portal\/wp-content\/uploads\/2017\/06\/IMG_0275m-480x721.jpg 480w, https:\/\/www.pcnen.com\/portal\/wp-content\/uploads\/2017\/06\/IMG_0275m-235x353.jpg 235w, https:\/\/www.pcnen.com\/portal\/wp-content\/uploads\/2017\/06\/IMG_0275m-75x113.jpg 75w, https:\/\/www.pcnen.com\/portal\/wp-content\/uploads\/2017\/06\/IMG_0275m-350x526.jpg 350w, https:\/\/www.pcnen.com\/portal\/wp-content\/uploads\/2017\/06\/IMG_0275m-220x330.jpg 220w, https:\/\/www.pcnen.com\/portal\/wp-content\/uploads\/2017\/06\/IMG_0275m.jpg 518w\" sizes=\"(max-width: 200px) 100vw, 200px\" \/> asmo se za uspomenu \u00a0i nastavismo dalje prema Novigradu. Ostavismo\u00a0 ove divne ljude u Obrovcu sa nadom da \u0107emo se opet nekada sresti i prepoznati.<\/p>\n<p>Posle jedne uzbrdice, na visoravni pred nama se ukaza \u010duvena fabrika gubitaka i perjanica proma\u0161enih investicija, jo\u0161 u praistorijskoj SFRJ. Odli\u010dan primer za raspad i rastakanje fabrika koje su radile i zapo\u0161ljavale brojne radnike, pa su postale ruine na isti na\u010din kao i ova. Naime, ova fabrika prozai\u010dnog imena \u2013 Jadral, namenjena p<img loading=\"lazy\" decoding=\"async\" class=\"alignright size-medium wp-image-227630\" src=\"http:\/\/www.pcnen.com\/portal\/wp-content\/uploads\/2017\/06\/IMG_0280m-300x200.jpg\" alt=\"IMG_0280m\" width=\"300\" height=\"200\" srcset=\"https:\/\/www.pcnen.com\/portal\/wp-content\/uploads\/2017\/06\/IMG_0280m-300x200.jpg 300w, https:\/\/www.pcnen.com\/portal\/wp-content\/uploads\/2017\/06\/IMG_0280m-768x512.jpg 768w, https:\/\/www.pcnen.com\/portal\/wp-content\/uploads\/2017\/06\/IMG_0280m-450x300.jpg 450w, https:\/\/www.pcnen.com\/portal\/wp-content\/uploads\/2017\/06\/IMG_0280m-480x320.jpg 480w, https:\/\/www.pcnen.com\/portal\/wp-content\/uploads\/2017\/06\/IMG_0280m-235x157.jpg 235w, https:\/\/www.pcnen.com\/portal\/wp-content\/uploads\/2017\/06\/IMG_0280m-75x50.jpg 75w, https:\/\/www.pcnen.com\/portal\/wp-content\/uploads\/2017\/06\/IMG_0280m-350x233.jpg 350w, https:\/\/www.pcnen.com\/portal\/wp-content\/uploads\/2017\/06\/IMG_0280m-220x147.jpg 220w, https:\/\/www.pcnen.com\/portal\/wp-content\/uploads\/2017\/06\/IMG_0280m.jpg 1037w\" sizes=\"(max-width: 300px) 100vw, 300px\" \/>reradi glinice, je napravljena uprkos tome \u0161to tu nema boksita koji je za to neophodan i njena proizvodna cena bi bila duplo ve\u0107a od one na berzi. Jasan je bio rezultat takve ra\u010dunice, pa je oprema demontirana i prodata u Kini. Fabrika je nastavila da proizvodi promaju i ostala u punom pogonu do danas. Promuvasmo se malo izme\u0111u ru\u0161evina nesu\u0111enog giganta i produ\u017eismo dalje ka Masleni\u010dkom mostu.<\/p>\n<p>Uklju\u010deni brisa\u010di automobila nam ukaza\u0161e da je krajnje vreme da se zaustavimo i obu\u010demo ki\u0161no odelo jer oblaci kojima smo i\u0161li u susret su samo jedno obe\u0107avali. Samo \u0161to smo zavr\u0161ili potvrdi se da se nismo uzalud presvla\u010dili jer nas ki\u0161a zali ne\u0161tedimice. Nizbrdica koja nas je vodila preko starog Masleni\u010dkog mosta nam je pomogla da se br\u017ee spustimo ka Posedarju i dalje prema Novigradu. Prvi put sam ovaj most video iz helikoptera \u201990. godine i se\u0107am se kako sam pomislio da bi bilo lepo pre\u0107i preko njega i lagano pogledfati fascinantnu okolinu iz blizine. Nisam znao da \u0107u mu se vi\u0161e puta vra\u0107ati.<\/p>\n<p>U prvoj prodavnici kupismo malo provijanta i vratismo se u Novigrad na\u0161oj ku\u0107i putuju\u0107oj.<\/p>\n<p>Tu se presvukosmo u suvu garderobu i nastavismo pute\u0161estvije do mesta Rtina, u blizini Paga odakle smo planirali narednu rutu za sutradan. Lako ga na\u0111osmo i spustismo se kamperom do same vode strmim putem kroz pusto turisti\u010dko naselje. Brano nam pripremi vrlo ukusan i obilan obrok koji obedovasmo napolju uz cvrkut slavuja u obli\u017enjem grmlju i veselje koje nam prire\u0111uje sunce \u0161to pred na\u0161im o\u010dima zami\u010de iza horizonta, za\u010dinjeni bocom dobrog vina.<\/p>\n<p>Samo se jedan \u010dovek spusti kasnije, \u0161etaju\u0107i psa, i ne \u017eele\u0107i da podeli dru\u0161tvo sa nama, pomalo ljut na na\u0161u slobodu da nesputano i besplatno koristimo lepotu datu svakom insanu, ode. Mi ostasmo sami u prijatnom ambijentu \u201cmorskoga plavog \u017eala, gdje \u0107arlija vjetri\u0107 mio\u201d, ali nemasmo vremena za dugo sedenje jer nas je sutradan \u010dekalo dosta biciklisti\u010dkih radova. Jedino barke tiho prolazi\u0161e pored nas tra\u017ee\u0107i ribu negde u morskoj dubini.<\/p>\n","protected":false},"excerpt":{"rendered":"<p>Po\u0161to nastavi\u0161e da se navla\u010de crni oblaci i ki\u0161a samo \u0161to nije po\u010dela odlu\u010dismo da se malo strpimo u kafi\u0107u Delfin na obali Zrmanje, odakle kre\u0107u krstarenja rekom, postojbinom Vinetua, barem u filmu iz mog detinjstva.Tu nam se pridru\u017ei i jedna divna, jedanaestogodi\u0161nja Sara Karamarko prepuna pitanja i pametnih odgovora. Ka\u017ee da \u0107emo je zaboraviti [&hellip;]<\/p>\n","protected":false},"author":1490,"featured_media":0,"comment_status":"open","ping_status":"closed","sticky":false,"template":"","format":"standard","meta":{"_seopress_robots_primary_cat":"","_seopress_titles_title":"","_seopress_titles_desc":"","_seopress_robots_index":"","_et_pb_use_builder":"","_et_pb_old_content":"","_et_gb_content_width":"","inline_featured_image":false,"footnotes":""},"categories":[17],"tags":[],"class_list":["post-227627","post","type-post","status-publish","format-standard","hentry","category-blogovi"],"_links":{"self":[{"href":"https:\/\/www.pcnen.com\/portal\/wp-json\/wp\/v2\/posts\/227627","targetHints":{"allow":["GET"]}}],"collection":[{"href":"https:\/\/www.pcnen.com\/portal\/wp-json\/wp\/v2\/posts"}],"about":[{"href":"https:\/\/www.pcnen.com\/portal\/wp-json\/wp\/v2\/types\/post"}],"author":[{"embeddable":true,"href":"https:\/\/www.pcnen.com\/portal\/wp-json\/wp\/v2\/users\/1490"}],"replies":[{"embeddable":true,"href":"https:\/\/www.pcnen.com\/portal\/wp-json\/wp\/v2\/comments?post=227627"}],"version-history":[{"count":0,"href":"https:\/\/www.pcnen.com\/portal\/wp-json\/wp\/v2\/posts\/227627\/revisions"}],"wp:attachment":[{"href":"https:\/\/www.pcnen.com\/portal\/wp-json\/wp\/v2\/media?parent=227627"}],"wp:term":[{"taxonomy":"category","embeddable":true,"href":"https:\/\/www.pcnen.com\/portal\/wp-json\/wp\/v2\/categories?post=227627"},{"taxonomy":"post_tag","embeddable":true,"href":"https:\/\/www.pcnen.com\/portal\/wp-json\/wp\/v2\/tags?post=227627"}],"curies":[{"name":"wp","href":"https:\/\/api.w.org\/{rel}","templated":true}]}}