{"id":226289,"date":"2017-05-15T16:44:02","date_gmt":"2017-05-15T14:44:02","guid":{"rendered":"http:\/\/www.pcnen.com\/portal\/?p=226289"},"modified":"2017-05-15T16:44:02","modified_gmt":"2017-05-15T14:44:02","slug":"vijesti-uhapseni-funkcioneri-pokreta-za-promjene","status":"publish","type":"post","link":"https:\/\/www.pcnen.com\/portal\/2017\/05\/15\/vijesti-uhapseni-funkcioneri-pokreta-za-promjene\/","title":{"rendered":"Vijesti: Uhap\u0161eni funkcioneri Pokreta za promjene"},"content":{"rendered":"<p><a href=\"http:\/\/www.pcnen.com\/portal\/wp-content\/uploads\/2017\/05\/lisice.jpg\"><img loading=\"lazy\" decoding=\"async\" src=\"http:\/\/www.pcnen.com\/portal\/wp-content\/uploads\/2017\/05\/lisice-300x183.jpg\" alt=\"lisice\" width=\"300\" height=\"183\" class=\"alignleft size-medium wp-image-226290\" \/><\/a>Po nalogu specijalne dr\u017eavne tu\u017eiteljke Lidije Vuk\u010devi\u0107  u Podgorici je uhap\u0161en Momir Nikoli\u0107 zbog sumnje da je, sa za sada nepoznatim licem, po\u010dinio krivi\u010dno djelo stvaranje kriminalne organizacije i pranje novca, saznaju nezvani\u010dno Vijesti.<\/p>\n<p>Specijalno tu\u017eila\u0161tvo je izdalo nalog za hap\u0161enje  direktora Pokreta za promjene (PZP) Dejana Vujisi\u0107a, tehni\u010dkog sekretara u toj politi\u010dkoj partiji \u017deljka \u0160\u0107epanovi\u0107a i Gordana Konatara zbog sumnje da su \u010dlanovi kriminalne organizacije koju je napravio Nikoli\u0107 i NN osoba.  <\/p>\n<p>Po nalogu sudije za istragu Vi\u0161eg suda Vladimira Novovi\u0107a, a na zahtjev Specijalnog tu\u017eila\u0161tva, po\u010deo je pretres ku\u0107a i stanova Vujisi\u0107a, \u0160\u0107epanovi\u0107a i Konatara.  <\/p>\n<p>Nikoli\u0107 je crnogorski dr\u017eavljanjin koji \u017eivi u Republici Srpskoj i privatni je preduzetnik.<\/p>\n","protected":false},"excerpt":{"rendered":"<p>Po nalogu specijalne dr\u017eavne tu\u017eiteljke Lidije Vuk\u010devi\u0107 u Podgorici je uhap\u0161en Momir Nikoli\u0107 zbog sumnje da je, sa za sada nepoznatim licem, po\u010dinio krivi\u010dno djelo stvaranje kriminalne organizacije i pranje novca, saznaju nezvani\u010dno Vijesti. Specijalno tu\u017eila\u0161tvo je izdalo nalog za hap\u0161enje direktora Pokreta za promjene (PZP) Dejana Vujisi\u0107a, tehni\u010dkog sekretara u toj politi\u010dkoj partiji \u017deljka [&hellip;]<\/p>\n","protected":false},"author":1,"featured_media":0,"comment_status":"open","ping_status":"closed","sticky":false,"template":"","format":"standard","meta":{"_seopress_robots_primary_cat":"","_seopress_titles_title":"","_seopress_titles_desc":"","_seopress_robots_index":"","_et_pb_use_builder":"","_et_pb_old_content":"","_et_gb_content_width":"","inline_featured_image":false,"footnotes":""},"categories":[14,12],"tags":[],"class_list":["post-226289","post","type-post","status-publish","format-standard","hentry","category-vijesti","category-prica-dana"],"_links":{"self":[{"href":"https:\/\/www.pcnen.com\/portal\/wp-json\/wp\/v2\/posts\/226289","targetHints":{"allow":["GET"]}}],"collection":[{"href":"https:\/\/www.pcnen.com\/portal\/wp-json\/wp\/v2\/posts"}],"about":[{"href":"https:\/\/www.pcnen.com\/portal\/wp-json\/wp\/v2\/types\/post"}],"author":[{"embeddable":true,"href":"https:\/\/www.pcnen.com\/portal\/wp-json\/wp\/v2\/users\/1"}],"replies":[{"embeddable":true,"href":"https:\/\/www.pcnen.com\/portal\/wp-json\/wp\/v2\/comments?post=226289"}],"version-history":[{"count":0,"href":"https:\/\/www.pcnen.com\/portal\/wp-json\/wp\/v2\/posts\/226289\/revisions"}],"wp:attachment":[{"href":"https:\/\/www.pcnen.com\/portal\/wp-json\/wp\/v2\/media?parent=226289"}],"wp:term":[{"taxonomy":"category","embeddable":true,"href":"https:\/\/www.pcnen.com\/portal\/wp-json\/wp\/v2\/categories?post=226289"},{"taxonomy":"post_tag","embeddable":true,"href":"https:\/\/www.pcnen.com\/portal\/wp-json\/wp\/v2\/tags?post=226289"}],"curies":[{"name":"wp","href":"https:\/\/api.w.org\/{rel}","templated":true}]}}