{"id":226066,"date":"2017-05-12T00:09:02","date_gmt":"2017-05-11T22:09:02","guid":{"rendered":"http:\/\/www.pcnen.com\/portal\/?p=226066"},"modified":"2017-05-12T13:31:57","modified_gmt":"2017-05-12T11:31:57","slug":"putovanje-16-iii-dan-prvi-deo-novigradsko-more-donji-i-gornji-karin","status":"publish","type":"post","link":"https:\/\/www.pcnen.com\/portal\/2017\/05\/12\/putovanje-16-iii-dan-prvi-deo-novigradsko-more-donji-i-gornji-karin\/","title":{"rendered":"Putovanje &#8216;16, III dan\/ prvi deo &#8211; Novigradsko more, Donji i Gornji Karin"},"content":{"rendered":"<p><img loading=\"lazy\" decoding=\"async\" class=\"size-medium wp-image-226084 alignright\" src=\"http:\/\/www.pcnen.com\/portal\/wp-content\/uploads\/2017\/05\/IMG_0265m-300x200.jpg\" alt=\"Pu\u0161karnice\" width=\"300\" height=\"200\" srcset=\"https:\/\/www.pcnen.com\/portal\/wp-content\/uploads\/2017\/05\/IMG_0265m-300x200.jpg 300w, https:\/\/www.pcnen.com\/portal\/wp-content\/uploads\/2017\/05\/IMG_0265m-768x512.jpg 768w, https:\/\/www.pcnen.com\/portal\/wp-content\/uploads\/2017\/05\/IMG_0265m-450x300.jpg 450w, https:\/\/www.pcnen.com\/portal\/wp-content\/uploads\/2017\/05\/IMG_0265m-480x320.jpg 480w, https:\/\/www.pcnen.com\/portal\/wp-content\/uploads\/2017\/05\/IMG_0265m-235x157.jpg 235w, https:\/\/www.pcnen.com\/portal\/wp-content\/uploads\/2017\/05\/IMG_0265m-75x50.jpg 75w, https:\/\/www.pcnen.com\/portal\/wp-content\/uploads\/2017\/05\/IMG_0265m-350x233.jpg 350w, https:\/\/www.pcnen.com\/portal\/wp-content\/uploads\/2017\/05\/IMG_0265m-220x147.jpg 220w, https:\/\/www.pcnen.com\/portal\/wp-content\/uploads\/2017\/05\/IMG_0265m.jpg 1296w\" sizes=\"(max-width: 300px) 100vw, 300px\" \/>Lepo vreme nas podi\u017ee sabajle. Dopunismo rezerve vode na javnoj \u010desmi i zaputismo se Novigradu, koji je za mene stara pri\u010da. Gre\u0161kom ne unesoh u telefonsku navigaciju da nas ne vodi autoputem. A po\u0161to je \u201cma\u0161ina glupa\u201d kako bi rekao jedan, ona nas odvede ba\u0161 tim autoputem odvajuaju\u0107i nas od Jadranske magistrale i pored Zemunika nas odvede Novigradskom moru za jedan evro, koliko je bio iznos ra\u010duna za autoput.<\/p>\n<p>Lepa, plitka pla\u017ea u Posedarju nije vi\u0161e bila kao nekada. Pretvorila se u gradili\u0161te i ustuknula sa svom svojom lepotom pred kapitalom, pa smo produ\u017eili sve do Novigrada. Tamo se parkirasmo na rivu i mada smo videli da se iznad Velebita formiraju kumulonimbusi, pripremosmo bicikle i sve ostalo pa po lepom vremenu zapo\u010desmo vo\u017enju. Samo \u0161to smo iza\u0161li uzbrdo iz zaliva i napravili par fotografija,po\u010de da rominja po nama blaga proletnja ki\u0161a koja prirodi daje \u017eivot a osve\u017eava biciklistu ba\u0161 onako kako on \u017eeli. Zbog mokrog kolovoza smo morali da usporimo\u00a0i milimo spu\u0161taju\u0107i se nizbrdo prema Donjem Karinu, gde nam iz zasede isko\u010di franjeva\u010dki samostan Bezgre\u0161nog za\u010de\u0107a Djevice Marije.U\u0111osmo u dvori\u0161te i pro\u0161etasmo malo o\u010dekuju\u0107i po starom doma\u0107inskom obi\u010daju da \u0107e neko iza\u0107i pred nas ali to se nije desilo, mada su dva parkirana automobile odavala da se tu verovatno neko nalazi. Malo mi je \u010dudno bilo \u0161to u kamenoj ogradi i samostanskom miru u dru\u0161tvu ne ba\u0161 toliko mladih maslina postoje dve pu\u0161karnice ali je ubrzo usledilo i obja\u0161njenje u vidu istorije koja nikome ne da mira . U porti na jednoj zgradi je postavljena plo\u010da na kojoj pi\u0161e kako se ne sme zaboraviti da su daleke \u201971. godine srpski civili uz pomo\u0107 jugokomunisti\u010dke vlasti napali hodo\u010dasnike iz okoline koji su se ba\u0161 tu okupljali nekim, njima znanim razlogom na blagdan Gospe od an\u0111ela. Na drugoj tabli je predstavljen istorijat samostana, koji ka\u017ee da ga je podigao velika\u0161 Nikola Lapsanovi\u0107, gospodar grada Karina, 1494. a da ga je njegova supruga bogato obdarila. Kasnije je padao pod uticaj dr<br \/>\n<img loading=\"lazy\" decoding=\"async\" class=\"alignright size-medium wp-image-226077\" src=\"http:\/\/www.pcnen.com\/portal\/wp-content\/uploads\/2017\/05\/IMG_0270m-200x300.jpg\" alt=\"Obrovac\" width=\"200\" height=\"300\" srcset=\"https:\/\/www.pcnen.com\/portal\/wp-content\/uploads\/2017\/05\/IMG_0270m-200x300.jpg 200w, https:\/\/www.pcnen.com\/portal\/wp-content\/uploads\/2017\/05\/IMG_0270m-300x450.jpg 300w, https:\/\/www.pcnen.com\/portal\/wp-content\/uploads\/2017\/05\/IMG_0270m-480x721.jpg 480w, https:\/\/www.pcnen.com\/portal\/wp-content\/uploads\/2017\/05\/IMG_0270m-235x353.jpg 235w, https:\/\/www.pcnen.com\/portal\/wp-content\/uploads\/2017\/05\/IMG_0270m-75x113.jpg 75w, https:\/\/www.pcnen.com\/portal\/wp-content\/uploads\/2017\/05\/IMG_0270m-350x526.jpg 350w, https:\/\/www.pcnen.com\/portal\/wp-content\/uploads\/2017\/05\/IMG_0270m-220x330.jpg 220w, https:\/\/www.pcnen.com\/portal\/wp-content\/uploads\/2017\/05\/IMG_0270m.jpg 518w\" sizes=\"(max-width: 200px) 100vw, 200px\" \/>ugih velika\u0161a, sve dok ga Turci nisu spalili, i to u nekoliko navrata ponovili kao da im jednom nije bilo dovoljno. Kada su se Turci manuli \u0107orava posla, na ovo podru\u010dje se doselilo pravoslavno stanovni\u0161tvo. Pominje se i jo\u0161 jedna vrlo zna\u010dajna godina vezana za ovo zdanje i to 1797. Tada je \u0107esaru u Be\u010d poslata depe\u0161a da se Dalmacija sjedi<br \/>\n<img loading=\"lazy\" decoding=\"async\" class=\"alignleft size-medium wp-image-226078\" src=\"http:\/\/www.pcnen.com\/portal\/wp-content\/uploads\/2017\/05\/IMG_0261m-300x200.jpg\" alt=\"tabla\" width=\"300\" height=\"200\" srcset=\"https:\/\/www.pcnen.com\/portal\/wp-content\/uploads\/2017\/05\/IMG_0261m-300x200.jpg 300w, https:\/\/www.pcnen.com\/portal\/wp-content\/uploads\/2017\/05\/IMG_0261m-768x512.jpg 768w, https:\/\/www.pcnen.com\/portal\/wp-content\/uploads\/2017\/05\/IMG_0261m-450x300.jpg 450w, https:\/\/www.pcnen.com\/portal\/wp-content\/uploads\/2017\/05\/IMG_0261m-480x320.jpg 480w, https:\/\/www.pcnen.com\/portal\/wp-content\/uploads\/2017\/05\/IMG_0261m-235x157.jpg 235w, https:\/\/www.pcnen.com\/portal\/wp-content\/uploads\/2017\/05\/IMG_0261m-75x50.jpg 75w, https:\/\/www.pcnen.com\/portal\/wp-content\/uploads\/2017\/05\/IMG_0261m-350x233.jpg 350w, https:\/\/www.pcnen.com\/portal\/wp-content\/uploads\/2017\/05\/IMG_0261m-220x147.jpg 220w, https:\/\/www.pcnen.com\/portal\/wp-content\/uploads\/2017\/05\/IMG_0261m.jpg 1296w\" sizes=\"(max-width: 300px) 100vw, 300px\" \/>ni sa Hrvatskom. Kako je on odgovorio ne pi\u0161e. Ali tabla jo\u0161 ka\u017ee da su u domovinskom ratu pobunjeni Srbi proterali fratre 26. kolovoza 1991. godine, a samostan minirali 1993. \u0160ta je dalje bilo \u010ditali smo u novinama i gledali na televiziji jer tabla koje bi to obja\u0161njavala ovde ne postoji. Samostan je dobro obnovljan do 2006. godine, ali su burna vremena kroz vekove opusto\u0161ila biblioteku i arhivu pa se tome neki istra\u017eiva\u010d ne mo\u017ee nadati.<\/p>\n<p>Za nama ostade Donji, pa nastavismo dalje preko Gornjeg Karina. Ponovo iza\u0111osmo na Jadransku magistralu i spustismo se u Obrovac, najpustije mesto na \u010ditavom svetu. U glavnoj ulici nema ni \u017eive du\u0161e i vi\u0161e podse\u0107a na napu\u0161tene kulise za film nego na mesto gde neko \u017eivi. Morasmo se zaustaviti da to snimimo foto kamerom. Kasnije saznasmo da je upravo tu snimljeno nekoliko filmova i da je grad dobro odglumio kulise.<\/p>\n","protected":false},"excerpt":{"rendered":"<p>Lepo vreme nas podi\u017ee sabajle. Dopunismo rezerve vode na javnoj \u010desmi i zaputismo se Novigradu, koji je za mene stara pri\u010da. Gre\u0161kom ne unesoh u telefonsku navigaciju da nas ne vodi autoputem. A po\u0161to je \u201cma\u0161ina glupa\u201d kako bi rekao jedan, ona nas odvede ba\u0161 tim autoputem odvajuaju\u0107i nas od Jadranske magistrale i pored Zemunika [&hellip;]<\/p>\n","protected":false},"author":1490,"featured_media":0,"comment_status":"open","ping_status":"closed","sticky":false,"template":"","format":"standard","meta":{"_seopress_robots_primary_cat":"","_seopress_titles_title":"","_seopress_titles_desc":"","_seopress_robots_index":"","_et_pb_use_builder":"","_et_pb_old_content":"","_et_gb_content_width":"","inline_featured_image":false,"footnotes":""},"categories":[17],"tags":[],"class_list":["post-226066","post","type-post","status-publish","format-standard","hentry","category-blogovi"],"_links":{"self":[{"href":"https:\/\/www.pcnen.com\/portal\/wp-json\/wp\/v2\/posts\/226066","targetHints":{"allow":["GET"]}}],"collection":[{"href":"https:\/\/www.pcnen.com\/portal\/wp-json\/wp\/v2\/posts"}],"about":[{"href":"https:\/\/www.pcnen.com\/portal\/wp-json\/wp\/v2\/types\/post"}],"author":[{"embeddable":true,"href":"https:\/\/www.pcnen.com\/portal\/wp-json\/wp\/v2\/users\/1490"}],"replies":[{"embeddable":true,"href":"https:\/\/www.pcnen.com\/portal\/wp-json\/wp\/v2\/comments?post=226066"}],"version-history":[{"count":0,"href":"https:\/\/www.pcnen.com\/portal\/wp-json\/wp\/v2\/posts\/226066\/revisions"}],"wp:attachment":[{"href":"https:\/\/www.pcnen.com\/portal\/wp-json\/wp\/v2\/media?parent=226066"}],"wp:term":[{"taxonomy":"category","embeddable":true,"href":"https:\/\/www.pcnen.com\/portal\/wp-json\/wp\/v2\/categories?post=226066"},{"taxonomy":"post_tag","embeddable":true,"href":"https:\/\/www.pcnen.com\/portal\/wp-json\/wp\/v2\/tags?post=226066"}],"curies":[{"name":"wp","href":"https:\/\/api.w.org\/{rel}","templated":true}]}}