{"id":223738,"date":"2017-03-29T16:37:30","date_gmt":"2017-03-29T14:37:30","guid":{"rendered":"http:\/\/www.pcnen.com\/portal\/?p=223738"},"modified":"2017-03-29T16:44:33","modified_gmt":"2017-03-29T14:44:33","slug":"uskokovic-platio-i-napustio-zatvor","status":"publish","type":"post","link":"https:\/\/www.pcnen.com\/portal\/2017\/03\/29\/uskokovic-platio-i-napustio-zatvor\/","title":{"rendered":"Uskokovi\u0107 platio i napustio zatvor"},"content":{"rendered":"<p><a href=\"http:\/\/www.pcnen.com\/portal\/wp-content\/uploads\/2017\/03\/uskokovic.jpg\"><img loading=\"lazy\" decoding=\"async\" src=\"http:\/\/www.pcnen.com\/portal\/wp-content\/uploads\/2017\/03\/uskokovic-300x205.jpg\" alt=\"uskokovic\" width=\"300\" height=\"205\" class=\"alignleft size-medium wp-image-223739\" \/><\/a>Novak Uskokovi\u0107, biv\u0161i urednik crnogorskog izdanja beogradskog tabloida Informer, koji je bio uhap\u0161en po naredbi suda i odveden na izdr\u017eavanje zatvorske kazne, pu\u0161ten je nakon \u0161to je platio kaznu, objavila je TV Vijesti.<\/p>\n<p>Uskokovi\u0107 je uhap\u0161en zato \u0161to nije platio nov\u010danu kaznu od 3.000 eura, na koju je bio osu\u0111en zbog tekstova sa naslovima \u201c\u0160iptarska svinjarija: bauk nacionalizma se nadvio i nad Crnom Gorom\u201d, \u201cAlbanci orgijali po Crnoj Gori, re\u017eim u Podgorici ba\u0161 briga\u201d, \u201cBolest mozga: Albanci na\u010disto poludjeli\u201d.<\/p>\n<p>Vi\u0161i sud u Podgorici je krajem 2015. godine potvrdio presudu Uskokovi\u0107u koju je u martu te godine donijela sutkinja Osnovnog suda u Podgorici Jelena Perovi\u0107. Ona je osudila Uskokovi\u0107a zbog krivi\u010dnog djela povreda ugleda naroda, manjinskih naroda i drugih manjinskih nacionalnih zajednica.<\/p>\n","protected":false},"excerpt":{"rendered":"<p>Novak Uskokovi\u0107, biv\u0161i urednik crnogorskog izdanja beogradskog tabloida Informer, koji je bio uhap\u0161en po naredbi suda i odveden na izdr\u017eavanje zatvorske kazne, pu\u0161ten je nakon \u0161to je platio kaznu, objavila je TV Vijesti. Uskokovi\u0107 je uhap\u0161en zato \u0161to nije platio nov\u010danu kaznu od 3.000 eura, na koju je bio osu\u0111en zbog tekstova sa naslovima \u201c\u0160iptarska [&hellip;]<\/p>\n","protected":false},"author":1,"featured_media":0,"comment_status":"open","ping_status":"closed","sticky":false,"template":"","format":"standard","meta":{"_seopress_robots_primary_cat":"","_seopress_titles_title":"","_seopress_titles_desc":"","_seopress_robots_index":"","_et_pb_use_builder":"","_et_pb_old_content":"","_et_gb_content_width":"","inline_featured_image":false,"footnotes":""},"categories":[14,12],"tags":[],"class_list":["post-223738","post","type-post","status-publish","format-standard","hentry","category-vijesti","category-prica-dana"],"_links":{"self":[{"href":"https:\/\/www.pcnen.com\/portal\/wp-json\/wp\/v2\/posts\/223738","targetHints":{"allow":["GET"]}}],"collection":[{"href":"https:\/\/www.pcnen.com\/portal\/wp-json\/wp\/v2\/posts"}],"about":[{"href":"https:\/\/www.pcnen.com\/portal\/wp-json\/wp\/v2\/types\/post"}],"author":[{"embeddable":true,"href":"https:\/\/www.pcnen.com\/portal\/wp-json\/wp\/v2\/users\/1"}],"replies":[{"embeddable":true,"href":"https:\/\/www.pcnen.com\/portal\/wp-json\/wp\/v2\/comments?post=223738"}],"version-history":[{"count":0,"href":"https:\/\/www.pcnen.com\/portal\/wp-json\/wp\/v2\/posts\/223738\/revisions"}],"wp:attachment":[{"href":"https:\/\/www.pcnen.com\/portal\/wp-json\/wp\/v2\/media?parent=223738"}],"wp:term":[{"taxonomy":"category","embeddable":true,"href":"https:\/\/www.pcnen.com\/portal\/wp-json\/wp\/v2\/categories?post=223738"},{"taxonomy":"post_tag","embeddable":true,"href":"https:\/\/www.pcnen.com\/portal\/wp-json\/wp\/v2\/tags?post=223738"}],"curies":[{"name":"wp","href":"https:\/\/api.w.org\/{rel}","templated":true}]}}