{"id":223077,"date":"2017-03-17T15:36:32","date_gmt":"2017-03-17T14:36:32","guid":{"rendered":"http:\/\/www.pcnen.com\/portal\/?p=223077"},"modified":"2017-03-17T18:30:54","modified_gmt":"2017-03-17T17:30:54","slug":"mandic-katnic-ce-platiti-kad-tad","status":"publish","type":"post","link":"https:\/\/www.pcnen.com\/portal\/2017\/03\/17\/mandic-katnic-ce-platiti-kad-tad\/","title":{"rendered":"Mandi\u0107: Katni\u0107 \u0107e platiti kad tad"},"content":{"rendered":"<p><a href=\"http:\/\/www.pcnen.com\/portal\/wp-content\/uploads\/2016\/05\/mandic-andrija.jpg\"><img loading=\"lazy\" decoding=\"async\" src=\"http:\/\/www.pcnen.com\/portal\/wp-content\/uploads\/2016\/05\/mandic-andrija.jpg\" alt=\"mandic andrija\" width=\"255\" height=\"198\" class=\"alignleft size-full wp-image-205007\" \/><\/a>Najnovija naredba Specijalnog dr\u017eavnog tu\u017eioca (SDT) Milivoja Katni\u0107a o pro\u0161irenju istrage protiv kolege Milana Kne\u017eevi\u0107a i mene najbolje govori o intelektualnim dometima onih koji upravljaju ovom institucijom, saop\u0161tio je danas Andrija Mandi\u0107, funkcioneri Demokratskog fronta (DF) i predsjednik Nove srpske demokratije.<\/p>\n<p>U najnovijoj naredbi o pro\u0161irenju istrage  glavnog specijalnog tu\u017eioca Milivoja Katni\u0107a pi\u0161e da su funkcioneri DF Andrija Mandi\u0107 i Milan Kne\u017eevi\u0107 prvi postali \u010dlanovi kriminalne grupe Rusa Eduarda \u0160i\u0161makova i Vladimira Popova, osumnji\u010denih za poku\u0161aj terorizma u Crnoj Gori.<\/p>\n<p>&#8220;Ono \u0161to je va\u017eno, a \u0161to re\u017eimski mediji namjerno zaboravljaju je \u010dinjenica da u dokumentima kojima raspola\u017ee SDT, a koji su nam nakon naredbe o pro\u0161irenju istrage predati, nema ama ba\u0161 ni jednog dokaza koji nas povezuje sa bilo kakvom kriminalnom organizacijom i la\u017enim dr\u017eavnim udarom. Kao \u0161to smo vi\u0161e puta rekli, niti znamo ko su, niti smo ikada vidjeli ili \u010duli Ruse koji se pominju u ovom postupku, a za koje ne zna da postoje \u010dak ni ruski ambasador u EU Vladimir \u010ci\u017eov. Tako\u0111e, i nijedno lice iz Srbije kojim se bavi Milivoje Katni\u0107!&#8221;, istakao je Mandi\u0107, prenose Vijesti. <\/p>\n<p>On je dodao da ne postoji ni\u0161ta osim zle i podle namjere SDT-a da nanese \u0161tetu DF-u i njima li\u010dno.<\/p>\n<p>&#8220;Nemam nikakve dileme da je Katni\u0107 pod direktnom kontrolom \u0161efa re\u017eima i kriminalne bande koju vode Milo \u0110ukanovi\u0107, Stanko Suboti\u0107 i Mohamed Dahlan, kao \u0161to sam i siguran da je on najobi\u010dniji izvr\u0161itelj naloga britanskog agenta Vladimira Popovi\u0107a-Bebe, o \u010dijim je aktivnostima veoma uvjerljivo svjedo\u010dio Jovica Stani\u0161i\u0107 koji ga dovodi u direktnu vezu sa ubistvom Zorana \u0110in\u0111i\u0107a. Namjera pojedinih zapadnih obavje\u0161tajnih struktura, koje preko lokalne agenture upravljaju ovom akcijom, je da na slu\u010daju CG poku\u0161aju da zaustave zbli\u017eavanje administracija predsjednika Putina i Trampa, tako \u0161to \u0107e pri\u010du o la\u017enom crnogorskom dr\u017eavnom udaru podmetnuti ruskim specijalnim jedinicama, sa kojima \u0107e usput i da zbijaju \u0161ale kako ih je sve razotkrio i pohapsio neki Milivoje Katni\u0107. Istovremeno vjeruju da \u0107e na ovaj, prevaran na\u010din pre\u010dicom ugurati Crne Gore u NATO&#8221;, kazao je Mandi\u0107. <\/p>\n<p>Po njegovim rije\u010dima, Katni\u0107 nikada nije bio slobodan \u010dovjek.<\/p>\n<p>&#8220;Milivoju Katni\u0107u, \u0161pijunu KOS-a jo\u0161 od studentskih dana, kada je za potrebe te kontraobavje\u0161tajne strukture operisao po studenskom domu, poslu\u0161nost i fascinacija \u0161efovima bezbjednosih struktura je potpuno prirodna i logi\u010dna stvar. Po\u0161to nikada nije bio slobodan \u010dovjek, ve\u0107 samo izvr\u0161ilac tu\u0111ih nare\u0111enja, on ne mo\u017ee da shvati slobodne ljude koji sa profesijom kojoj on pripada jo\u0161 od studentskih dana, nemaju ni\u0161ta. On je kao tvrdokorni pripadnik vojne slu\u017ebe uvijek bio linija\u0161, a poznat je slu\u010daj kada je jednom kolegi koji mu je bio sumnjiv, ina\u010de pripadniku nacionalne manjine, htio da &#8220;posije\u010de&#8221; glavu i odnese na Cetinje. Vjerovao je da \u0107e mu to pomo\u0107i u napredovanju u slu\u017ebi, ali po\u0161to je pretjerao &#8211; ka\u017enjen je ukorom. Od tada nema nikakve li\u010dne inicijative, ve\u0107 samo bespogovorne poslu\u0161nosti, pa tako i danas, kada pakuje slu\u010daj protiv kolege Kne\u017eevi\u0107a i mene, jednim okom obavezno gleda put \u0161efa re\u017eima da vidi da li je sve uradio kako je nare\u0111eno. Za razliku od mnogih kojima je nanio nepravdu i zlo, a koji su mu pre\u0161li preko toga, sa mnom je potpuno drugi slu\u010daj, i zbog ovoga laganja, podmetanja, vrije\u0111anja i izmi\u0161ljanja, maltretiranja na\u0161ih ljudi, hap\u0161enja Mihaila \u010ca\u0111enovi\u0107a i poku\u0161aja na\u0161eg hap\u0161enja, plati\u0107e kad tad&#8221;, kazao je Mandi\u0107. <\/p>\n<p>Funkcioner DF je poru\u010dio da u Crnoj Gori kada vam neko nasrne na \u010dast i obraz sve postaje li\u010dno, a pogotovo kada se zloupotrebljavaju institucije, stvari se obi\u010dno i razrje\u0161avaju na li\u010dnoj ravni. <\/p>\n<p>&#8220;Pouzdano znam da je Katni\u0107 bio hrabar vojnik na rati\u0161tu, a tu karakternu osobinu je primijenio kod onih kod kojih je registrovao kukavi\u010dluk i strah, i koje je hapsio po nalogu svojih \u0161efova. To ga je dovelo do pogre\u0161nog zaklju\u010dka da su i drugi ljudi stra\u0161ljivi kao Svetozar Marovi\u0107 i pripadnici budvanske grupe, da im je dovoljno podviknuti i priprijetiti hap\u0161enjem, a oni bi nakon toga trebalo da potpi\u0161u sve ono \u0161to im on ponudi. Sa DF se grdno prevario, i on i njegov \u0161ef. To \u0161to se Katni\u0107 odlu\u010dio da slu\u017ei najve\u0107oj crnogorskoj kukavici, Milu \u0110ukanovi\u0107u, koji bi u nevolji sli\u010dnoj onoj koja je zadesila Svetozara Marovi\u0107a po\u010deo da zapoma\u017ee i pla\u010de, tra\u017ee\u0107i milost kao \u0161to je nekad puzao pred Momirom Bulatovi\u0107em, problem je SDT-a.  Sa dokazanim li\u010dnim i neprijateljem DF-a,  Katni\u0107em, mogu jo\u0161 samo da se sretnem na nekom od sudova, a pred ukupnom javno\u0161\u0107u bi\u0107e raskrinkana ova lakrdija kojom poku\u0161ava da me osramoti i ponizi&#8221;, zaklju\u010dio je Mandi\u0107.<\/p>\n","protected":false},"excerpt":{"rendered":"<p>Najnovija naredba Specijalnog dr\u017eavnog tu\u017eioca (SDT) Milivoja Katni\u0107a o pro\u0161irenju istrage protiv kolege Milana Kne\u017eevi\u0107a i mene najbolje govori o intelektualnim dometima onih koji upravljaju ovom institucijom, saop\u0161tio je danas Andrija Mandi\u0107, funkcioneri Demokratskog fronta (DF) i predsjednik Nove srpske demokratije. U najnovijoj naredbi o pro\u0161irenju istrage glavnog specijalnog tu\u017eioca Milivoja Katni\u0107a pi\u0161e da su [&hellip;]<\/p>\n","protected":false},"author":1,"featured_media":0,"comment_status":"open","ping_status":"closed","sticky":false,"template":"","format":"standard","meta":{"_seopress_robots_primary_cat":"","_seopress_titles_title":"","_seopress_titles_desc":"","_seopress_robots_index":"","_et_pb_use_builder":"","_et_pb_old_content":"","_et_gb_content_width":"","inline_featured_image":false,"footnotes":""},"categories":[14,12],"tags":[],"class_list":["post-223077","post","type-post","status-publish","format-standard","hentry","category-vijesti","category-prica-dana"],"_links":{"self":[{"href":"https:\/\/www.pcnen.com\/portal\/wp-json\/wp\/v2\/posts\/223077","targetHints":{"allow":["GET"]}}],"collection":[{"href":"https:\/\/www.pcnen.com\/portal\/wp-json\/wp\/v2\/posts"}],"about":[{"href":"https:\/\/www.pcnen.com\/portal\/wp-json\/wp\/v2\/types\/post"}],"author":[{"embeddable":true,"href":"https:\/\/www.pcnen.com\/portal\/wp-json\/wp\/v2\/users\/1"}],"replies":[{"embeddable":true,"href":"https:\/\/www.pcnen.com\/portal\/wp-json\/wp\/v2\/comments?post=223077"}],"version-history":[{"count":0,"href":"https:\/\/www.pcnen.com\/portal\/wp-json\/wp\/v2\/posts\/223077\/revisions"}],"wp:attachment":[{"href":"https:\/\/www.pcnen.com\/portal\/wp-json\/wp\/v2\/media?parent=223077"}],"wp:term":[{"taxonomy":"category","embeddable":true,"href":"https:\/\/www.pcnen.com\/portal\/wp-json\/wp\/v2\/categories?post=223077"},{"taxonomy":"post_tag","embeddable":true,"href":"https:\/\/www.pcnen.com\/portal\/wp-json\/wp\/v2\/tags?post=223077"}],"curies":[{"name":"wp","href":"https:\/\/api.w.org\/{rel}","templated":true}]}}