{"id":221799,"date":"2017-02-22T12:28:52","date_gmt":"2017-02-22T11:28:52","guid":{"rendered":"http:\/\/www.pcnen.com\/portal\/?p=221799"},"modified":"2017-02-22T12:28:52","modified_gmt":"2017-02-22T11:28:52","slug":"oliveru-ivanovicu-odreden-kucni-pritvor","status":"publish","type":"post","link":"https:\/\/www.pcnen.com\/portal\/2017\/02\/22\/oliveru-ivanovicu-odreden-kucni-pritvor\/","title":{"rendered":"Oliveru Ivanovi\u0107u odre\u0111en ku\u0107ni pritvor"},"content":{"rendered":"<p>Osnovni sud u sjevernom dijelu Mitrovice odredio je danas lideru Gra\u0111anske inicijative SDP Oliveru Ivanovi\u0107u ku\u0107ni pritvor, rekla je njegova supruga Milena Ivanovi\u0107.<\/p>\n<p>Ona je novinarima ispred zgrade suda rekla da je Oliveru Ivanovi\u0107u odredjen ku\u0107ni pritvor, prenosi Beta.<\/p>\n<p>Ispred suda su \u010dlanovi Ivanovi\u0107eve porodice, prisutan je veliki broj novinarskih ekipa, a primijetno je i poja\u010dano prisustvo pripadnika Kosovske policijske slu\u017ebe.<\/p>\n<p>Apelacioni sud u Pri\u0161tini odlu\u010dio je pro\u0161le nedjelje da se Ivanovi\u0107u ponovi sudjenje, nakon \u0161to je sud <a href=\"http:\/\/www.pcnen.com\/portal\/2014\/08\/12\/pristina-podignuta-optuznica-protiv-olivera-ivanovica\/\">poni\u0161tio prvostepenu presudu kojom<\/a> je bio osu\u0111en n<a href=\"http:\/\/www.pcnen.com\/portal\/2016\/01\/21\/oliveru-ivanovicu-devet-godina-zatvora\/\">a devet godina zatvora <\/a>za ratne zlo\u010dine.<\/p>\n<p>Vlada Srbije pru\u017eila je Euleksu garancije da \u0107e Oliver Ivanovi\u0107, ukoliko mu u ponovljenom postupku koji se protiv njega vodi bude omogu\u0107eno da se brani sa slobode, biti dostupan pravosudnim organima.<\/p>\n","protected":false},"excerpt":{"rendered":"<p>Osnovni sud u sjevernom dijelu Mitrovice odredio je danas lideru Gra\u0111anske inicijative SDP Oliveru Ivanovi\u0107u ku\u0107ni pritvor, rekla je njegova supruga Milena Ivanovi\u0107. Ona je novinarima ispred zgrade suda rekla da je Oliveru Ivanovi\u0107u odredjen ku\u0107ni pritvor, prenosi Beta. Ispred suda su \u010dlanovi Ivanovi\u0107eve porodice, prisutan je veliki broj novinarskih ekipa, a primijetno je i [&hellip;]<\/p>\n","protected":false},"author":1,"featured_media":0,"comment_status":"open","ping_status":"closed","sticky":false,"template":"","format":"standard","meta":{"_seopress_robots_primary_cat":"","_seopress_titles_title":"","_seopress_titles_desc":"","_seopress_robots_index":"","_et_pb_use_builder":"","_et_pb_old_content":"","_et_gb_content_width":"","inline_featured_image":false,"footnotes":""},"categories":[14],"tags":[],"class_list":["post-221799","post","type-post","status-publish","format-standard","hentry","category-vijesti"],"_links":{"self":[{"href":"https:\/\/www.pcnen.com\/portal\/wp-json\/wp\/v2\/posts\/221799","targetHints":{"allow":["GET"]}}],"collection":[{"href":"https:\/\/www.pcnen.com\/portal\/wp-json\/wp\/v2\/posts"}],"about":[{"href":"https:\/\/www.pcnen.com\/portal\/wp-json\/wp\/v2\/types\/post"}],"author":[{"embeddable":true,"href":"https:\/\/www.pcnen.com\/portal\/wp-json\/wp\/v2\/users\/1"}],"replies":[{"embeddable":true,"href":"https:\/\/www.pcnen.com\/portal\/wp-json\/wp\/v2\/comments?post=221799"}],"version-history":[{"count":0,"href":"https:\/\/www.pcnen.com\/portal\/wp-json\/wp\/v2\/posts\/221799\/revisions"}],"wp:attachment":[{"href":"https:\/\/www.pcnen.com\/portal\/wp-json\/wp\/v2\/media?parent=221799"}],"wp:term":[{"taxonomy":"category","embeddable":true,"href":"https:\/\/www.pcnen.com\/portal\/wp-json\/wp\/v2\/categories?post=221799"},{"taxonomy":"post_tag","embeddable":true,"href":"https:\/\/www.pcnen.com\/portal\/wp-json\/wp\/v2\/tags?post=221799"}],"curies":[{"name":"wp","href":"https:\/\/api.w.org\/{rel}","templated":true}]}}