{"id":221268,"date":"2017-02-13T18:16:06","date_gmt":"2017-02-13T17:16:06","guid":{"rendered":"http:\/\/www.pcnen.com\/portal\/?p=221268"},"modified":"2017-02-13T18:17:49","modified_gmt":"2017-02-13T17:17:49","slug":"medojevic-katnic-je-udbaska-tranja-i-nesoj","status":"publish","type":"post","link":"https:\/\/www.pcnen.com\/portal\/2017\/02\/13\/medojevic-katnic-je-udbaska-tranja-i-nesoj\/","title":{"rendered":"Medojevi\u0107: Katni\u0107 je &#8220;udba\u0161ka tranja i nesoj&#8221;"},"content":{"rendered":"<p><a href=\"http:\/\/www.pcnen.com\/portal\/wp-content\/uploads\/2017\/02\/medojevic.jpg\"><img loading=\"lazy\" decoding=\"async\" src=\"http:\/\/www.pcnen.com\/portal\/wp-content\/uploads\/2017\/02\/medojevic.jpg\" alt=\"medojevic\" width=\"273\" height=\"184\" class=\"alignleft size-full wp-image-221269\" \/><\/a>Povodom zahtjeva Specijalnog dr\u017eavnog tu\u017eila\u0161tva Skup\u0161tini Crne Gore za odobrenje za krivi\u010dno gonjenje i odre\u0111ivanje pritvora protiv poslanika DF Andrije Mandi\u0107a i Milana Kne\u017eevi\u0107a, \u010dlan predsjedni\u0161tva DF-a Neboj\u0161a Medojevi\u0107 nazvao je Specijalnog tu\u017eioca Milivoja Katni\u0107a &#8220;udba\u0161kom tranjom i nesojem&#8221;.<\/p>\n<p>\u201cKatni\u0107 je udba\u0161ka tranja i nesoj i mi njemu ne \u0161aljemo poruku ve\u0107 Milu \u0110ukanovi\u0107u. Ako se Vrhovni dr\u017eavni tu\u017eilac Ivica Stankovi\u0107, ve\u0107 danas ne odredi prema ovim odlukama Katni\u0107a i on snosi odgovornost. Ovo \u0161to radi Milo je ozbiljam izazov. O\u010dekujemo zajedni\u010dku akciju svih opozicionih stranaka. DF nije Svetozar Marovi\u0107, tako da nas ne\u0107e slomiti\u201c, poru\u010dio je Medojevi\u0107.<\/p>\n<p>&#8220;Milo je iz Dubaija naredio Katnicu da povu\u010de poteze suprotne Ustavu Crne Gore&#8221;, rekao je Medojevi\u0107 i dodao da je &#8220;\u0110ukanovi\u0107 danas povukao fatalni potez i bacio izazov svim slobodnim gra\u0111anima i me\u0111unarodnoj zajednici&#8221;, prenose mediji. <\/p>\n<p>\u201cMilo provocira rat na Balkanu, jer je Crna Gora iskra koja mo\u017ee da zapali cijeli Balkan. Nas ne mogu zastra\u0161iti kao Marovi\u0107a, ako krenu silom, dobi\u0107e silu\u201c, rekao je Medojevi\u0107.<\/p>\n","protected":false},"excerpt":{"rendered":"<p>Milo provocira rat na Balkanu, jer je Crna Gora iskra koja mo\u017ee da zapali cijeli Balkan<\/p>\n","protected":false},"author":1,"featured_media":0,"comment_status":"open","ping_status":"closed","sticky":false,"template":"","format":"standard","meta":{"_seopress_robots_primary_cat":"","_seopress_titles_title":"","_seopress_titles_desc":"","_seopress_robots_index":"","_et_pb_use_builder":"","_et_pb_old_content":"","_et_gb_content_width":"","inline_featured_image":false,"footnotes":""},"categories":[14,12],"tags":[],"class_list":["post-221268","post","type-post","status-publish","format-standard","hentry","category-vijesti","category-prica-dana"],"_links":{"self":[{"href":"https:\/\/www.pcnen.com\/portal\/wp-json\/wp\/v2\/posts\/221268","targetHints":{"allow":["GET"]}}],"collection":[{"href":"https:\/\/www.pcnen.com\/portal\/wp-json\/wp\/v2\/posts"}],"about":[{"href":"https:\/\/www.pcnen.com\/portal\/wp-json\/wp\/v2\/types\/post"}],"author":[{"embeddable":true,"href":"https:\/\/www.pcnen.com\/portal\/wp-json\/wp\/v2\/users\/1"}],"replies":[{"embeddable":true,"href":"https:\/\/www.pcnen.com\/portal\/wp-json\/wp\/v2\/comments?post=221268"}],"version-history":[{"count":0,"href":"https:\/\/www.pcnen.com\/portal\/wp-json\/wp\/v2\/posts\/221268\/revisions"}],"wp:attachment":[{"href":"https:\/\/www.pcnen.com\/portal\/wp-json\/wp\/v2\/media?parent=221268"}],"wp:term":[{"taxonomy":"category","embeddable":true,"href":"https:\/\/www.pcnen.com\/portal\/wp-json\/wp\/v2\/categories?post=221268"},{"taxonomy":"post_tag","embeddable":true,"href":"https:\/\/www.pcnen.com\/portal\/wp-json\/wp\/v2\/tags?post=221268"}],"curies":[{"name":"wp","href":"https:\/\/api.w.org\/{rel}","templated":true}]}}