{"id":220345,"date":"2017-01-26T08:30:00","date_gmt":"2017-01-26T07:30:00","guid":{"rendered":"http:\/\/www.pcnen.com\/portal\/?p=220345"},"modified":"2017-01-26T08:30:00","modified_gmt":"2017-01-26T07:30:00","slug":"slucaj-mesic-osuditi-treba-ali-on-ostaje-u-borbi-protiv-ustaske-hrvatske","status":"publish","type":"post","link":"https:\/\/www.pcnen.com\/portal\/2017\/01\/26\/slucaj-mesic-osuditi-treba-ali-on-ostaje-u-borbi-protiv-ustaske-hrvatske\/","title":{"rendered":"Slu\u010daj Mesi\u0107: osuditi treba, ali on ostaje u borbi protiv usta\u0161ke Hrvatske"},"content":{"rendered":"<p><strong>Autor: Tomislav Jaki\u0107 <\/strong><\/p>\n<p><a href=\"http:\/\/www.pcnen.com\/portal\/wp-content\/uploads\/2015\/06\/Tomislav-Jakic.jpg\"><img loading=\"lazy\" decoding=\"async\" src=\"http:\/\/www.pcnen.com\/portal\/wp-content\/uploads\/2015\/06\/Tomislav-Jakic-300x224.jpg\" alt=\"Tomislav Jakic\" width=\"300\" height=\"224\" class=\"alignleft size-medium wp-image-182198\" \/><\/a>Afera, jer to jest afera, oko <a href=\"http:\/\/www.pcnen.com\/portal\/2017\/01\/24\/mesic-jasenovac-je-bio-radni-logor\/\" target=\"_blank\">objavljivanja snimke biv\u0161eg Predsjednika Stjepana Mesi\u0107a<\/a> koji je godine 1992. u Novskoj u le\u017eernoj atmosferi i u uskom krugu, dovodio u pitanje karakter usta\u0161kog logora u Jasenovcu, jer je govorio kako su se oni koji su tamo dopremljeni \u201czapravo spasili\u201d, jer je \u201cznalo pro\u0107i i 15 dana, a da nitko ne bude ubijen\u201d, uz primjedbu da su ljudi umirali \u201ckao \u0161to normalno ljudi u ratu umiru\u201d, pogodila je u prvome redu iskrene i istinske antifa\u0161iste u Hrvatskoj, ali je i razotkrila prave motive desni\u010darskih krugova koji su spomenuti snimak u\u010dinili dostupnim javnosti.<\/p>\n<p>Stjepan Mesi\u0107, s kojim je autor ovih redaka blisko sura\u0111ivao gotovo puno desetlje\u0107e, \u010desto se doima kao kontroverzna figura, mada to u osnovi nije.<\/p>\n<p>Rije\u010d je o pragmati\u010dnom politi\u010daru (netko bi mo\u017eda i\u0161ao i tako daleko da ka\u017ee: oportunisti\u010dkom) koji gotovo u svakoj prilici nastoji zadovoljiti krug ljudi s kojima se dru\u017ei, ali koji se u odre\u0111enim situacijama kada ga vodi \u010dvrsto uvjerenje zna postaviti i krajnje kruto i nepokolebivo.<\/p>\n<p>U svojoj bogatoj politi\u010dkoj karijeri dokazao je to najmanje dva puta.<\/p>\n<p>Najprije godine 1971. kada se pridru\u017eio pokretu \u0161to \u0107e kasnije dobiti ime Hrvatsko prolje\u0107e i zbog toga zaradio (i izdr\u017eao) zatvorsku kaznu, a potom godine 1994. kada se na poziciji predsjednika Hrvatskog sabora usprotivio (sve)mo\u0107nom Franji Tu\u0111manu, nastoje\u0107i korigirati kurs hrvatske politike (osobito one prema BiH) koji ga je intimno zabrinjavao od samoga po\u010detka, dakle od dobivenih izbora 1990.<\/p>\n<p>Tada, dodu\u0161e, nije zavr\u0161io u zatvoru, ali je izgubio sve politi\u010dke funkcije i bio sveden na oporbenog politi\u010dara kojemu nitko nije predvi\u0111ao svijetlu budu\u0107nost. To\u010dnije bi bilo re\u0107i: bio je otpisan.<\/p>\n<p>Usprkos tome pobijedio je na predsjedni\u010dkim izborima godine 2000. i potom jo\u0161 jednom godine 2005. Ve\u0107 od razlaza s HDZ-om, a pogotovo u svojih deset predsjedni\u010dkih godina, kao i u godinama nakon toga, oslobo\u0111en bilo kakve strana\u010dke stege i strana\u010dkih autoriteta, pokazao je da to\u010dno zna \u0161to ho\u0107e i da su verbalne eskapade iz prvih godina hrvatske neovisnosti, dapa\u010de i iz vremena kada je bio posljednji predsjednik Predsjedni\u0161tva Jugoslavije, doista bile samo eskapade (ili, kako on ka\u017ee, nepromi\u0161ljeni i proma\u0161eni ustupci tada\u0161njoj politici).<\/p>\n<p>Naravno, i neke od tih izjava, poput ovih sada aktualiziranih o Jasenovcu, takve su da ih mnogi ne\u0107e ni na koji na\u010din mo\u0107i ni razumjeti, a jo\u0161 manje opravdati.<\/p>\n<p>I to je shvatljivo.<\/p>\n<p>No, svatko takav trebao bi uzeti u obzir \u0161to je Stjepan Mesi\u0107 u\u010dinio za me\u0111unarodnu afirmaciju Hrvatske (koja je, u trenutku kada je postao Predsjednik, bila u prakti\u010dnoj izolaciji), \u0161to je u\u010dinio da Hrvatsku \u0161irom svijeta, uklju\u010duju\u0107i s govornice Ujedinjenih naroda, predstavi kao zemlju koja ima svoja stanovi\u0161ta, koja \u2013 dodu\u0161e \u2013 \u017eeli i u Evropsku uniju i u NATO, ali ne zato da bi postala bilo \u010diji poslu\u0161nik.<\/p>\n<p>Osobito bi trebalo uzeti u obzir sve \u0161to je u\u010dinio, odnosno nastojao u\u010diniti (a \u0161to je nakon njegovih mandata dobrim dijelom razgra\u0111eno) na reafirmiranju do tada samo u preambuli Ustava prisutnoga antifa\u0161izma i njegovih vrijednosti, \u0161to je uporno radio ne bi li u svijest ve\u0107 dobrano indoktrinirane (i zaglupljene) javnosti prodrla svijest o povijesno neporecivoj \u010dinjenici da je, kako je \u010desto govorio, \u201cHrvatska stvorena u Narodno-oslobodila\u010dkom ratu, a obranjena u Domovinskom ratu\u201d.<\/p>\n<p>Imao je ki\u010dme ispri\u010dati se, u ime Dr\u017eave, zbog usta\u0161kih zlo\u010dina i u izraelskom parlamentu, i na mjestu nekada\u0161njeg logora u Jasenovcu.<\/p>\n<p>On osobno nije se zbog toga nikome morao ispri\u010davati, jer s time nije ni imao bilo kakve veze.<\/p>\n<p>Ali, Republika Hrvatska koju od samoga po\u010detka prati tamna sjena usta\u0161tva, morala se ispri\u010dati kako bi se legitimirala kao prihvatljiv \u010dlan obitelji demokratskih zemalja, izgra\u0111enih na temeljima antifa\u0161izma.<\/p>\n<p>I Stjepan Mesi\u0107 je taj zadatak obavio.<\/p>\n<p>A posljednje \u0161to mu treba to je da ga danas proziva nekada\u0161nji bliski Tu\u0111manov suradnik, \u201cobja\u0161njavaju\u0107i\u201d da bi Mesi\u0107 bio izba\u010den iz HDZ-a da je prvi Predsjednik znao \u0161to govori o Jasenovcu.<\/p>\n<p>Nema teorije da bi bio izba\u010den, kada je taj prvi Predsjednik u\u0161ao u anale zbog izjave kako je \u201csretan \u0161to mu \u017eena nije ni Srpkinja, ni \u017didovka\u201d i kada, usprkos silnim naporima, nije mogao dobiti poziv da posjeti Izrael zbog nekih dijelova njegove knjige neobi\u010dna naslova \u201cBespu\u0107a povijesne zbiljnosti\u201d, a koji su ocijenjeni antisemitskima.<\/p>\n<p>A ne bi sigurno bio izba\u010den ni zbog toga \u0161to su tada hrvatski vojnici odlazili na frontu pjevaju\u0107i pjesme o (usta\u0161kim zlo\u010dincima) Rafaelu Bobanu i Juri Franceti\u0107u, \u0161to se jedna postrojba HV zvala po tome istome Bobanu, \u0161to su u nekim vojarnama Hrvatske vojske bile istaknute slike usta\u0161kog poglavnika Ante Paveli\u0107a.<\/p>\n<p>Je li to sve bilo Mesi\u0107evo djelo? Naravno da nije.<\/p>\n<p>Je li Tu\u0111man to znao? Naravno da jest.<\/p>\n<p>I tako dolazimo do sr\u017ei aktualne afere. Javnosti je, kao gladnome psu kost, ba\u010dena davna Mesi\u0107eva (u svakoj rije\u010di neprihvatljiva!) izjava o Jasenovcu i jo\u0161 pone\u010demu, da bi se otvorila rasprava o njemu i da bi ga se totalno diskreditiralo.<\/p>\n<p>Jer, on je, kao simbol, a na temelju svega \u0161to je radio kroz gotovo puna dva desetlje\u0107a, posljednji oslonac sve vi\u0161e marginaliziranog antifa\u0161izma u Hrvatskoj, a kroz to i posljednja prepreka radikalnoj desnici.<\/p>\n<p>Ta desnica ve\u0107 trubi na juri\u0161 revidiranja povijesti, ukidanja sekularnog karaktera ako ne Dr\u017eave, a ono svakako obrazovanja i jedva \u010deka po\u010detak lustriranja (bolj\u0161evici bi rekli: \u010distke) nepo\u0107udnih, koje bi se u aktualnim hrvatskim prilikama moglo nazvati i nesalomljivima.<\/p>\n<p>Desnica treba (i sama ga sebi stvara) slobodno polje djelovanja.<\/p>\n<p>Stoga bi bilo mudro shvatiti kako sada nije trenutak ni za osu\u0111ivanje onoga \u0161to bez imalo dvojbe zaslu\u017euje osudu, ni za obranu neobranjivoga, nego za stvaranje zajedni\u0161tva svih koji, na osnovama antifa\u0161izma, sli\u010dno misle i za koncipiranje programa konkretnih akcija kojima bi se (jo\u0161) misle\u0107i dio Hrvatske usprotivio radikalnom divlja\u0161tvu \u0161to se valja iza usta\u0161kog pozdrava \u201dZa dom \u2013 spremni\u201d i iza najave obra\u010duna sa svima onima koji, kako nedavno re\u010de Predsjednica, \u201ciritiraju hrvatski narod\u201d.<\/p>\n<p>Davni snimak iz Novske plasiran je u javnost upravo kako bi se tako ne\u0161to sprije\u010dilo.<\/p>\n<p>I sva je prilika da \u0107e sli\u010dnih otkri\u0107a biti jo\u0161. Upravo zato ne treba nasjesti, a biv\u0161em Predsjedniku trebalo bi omogu\u0107iti, uz jasnu osudu onoga \u0161to je govorio godine 1992. da i dalje bude dio borbe za Hrvatsku 21. stolje\u0107a, a protiv vra\u0107anja Hrvatske u \u010detrdesete godine pro\u0161loga stolje\u0107a.<\/p>\n<p>Ne treba zaboraviti. Najprije padaju simboli.<\/p>\n<p>Upravo zato ne bi se smjelo dopustiti ru\u0161enje simbola reafirmiranja antifa\u0161izma u Hrvatskoj, ma koliko da je izjavom iz Novske mnogima dao argument za to.<\/p>\n<p>Ili: postavimo stvari druga\u010dije: kolika je te\u017eina \u010detiri godine i nekoliko apsolutno neprihvatljivih izjava iz toga vremena u usporedbi s dvadesetak godina i svega onoga pozitivnoga iz toga razdoblja?<\/p>\n<p>Do odgovora nije te\u0161ko do\u0107i.<\/p>\n<p><a href=\"http:\/\/www.autograf.hr\/slucaj-mesic-osuditi-treba-ali-on-ostaje-u-borbi-protiv-ustaske-hrvatske-2\/\" target=\"_blank\">Autograf<\/a><\/p>\n","protected":false},"excerpt":{"rendered":"<p>Javnosti je, kao gladnome psu kost, ba\u010dena davna Mesi\u0107eva (u svakoj rije\u010di neprihvatljiva!) izjava o Jasenovcu i jo\u0161 pone\u010demu, da bi se otvorila rasprava o njemu i da bi ga se totalno diskreditiralo<\/p>\n","protected":false},"author":1,"featured_media":0,"comment_status":"open","ping_status":"closed","sticky":false,"template":"","format":"standard","meta":{"_seopress_robots_primary_cat":"","_seopress_titles_title":"","_seopress_titles_desc":"","_seopress_robots_index":"","_et_pb_use_builder":"","_et_pb_old_content":"","_et_gb_content_width":"","inline_featured_image":false,"footnotes":""},"categories":[5],"tags":[],"class_list":["post-220345","post","type-post","status-publish","format-standard","hentry","category-drugi-pisu"],"_links":{"self":[{"href":"https:\/\/www.pcnen.com\/portal\/wp-json\/wp\/v2\/posts\/220345","targetHints":{"allow":["GET"]}}],"collection":[{"href":"https:\/\/www.pcnen.com\/portal\/wp-json\/wp\/v2\/posts"}],"about":[{"href":"https:\/\/www.pcnen.com\/portal\/wp-json\/wp\/v2\/types\/post"}],"author":[{"embeddable":true,"href":"https:\/\/www.pcnen.com\/portal\/wp-json\/wp\/v2\/users\/1"}],"replies":[{"embeddable":true,"href":"https:\/\/www.pcnen.com\/portal\/wp-json\/wp\/v2\/comments?post=220345"}],"version-history":[{"count":0,"href":"https:\/\/www.pcnen.com\/portal\/wp-json\/wp\/v2\/posts\/220345\/revisions"}],"wp:attachment":[{"href":"https:\/\/www.pcnen.com\/portal\/wp-json\/wp\/v2\/media?parent=220345"}],"wp:term":[{"taxonomy":"category","embeddable":true,"href":"https:\/\/www.pcnen.com\/portal\/wp-json\/wp\/v2\/categories?post=220345"},{"taxonomy":"post_tag","embeddable":true,"href":"https:\/\/www.pcnen.com\/portal\/wp-json\/wp\/v2\/tags?post=220345"}],"curies":[{"name":"wp","href":"https:\/\/api.w.org\/{rel}","templated":true}]}}