{"id":220324,"date":"2017-01-25T15:19:57","date_gmt":"2017-01-25T14:19:57","guid":{"rendered":"http:\/\/www.pcnen.com\/portal\/?p=220324"},"modified":"2017-01-25T15:19:57","modified_gmt":"2017-01-25T14:19:57","slug":"sns-cg-trazi-od-ombudsmana-cirilica-po-ustavu","status":"publish","type":"post","link":"https:\/\/www.pcnen.com\/portal\/2017\/01\/25\/sns-cg-trazi-od-ombudsmana-cirilica-po-ustavu\/","title":{"rendered":"SNS CG tra\u017ei od ombudsmana \u2013 \u0107irilica po Ustavu"},"content":{"rendered":"<p><a href=\"http:\/\/www.pcnen.com\/portal\/wp-content\/uploads\/2013\/09\/cirilica2.jpg\"><img loading=\"lazy\" decoding=\"async\" src=\"http:\/\/www.pcnen.com\/portal\/wp-content\/uploads\/2013\/09\/cirilica2.jpg\" alt=\"cirilica2\" width=\"249\" height=\"202\" class=\"alignleft size-full wp-image-124312\" \/><\/a>Srpski nacionalni savjet Crne Gore se obratio za\u0161titniku ljudskih prava i sloboda \u0160u\u0107ku Bakovi\u0107u i zatra\u017eio prijem delegacije, a povod za to je \u201ckr\u0161enja Ustavom garantovanih i davno ste\u010denih prava koja su od izuzetne va\u017enosti za o\u010duvanje nacionalnog, kulturnog i jezi\u010dkog identiteta srpskog naroda u Crnoj Gori\u201d.<\/p>\n<p>\u201cUstavom garantovana ravnopravnost \u0107irili\u010dnog pisma gotovo u potpunosti je izop\u0161tena iz dr\u017eavnog i administratvinog komuniciranja, \u0161to je te\u017eak udarac o\u010duvanju srpskog nacionalnog, kulturnog i jezi\u010dkog identiteta. \u0106irilica danas u Crnoj Gori ima status samo dozvoljenog, ali ne i ravnopravnog i obavezuju\u0107eg pisma, pa su tako svi javni natpisi, nazivi ustanova, institucija, \u0161kola, svi putokazi, nazivi ulica i sve drugo ispisani latinicom. Na latinici se vodi sva dr\u017eavna administracija i koorespodencija uz poptuno zapostavljanje \u0107irili\u010dnog pisma. Ukoliko bi se nastavio ovakav trend napu\u0161tanja \u0107irilice nje bi u veoma kratkom vremenu naprosto nestalo sa ovog prostora, \u0161to bi bio ne samo nedopustiv diskriminatorski \u010din prema onom dijelu ovda\u0161njeg stanovni\u0161tva koji to pismo do\u017eivljava kao jedan od najva\u017enijih \u010dinilaca svog nacionalnog, kulturnog, jezi\u010dkog i duhovnog identiteta, nego i nezapam\u0107eno nasilje nad istorijom i kulturom Crne Gore\u201d, navedeno je u obra\u0107anju Srpskog nacionalnog savjeta CG, uz napomenu, da ne \u201cpostoji nijedan razlog za potiskivanje i napu\u0161tanje \u0107irilice, ni istorijski, ni kulturni, ni estetski, ni lingvisti\u010dki, ni vjerski, ni tehni\u010dko-tehnolo\u0161ki\u201d.<\/p>\n<p>Od za\u0161titnika ljudskih prava i sloboda se tra\u017ei da upozori i tra\u017ei \u201cod dr\u017eavnih institucija Crne Gore da se \u0107irili\u010dno pismo u svim segmentima upotrebe ravnopravno tretira sa latini\u010dnim pismom, onako kako je to postignuto u svim zemljama regiona, odnosno biv\u0161e zajedni\u010dke dr\u017eave gdje se struktura stanovni\u0161tva razlikuje po nacionalnom, kulturnom i vjerskom sastavu\u201d.<\/p>\n<p>\u201cUpozoravamo Vas, ali i dr\u017eavne institucije Crne Gore da ukoliko se upotreba \u0107irili\u010dnog pisma u potpunosti ne upodobi sa ustavnom odredbom o ravnopravnosti pisama, \u0107irilice i latinice, da \u0107emo kao organizacija koja se bavi za\u0161titom identiteta srpskog naroda u Crnoj Gori biti prinu\u0111eni da se na sve dopustive na\u010dine borimo za po\u0161tovanje ustavne odredbe, koja nedvosmisleno svjedo\u010di da su \u0107irili\u010dno i latini\u010dno pismo ravnopravni\u201d, zaklju\u010dna je poruka Srpskog nacionalnog savjeta CG.<\/p>\n","protected":false},"excerpt":{"rendered":"<p>Srpski nacionalni savjet Crne Gore se obratio za\u0161titniku ljudskih prava i sloboda \u0160u\u0107ku Bakovi\u0107u i zatra\u017eio prijem delegacije, a povod za to je \u201ckr\u0161enja Ustavom garantovanih i davno ste\u010denih prava koja su od izuzetne va\u017enosti za o\u010duvanje nacionalnog, kulturnog i jezi\u010dkog identiteta srpskog naroda u Crnoj Gori\u201d. \u201cUstavom garantovana ravnopravnost \u0107irili\u010dnog pisma gotovo u potpunosti [&hellip;]<\/p>\n","protected":false},"author":1,"featured_media":0,"comment_status":"open","ping_status":"closed","sticky":false,"template":"","format":"standard","meta":{"_seopress_robots_primary_cat":"","_seopress_titles_title":"","_seopress_titles_desc":"","_seopress_robots_index":"","_et_pb_use_builder":"","_et_pb_old_content":"","_et_gb_content_width":"","inline_featured_image":false,"footnotes":""},"categories":[14,12],"tags":[],"class_list":["post-220324","post","type-post","status-publish","format-standard","hentry","category-vijesti","category-prica-dana"],"_links":{"self":[{"href":"https:\/\/www.pcnen.com\/portal\/wp-json\/wp\/v2\/posts\/220324","targetHints":{"allow":["GET"]}}],"collection":[{"href":"https:\/\/www.pcnen.com\/portal\/wp-json\/wp\/v2\/posts"}],"about":[{"href":"https:\/\/www.pcnen.com\/portal\/wp-json\/wp\/v2\/types\/post"}],"author":[{"embeddable":true,"href":"https:\/\/www.pcnen.com\/portal\/wp-json\/wp\/v2\/users\/1"}],"replies":[{"embeddable":true,"href":"https:\/\/www.pcnen.com\/portal\/wp-json\/wp\/v2\/comments?post=220324"}],"version-history":[{"count":0,"href":"https:\/\/www.pcnen.com\/portal\/wp-json\/wp\/v2\/posts\/220324\/revisions"}],"wp:attachment":[{"href":"https:\/\/www.pcnen.com\/portal\/wp-json\/wp\/v2\/media?parent=220324"}],"wp:term":[{"taxonomy":"category","embeddable":true,"href":"https:\/\/www.pcnen.com\/portal\/wp-json\/wp\/v2\/categories?post=220324"},{"taxonomy":"post_tag","embeddable":true,"href":"https:\/\/www.pcnen.com\/portal\/wp-json\/wp\/v2\/tags?post=220324"}],"curies":[{"name":"wp","href":"https:\/\/api.w.org\/{rel}","templated":true}]}}