{"id":220287,"date":"2017-01-24T21:43:40","date_gmt":"2017-01-24T20:43:40","guid":{"rendered":"http:\/\/www.pcnen.com\/portal\/?p=220287"},"modified":"2017-01-24T21:44:25","modified_gmt":"2017-01-24T20:44:25","slug":"vjetar-olujne-jacine-ponegdje-na-primorju","status":"publish","type":"post","link":"https:\/\/www.pcnen.com\/portal\/2017\/01\/24\/vjetar-olujne-jacine-ponegdje-na-primorju\/","title":{"rendered":"Vjetar olujne ja\u010dine ponegdje na primorju"},"content":{"rendered":"<p><a href=\"http:\/\/www.pcnen.com\/portal\/wp-content\/uploads\/2015\/12\/vjetrovito.jpg\"><img loading=\"lazy\" decoding=\"async\" src=\"http:\/\/www.pcnen.com\/portal\/wp-content\/uploads\/2015\/12\/vjetrovito-300x194.jpg\" alt=\"vjetrovito\" width=\"300\" height=\"194\" class=\"alignleft size-medium wp-image-194943\" \/><\/a>Na sjeveru Crne Gore bi\u0107e sjutra umjereno do potpuno obla\u010dno, a tokom jutra ili prijepodneva \u0107e ponegdje padati slab snijeg. U ostalim djelovima zemlje bi\u0107e promjenljivo obla\u010dno sa du\u017eim sun\u010danim intervalima. <\/p>\n<p>Uglavnom sjeveroisto\u010dni vjetar bi\u0107e umjeren do jak, a na udare povremeno i veoma jak; na primorju ponegdje mogu\u0107e i olujne ja\u010dine.<\/p>\n<p>Jutarnja temperatura vazduha bi\u0107e u rasponu od -11 do 6, a najvi\u0161a dnevna od -5 do 12 stepeni.<\/p>\n<p>Malo do umjereno obla\u010dno sa sun\u010danim intervalima bi\u0107e u Podgorici. Sjeveroisto\u010dnjak \u0107e biti  umjeren do jak, a na udare povremeno i veoma jak. Jutarnja temperatura vazduha bi\u0107e oko 3, a najvi\u0161a dnevna do 9 stepeni.<\/p>\n<p><a href=\"http:\/\/www.meteo.co.me\/misc.php?text=121&#038;sektor=1&#038;grad=KOL\" target=\"_blank\">Prognoza za ostale gradove.<\/a><\/p>\n","protected":false},"excerpt":{"rendered":"<p>Jutarnja temperatura vazduha bi\u0107e u rasponu od -11 do 6, a najvi\u0161a dnevna od -5 do 12 stepeni<\/p>\n","protected":false},"author":1,"featured_media":0,"comment_status":"open","ping_status":"closed","sticky":false,"template":"","format":"standard","meta":{"_seopress_robots_primary_cat":"","_seopress_titles_title":"","_seopress_titles_desc":"","_seopress_robots_index":"","_et_pb_use_builder":"","_et_pb_old_content":"","_et_gb_content_width":"","inline_featured_image":false,"footnotes":""},"categories":[14,12],"tags":[],"class_list":["post-220287","post","type-post","status-publish","format-standard","hentry","category-vijesti","category-prica-dana"],"_links":{"self":[{"href":"https:\/\/www.pcnen.com\/portal\/wp-json\/wp\/v2\/posts\/220287","targetHints":{"allow":["GET"]}}],"collection":[{"href":"https:\/\/www.pcnen.com\/portal\/wp-json\/wp\/v2\/posts"}],"about":[{"href":"https:\/\/www.pcnen.com\/portal\/wp-json\/wp\/v2\/types\/post"}],"author":[{"embeddable":true,"href":"https:\/\/www.pcnen.com\/portal\/wp-json\/wp\/v2\/users\/1"}],"replies":[{"embeddable":true,"href":"https:\/\/www.pcnen.com\/portal\/wp-json\/wp\/v2\/comments?post=220287"}],"version-history":[{"count":0,"href":"https:\/\/www.pcnen.com\/portal\/wp-json\/wp\/v2\/posts\/220287\/revisions"}],"wp:attachment":[{"href":"https:\/\/www.pcnen.com\/portal\/wp-json\/wp\/v2\/media?parent=220287"}],"wp:term":[{"taxonomy":"category","embeddable":true,"href":"https:\/\/www.pcnen.com\/portal\/wp-json\/wp\/v2\/categories?post=220287"},{"taxonomy":"post_tag","embeddable":true,"href":"https:\/\/www.pcnen.com\/portal\/wp-json\/wp\/v2\/tags?post=220287"}],"curies":[{"name":"wp","href":"https:\/\/api.w.org\/{rel}","templated":true}]}}