{"id":220049,"date":"2017-01-20T07:33:11","date_gmt":"2017-01-20T06:33:11","guid":{"rendered":"http:\/\/www.pcnen.com\/portal\/?p=220049"},"modified":"2017-01-20T21:51:38","modified_gmt":"2017-01-20T20:51:38","slug":"danas-bez-padavina","status":"publish","type":"post","link":"https:\/\/www.pcnen.com\/portal\/2017\/01\/20\/danas-bez-padavina\/","title":{"rendered":"Danas bez padavina"},"content":{"rendered":"<p><a href=\"http:\/\/www.pcnen.com\/portal\/wp-content\/uploads\/2012\/02\/prognoza-vremena.jpg\"><img loading=\"lazy\" decoding=\"async\" src=\"http:\/\/www.pcnen.com\/portal\/wp-content\/uploads\/2012\/02\/prognoza-vremena.jpg\" alt=\"prognoza vremena\" width=\"300\" height=\"215\" class=\"alignleft size-full wp-image-74822\" \/><\/a>U ju\u017enim i centralnim krajevima Crne Gore bi\u0107e prete\u017eno sun\u010dano, uz mjestimi\u010dno umjerenu obla\u010dnost tokom jutra ili prijepodneva. Na sjeveru Crne Gore bi\u0107e promjenljivo obla\u010dno sa sun\u010danim intervalima. <\/p>\n<p>Vjetar slab do umjeren duva\u0107e uglavnom sa sjevera, s tim \u0161to \u0107e na primorju bivati i poja\u010dan, a isto\u010dnjak i sjeveroisto\u010dnjak \u0107e na krajnjem jugoistoku na udare  biti i jak.<\/p>\n<p>Jutarnja temperatura vazduha bi\u0107e u rasponu od -12 do 5, a najvi\u0161a dnevna od -3 do 11 stepeni.<\/p>\n<p>Prete\u017eno sun\u010dano bi\u0107e u Podgorici, uz umjerenu obla\u010dnost tokom jutra ili prijepodneva. Sjeveroisto\u010dnjak \u0107e biti slab do umjeren. Jutarnja temperatura vazduha bi\u0107e oko 1, a najvi\u0161a dnevna do 10 stepeni.<\/p>\n<p><a href=\"http:\/\/www.meteo.co.me\/misc.php?text=121&#038;sektor=1&#038;grad=ZAB\" target=\"_blank\">Prognoza za ostale gradove.<\/a><\/p>\n","protected":false},"excerpt":{"rendered":"<p>U ju\u017enim i centralnim krajevima Crne Gore bi\u0107e prete\u017eno sun\u010dano, uz mjestimi\u010dno umjerenu obla\u010dnost tokom jutra ili prijepodneva. Na sjeveru Crne Gore bi\u0107e promjenljivo obla\u010dno sa sun\u010danim intervalima. Vjetar slab do umjeren duva\u0107e uglavnom sa sjevera, s tim \u0161to \u0107e na primorju bivati i poja\u010dan, a isto\u010dnjak i sjeveroisto\u010dnjak \u0107e na krajnjem jugoistoku na udare [&hellip;]<\/p>\n","protected":false},"author":1,"featured_media":0,"comment_status":"open","ping_status":"closed","sticky":false,"template":"","format":"standard","meta":{"_seopress_robots_primary_cat":"","_seopress_titles_title":"","_seopress_titles_desc":"","_seopress_robots_index":"","_et_pb_use_builder":"","_et_pb_old_content":"","_et_gb_content_width":"","inline_featured_image":false,"footnotes":""},"categories":[14],"tags":[],"class_list":["post-220049","post","type-post","status-publish","format-standard","hentry","category-vijesti"],"_links":{"self":[{"href":"https:\/\/www.pcnen.com\/portal\/wp-json\/wp\/v2\/posts\/220049","targetHints":{"allow":["GET"]}}],"collection":[{"href":"https:\/\/www.pcnen.com\/portal\/wp-json\/wp\/v2\/posts"}],"about":[{"href":"https:\/\/www.pcnen.com\/portal\/wp-json\/wp\/v2\/types\/post"}],"author":[{"embeddable":true,"href":"https:\/\/www.pcnen.com\/portal\/wp-json\/wp\/v2\/users\/1"}],"replies":[{"embeddable":true,"href":"https:\/\/www.pcnen.com\/portal\/wp-json\/wp\/v2\/comments?post=220049"}],"version-history":[{"count":0,"href":"https:\/\/www.pcnen.com\/portal\/wp-json\/wp\/v2\/posts\/220049\/revisions"}],"wp:attachment":[{"href":"https:\/\/www.pcnen.com\/portal\/wp-json\/wp\/v2\/media?parent=220049"}],"wp:term":[{"taxonomy":"category","embeddable":true,"href":"https:\/\/www.pcnen.com\/portal\/wp-json\/wp\/v2\/categories?post=220049"},{"taxonomy":"post_tag","embeddable":true,"href":"https:\/\/www.pcnen.com\/portal\/wp-json\/wp\/v2\/tags?post=220049"}],"curies":[{"name":"wp","href":"https:\/\/api.w.org\/{rel}","templated":true}]}}