{"id":219900,"date":"2017-01-17T11:47:21","date_gmt":"2017-01-17T10:47:21","guid":{"rendered":"http:\/\/www.pcnen.com\/portal\/?p=219900"},"modified":"2017-01-17T11:47:21","modified_gmt":"2017-01-17T10:47:21","slug":"aleksandar-ili-sasa-sindelic","status":"publish","type":"post","link":"https:\/\/www.pcnen.com\/portal\/2017\/01\/17\/aleksandar-ili-sasa-sindelic\/","title":{"rendered":"Aleksandar ili Sa\u0161a Sin\u0111eli\u0107?"},"content":{"rendered":"<p><a href=\"http:\/\/www.pcnen.com\/portal\/wp-content\/uploads\/2016\/11\/aleksandar-sindelic.jpg\"><img loading=\"lazy\" decoding=\"async\" src=\"http:\/\/www.pcnen.com\/portal\/wp-content\/uploads\/2016\/11\/aleksandar-sindelic-300x300.jpg\" alt=\"aleksandar-sindelic\" width=\"300\" height=\"300\" class=\"alignleft size-medium wp-image-215948\" \/><\/a>Portal In4S otkriva danas da se dr\u017eavljanin Srbije koji je osumnji\u010den za stvaranje kriminalne organizacije i poku\u0161aj nasilnog ru\u0161enja ustavnog poretka na dan parlamentarnih izbora lani i koji je dobio status svjedoka saradnika ne zove Aleksandar Sin\u0111eli\u0107, nego Sa\u0161a Sin\u0111eli\u0107.<\/p>\n<p>In 4S je objavio fotokopije li\u010dne karte i izvoda iz knjige ro\u0111enih.<\/p>\n<p>Specijalno dr\u017eavno tu\u017eila\u0161tvo Crne Gore i medije su cijelo vrijeme govorili o Aleksandru Sin\u0111eli\u0107u, a tek je u posljednjem saop\u0161tenju SDT navedeno da je rije\u010d o Sa\u0161i Sin\u0111eli\u0107u.<\/p>\n<p><a href=\"http:\/\/www.in4s.net\/skandalozno-specijalni-katnic-izmislio-svjedoka-saradnika-aleksandra-sindjelica-video\/\" target=\"_blank\">In4S ovo navodi <\/a>kao jo\u0161 jedan dokaz u prilog tezi da je cijela pri\u010da o terorizmu i dr\u017eavnom udaru konstrukcija crnogorskog re\u017eima.<\/p>\n","protected":false},"excerpt":{"rendered":"<p>Portal In4S otkriva danas da se dr\u017eavljanin Srbije koji je osumnji\u010den za stvaranje kriminalne organizacije i poku\u0161aj nasilnog ru\u0161enja ustavnog poretka na dan parlamentarnih izbora lani i koji je dobio status svjedoka saradnika ne zove Aleksandar Sin\u0111eli\u0107, nego Sa\u0161a Sin\u0111eli\u0107. In 4S je objavio fotokopije li\u010dne karte i izvoda iz knjige ro\u0111enih. Specijalno dr\u017eavno tu\u017eila\u0161tvo [&hellip;]<\/p>\n","protected":false},"author":1,"featured_media":0,"comment_status":"open","ping_status":"closed","sticky":false,"template":"","format":"standard","meta":{"_seopress_robots_primary_cat":"","_seopress_titles_title":"","_seopress_titles_desc":"","_seopress_robots_index":"","_et_pb_use_builder":"","_et_pb_old_content":"","_et_gb_content_width":"","inline_featured_image":false,"footnotes":""},"categories":[14],"tags":[],"class_list":["post-219900","post","type-post","status-publish","format-standard","hentry","category-vijesti"],"_links":{"self":[{"href":"https:\/\/www.pcnen.com\/portal\/wp-json\/wp\/v2\/posts\/219900","targetHints":{"allow":["GET"]}}],"collection":[{"href":"https:\/\/www.pcnen.com\/portal\/wp-json\/wp\/v2\/posts"}],"about":[{"href":"https:\/\/www.pcnen.com\/portal\/wp-json\/wp\/v2\/types\/post"}],"author":[{"embeddable":true,"href":"https:\/\/www.pcnen.com\/portal\/wp-json\/wp\/v2\/users\/1"}],"replies":[{"embeddable":true,"href":"https:\/\/www.pcnen.com\/portal\/wp-json\/wp\/v2\/comments?post=219900"}],"version-history":[{"count":0,"href":"https:\/\/www.pcnen.com\/portal\/wp-json\/wp\/v2\/posts\/219900\/revisions"}],"wp:attachment":[{"href":"https:\/\/www.pcnen.com\/portal\/wp-json\/wp\/v2\/media?parent=219900"}],"wp:term":[{"taxonomy":"category","embeddable":true,"href":"https:\/\/www.pcnen.com\/portal\/wp-json\/wp\/v2\/categories?post=219900"},{"taxonomy":"post_tag","embeddable":true,"href":"https:\/\/www.pcnen.com\/portal\/wp-json\/wp\/v2\/tags?post=219900"}],"curies":[{"name":"wp","href":"https:\/\/api.w.org\/{rel}","templated":true}]}}