{"id":219876,"date":"2017-01-17T08:21:24","date_gmt":"2017-01-17T07:21:24","guid":{"rendered":"http:\/\/www.pcnen.com\/portal\/?p=219876"},"modified":"2017-01-17T08:23:14","modified_gmt":"2017-01-17T07:23:14","slug":"mi-zivimo-feudalni-sistem","status":"publish","type":"post","link":"https:\/\/www.pcnen.com\/portal\/2017\/01\/17\/mi-zivimo-feudalni-sistem\/","title":{"rendered":"Mi \u017eivimo feudalni sistem"},"content":{"rendered":"<p><strong>Razgovarao: Dragan Bursa\u0107<\/strong><\/p>\n<p><a href=\"http:\/\/www.pcnen.com\/portal\/wp-content\/uploads\/2017\/01\/Damir-Miljevic.jpg\"><img loading=\"lazy\" decoding=\"async\" src=\"http:\/\/www.pcnen.com\/portal\/wp-content\/uploads\/2017\/01\/Damir-Miljevic-300x220.jpg\" alt=\"Damir Miljevic\" width=\"300\" height=\"220\" class=\"alignleft size-medium wp-image-219877\" \/><\/a>Razgovarali smo sa Damirom Miljevi\u0107em, ekonomistom, koj za sebe ka\u017ee da nije pesimista, nego samo bolje obavije\u0161ten realista. U intervju za BUKU, rekao nam je \u0161okantne podatke koliko smo mi zapravo u godinama daleko od pojedinih evropskih dr\u017eava, pojasnio \u0161ta je su\u0161tina rada i sprege doma\u0107ih politi\u010dara i Me\u0111unarodne zajednice, pojasnio kult \u201cradnog mjesta\u201d, sam poku\u0161ao da postavi i odgvori na pitanja, koja niko ne pita. Saznali smo i za\u0161to je blagoslov \u0161to je nestalo para gradskim ocima, te smo ostali bez zgrade baleta, opere i novog stadiona&#8230;<\/p>\n<p>Sve i jo\u0161 mnogo vi\u0161e saznajte iz intervjua.<\/p>\n<p><strong>Gospodine Miljevi\u0107u, kako \u010dujemo i politi\u010dari ka\u017eu da \u0107e ovo biti izuzetno te\u0161ka godina. Nije izborna, pa su i oni, \u010dini se progovorili istinu. Kao ekonomista, \u0161ta vi mo\u017eete re\u0107i. I o godini i o politi\u010darima?<br \/>\n<\/strong><br \/>\nPa, \u0161to se ti\u010de politi\u010dara, za njih je svaka godina dobra, a o\u010dito u 2017. nema izbora, pa su postali malo, malo realniji prema narodu. Obzirom na sve \u0161to se de\u0161ava u BIH i RS-u i kako to u nekom kontinuitetu ide ovih zadnjih godina, ja ne o\u010dekujem ni\u0161ta dobro u ovoj godini, bez obzira \u0161ta ko pri\u010da i \u0161ta ko obe\u0107ava. U ekonomiji vidimo da nema nikakvih ozbiljnih promjena. 2017 \u0107e biti jo\u0161 jedna izgubljena godina koju su pojeli na\u0161i politi\u010dari. <\/p>\n<p><strong>Kao ekonomista, kako mo\u017eete laiku objasniti u kakvoj situaciji je Republika Srpska? Do\u0161ao sam do podatka da je dug preko 5 milijardi maraka. <\/strong><\/p>\n<p>Ono \u0161to se de\u0161ava u zadnjih 7-8 godina je to da vlasti u Republici Srpskoj sve apetite namiruju, ne iz realnih prihoda, nego iz onoga koliko njima treba para, a to koliko njima treba para uzimaju iz kredita. Zna\u010di ,ono \u0161to se radi u zadnjih 8-9 godina je bjesomu\u010dno zadu\u017eivanje bez postavljanja suvislog pitanja- Za\u0161to se zadu\u017eujemo, a jo\u0161 manje bez odgovora na pitanje kako \u0107emo i ko \u0107e to da vrati. <\/p>\n<p><strong>Samo u ovoj godini, ako se ne varam, planirano je zadu\u017eivanje od oko 570 miliona maraka. A, stalno se  iznova postavlja pitanje, \u0161ta \u0107e se desiti kada do\u0111u na naplatu sve te rate sa kamatama? Zaista, ko \u0107e to da plati? <\/strong><\/p>\n<p>Uvijek na kraju plate gra\u0111ani. Iz jednog jednostavnog razloga, gra\u0111ani su jedini koji stvaraju novu vrijednost. Dr\u017eava im onda pokupi dobar dio i iz toga vra\u0107a kredite. Prema tome, ovo \u0107e da vrate gra\u0111ani, a problem je \u0161to niko gra\u0111ane nije pitao kad su se krediti uzimali. <\/p>\n<p><strong>Ne bih sada da se bavim futurologijom, ali zaista kako \u0107e izgledati dan naplate? <\/strong><\/p>\n<p>Izgleda\u0107e ovako kako ve\u0107 izgleda. Zna\u010di, uslov za pare MMF-a je izme\u0111u ostalog, podizanje akciza na gorivo. Za\u0161to se podi\u017eu akcize za gorivo? Zato \u0161to ne mo\u017eemo vra\u0107ati kredite koje smo ve\u0107 uzeli za izgradnju infrastrukture, preciznije autoputeva. Ti projekti nisu bili ekonomski opravdani. Prema tome, ovo \u0161to se sad de\u0161ava, de\u0161ava\u0107e se i ubudu\u0107e. Podigni cijenu goriva za 20-30 pfeninga, a onda taj novac prebaci da se otplate krediti. <\/p>\n<p><strong>Da li \u0107e se stati samo na gorivu ili \u0107e nameti biti stavljeni i na druge robe? <\/strong><\/p>\n<p>Ovaj namet \u0107e i\u0107i samo na gorivo. Me\u0111utim, podizanje cijene goriva \u0107e neumitno dovesti do poskupljenja svih proizvoda. U krajnjoj varijanti, sav teret \u0107e i\u0107i preko le\u0111a obi\u010dnog gra\u0111anina. <\/p>\n<p><strong>Puno puta smo \u010duli apokalipti\u010dne vizije i prejudikacije budu\u0107nosti, pri\u010de o ekonomskom krahu, ali on se ne de\u0161ava. Do kada \u0107e ovakvo stanje trajati? <\/strong><\/p>\n<p>Ovo mo\u017ee da traje beskona\u010dno. Dok god imate me\u0111unarodne finansijske organizacije, spremne da vam daju novac. A, one su jaako spremne da daju novac, sve do trenutka dok ima jo\u0161 neko u sistemu dru\u0161tvenog bogatstva koje se mo\u017ee privatizirati. <\/p>\n<p><strong>Ali, evo, tek ro\u0111eno dijete u Republici Srpskoj, du\u017eno je bezmalo 4000 maraka. Kako to objasniti gra\u0111anima, preciznije, kako objasniti da \u0107e dogodine taj dug biti mo\u017eda 5 hiljada ili vi\u0161e? <\/strong><\/p>\n<p>Ja mislim, ako gra\u0111anima Republike Srpske, bar u zadnje 3-4 godine nije jasno \u0161ta se ovdje radi i kako se radi, mislim da im je besmisleno bilo \u0161ta vi\u0161e obja\u0161njavati. <\/p>\n<p><strong>Jano je da politi\u010dari nacionalnim i nacionalisti\u010dkim temama skre\u0107u pa\u017enju sa realnih problema. Ali kako gra\u0111ani sve ovo vrijeme gutaju, da ne ka\u017eem neku grublju rije\u010d, te pri\u010de? <\/strong><\/p>\n<p>Ja nisam psiholog, nisam psihijatar, ja sam ekonomista, a mislim da je to su\u0161tinsko pitanje za neku drugu struku. Neko moje skromno mi\u0161ljenje je da gra\u0111ani, na \u017ealost, nisu shvatili \u0161ta je demokratija. Zna\u010di, gra\u0111ani su demokratiju shvatili kao njihovo pravo da iza\u0111u ili ne iza\u0111u jednom u dvije ili \u010detiri godine na izbore. I to im je tako obja\u0161njavano vi\u0161e od dvadeset godina. Ono \u0161to im niko nije objasnio, da je, ustvari, demokratija obaveza. Vi kao gra\u0111anin imate obavezu, pored toga \u0161to izlazite ili ne izlazite na izbore da se brinete i o svom socio-ekonomskom polo\u017eaju, svojoj bezbijednosti itd. Vi ste oni koji pla\u0107aju dr\u017eavu da to dr\u017eava radi za vas. E, to im niko nije objasnio, da je njihova obaveza svaki dan da podsje\u0107aju tu dr\u017eavu \u0161ta je njen stvarni posao. Ja mislim da je u tome su\u0161tina problema. <\/p>\n<p><strong>Kako tuma\u010dite podatak da je ba\u0161 na\u0161a dr\u017eavna uprava najneefikasnija u Evropi. Jeste o\u010dekivano, ali ipak&#8230;Kako obja\u0161njavate da dr\u017eava nema odgovornosti ni prema samoj sebi? Za\u0161to bi gra\u0111anin imao bilo kakvu odgovornost prema bilo \u010demu, ako politi\u010dke vo\u0111e javno pozivaju narod na neodgovornost prema dr\u017eavi? <\/strong><\/p>\n<p>Ja prije svega mislim da je to pogre\u0161na teza. Ne mo\u017ee dr\u017eava biti odgovorna sama prema sebi. Niti vo\u0111a treba biti odgovoran prema dr\u017eavi. Svi su oni odgvorni prema gra\u0111anima. Gra\u0111ani \u010dine tu dr\u017eavu, s tim \u0161to i gra\u0111ani podsje\u0107aju sve njih da su odgovorni.<br \/>\nOnda ovi na\u0161i politi\u010dari imaju idealne gra\u0111ane. <\/p>\n<p>Oni sa svog stanovi\u0161ta imaju idealne gra\u0111ane. Rekao bih idelne podanike, ne gra\u0111ane. Mi koristimo izraz gra\u0111anin, koji je nastao kad se pojavilo gra\u0111ansko dru\u0161tvo. A, mi smo ovdje jo\u0161 u feudalnom dru\u0161tvu. Dakle, imamo situaciju u kojoj imate porodi\u010dne i kumovske klanove, koji dijele feude okolo. Prema tome, ovo je feudalni sistem. Su\u0161tinski imamo feudalce sa jedne strane i kmetove sa druge strane. <\/p>\n<p><strong>Mo\u017eete li objasniti, sada kada pominjete rodbinske i kumovske klanove, instituciju \u201cradnog mjesta\u201d, koja valjda nigdje na svijetu ne postoji u tolikoj mjeri kao na Balkanu. \u010citava armija ljudi je uhljebljena, dobija platu na dr\u017eavnoj ili entitetskoj sisi i ne radi ni\u0161ta. Kod nas je to poprimilo razmjere kulta, a sam pojam je \u010dak i te\u0161ko prevodiv i apsurdan. <\/strong><\/p>\n<p>To je specifi\u010dno za cijeli Balkan. Da, mi imamo kult \u201cradnog mjesta\u201d, umjesto kulta \u201cposla\u201d. Ono \u0161to su politi\u010dke strukture dobro prepoznale je da je mogu\u0107e vladati cijelim dru\u0161tvom, ako izumite, ovo \u0161to se zove \u201cradno mjesto\u201d. Kao posljedicu toga imamo najneefikasniju administraciju u Evropi i javna uprava nam je dva i po puta ve\u0107a nego \u0161to bi bila u normalnom dru\u0161tvu. To je osnovna poluga vladanja. I onda imate \u010ditav ovaj sistem-Dobio sam radno mjesto, moje je da \u010duvam radno mjesto, a ne da radim posao. Iz toga imate nabijanje hiljada i hiljada ljudi u kancelarije. Prostora je sve manje, a potreba sve vi\u0161e. Me\u0111utim, to je jedan sjajan mehanizam kako politi\u010dke strukture obezbije\u0111uju glasove na izborima. <\/p>\n<p><strong>Ali nije li korijen ovakvog modela pona\u0161anja jo\u0161 u obrazovnom sistemu? Imamo hiperprodukciju nepotrebnih kadrova i jo\u0161 uz onu dosko\u010dicu \u201cu\u010di sine, da ne mora\u0161 raditi\u201d, stvoren je jedan \u010ditav habitus za ovakvo stanje, ovakve ljude i ovakvu situaciju, u kojoj su svi zadovoljni?<\/strong> <\/p>\n<p>Ja prije svega ne bih rekao da su svi zadovoljni. Da su svi zadovoljni, ne bi imali ovaj val odlaska ljudi iz zemlje. Ono \u0161to jeste \u010dinjenica je da u su\u0161tini sve po\u010diva na ku\u0107nom odgoju, a kod nas je ku\u0107ni odgoj uvijek bio dr\u017eavni posao, \u0161to je mo\u017eda imalo smisla u socijalizmu gdje je dr\u017eava obezbije\u0111ivala sve. Poslije ku\u0107nog odgoja dolazi obrazovni sistem, koji u stvari nije obrazovni sistem, on je sistem izdavanja diploma da vi navodno, posjedujete neko znanje, bez obzira da li je to znanje korisno, nekorisno, upotrebljivo, neupotrebljivo&#8230;I onda ljudi dobiju papir, a nakon papira, dobiju radno mjesto. I papir i radno mjesto se savr\u0161eno sla\u017eu jer ih niko ne tjera da rade posao. Jednostavno, na\u0161a mladost se ne obrazuje za posao, ona se obrazuje za radno mjesto. <\/p>\n<p><strong>To je pora\u017eavaju\u0107e. Zato valjda 62% mladih zvani\u010dno \u017eeli napustiti ovu zemlju istog trenutka, a bijela kuga je konkretno \u201cu\u0161tinula\u201d u posljednjih 15-ak godina Republiku Srpsku za 50 hiljada ljudi. Nisu li nam to najegzktniji parametri da ne\u0161to ne valja? <\/strong><\/p>\n<p>Pa jesu i ja mislim da su ljudi potpuno svjesni da je lo\u0161a situacija. Zato odlaze. Biraju manje zlo. Nemaju povjerenja u sistem. Da ima bilo kakvog povjerenja u sistem i da je mogu\u0107e bilo \u0161ta promjeniti, oni bi vjerovatno ostali ovdje i borili se za neke promjene. Sve je to normalno u \u010ditavoj jednoj magli koju mi slu\u0161amo  svaki dan. To je magla, koju sa jedne strane prave politi\u010dari, a sa druge strane tu maglu pravi Me\u0111unarodna zajednica sa \u201csilnim uspjesima Bosne i Hercegovine\u201d i u magli koju prave neki ekonomisti odu\u0161evljavaju\u0107i se recimo stopama rasta od 3% koliko \u0107e npr. Republika Srpska imati ove godine, zaboravljaju\u0107i pri tome na pora\u017eavaju\u0107e fakte. <\/p>\n<p><strong>A, to su? <\/strong><\/p>\n<p>Na primjer, kada niti jedna druga zemlja u Evropi ne bi imala nikakav rast u narednim godinama, a Republika Srpska imala svake godine rast od 3%, nama bi trebalo, otprilike 38 godina da stignemo Litvaniju, 39 da stignemo Sloveniju i \u010dak 78 godina da stignemo Slova\u010dku. Namjerno sam uzeo te tri male zemlje koje se mogu barem nekako komparirati sa nama. I onda kada imate te podatke, onda vam je potpuno jasno da stope rasta od 3,4,5,6 %  za ovakvu jednu zemlju ne zna\u010de ni\u0161ta. Normalno bi bilo da su stope rasta 10,12,15,16%. Jer, kad jedna Kina sa 1,3 milijarde ljudi mo\u017ee da ima stope rasta od 15-16% \u0161ta je to sada problem sa jednom zemljom veli\u010dine Be\u010da? <\/p>\n<p><strong>Ali, kada iznesete te podatke, tek onda postanu zaprepa\u0161\u0107uju\u0107e izjave predstavnika Me\u0111unarodne zajednice koji slavodobitno govore ovdje o ekonomskom napretku. \u0160ta je razlog? Namjerno obmanjivanje, nepoznavanje materije ili upotreba opijata? <\/strong><\/p>\n<p>(Smijeh) Mislim da je kombinacija sve tri stvari, iskreno govore\u0107i. Pazite, vi imate ovdje m\u0111unarodne predstavnike, zna\u010di politi\u010dke predstavnike i imate me\u0111unarodnu birokratiju. Me\u0111unarodnoj birokratiji je cilj da ostane ovdje \u0161to du\u017ee. Da bi ona ostala, mora praviti \u201cneke male uspjehe\u201d. Ina\u010de, ako bi sve bilo prikazano kao neuspijeh, kao \u0161to i jeste, onda-\u0160ta \u0107e oni vi\u0161e tu? Sa druge strane imate politi\u010dke predstavnike, kojima je osnovni posao, kao uostalom i svakom politi\u010daru, da \u0161ire la\u017eni optimizam. I onda u toj nekoj kombinaciji me\u0111unarodnog faktora kojem se \u017eivo jebe za Bosnom i Hercegovinom i \u0161ta se de\u0161ava u BIH \u201csamo da se ne puca\u201d, a to su najbolje pokazali nakon protesta u Sarajevu, kad je prva donacija Me\u0111unarodne zajednice bila oprema za suzbijanje demonstracija i gumeni meci i sa druge strane imate doma\u0107e politi\u010dare, koji su prepoznali metodologiju da jednom izre\u010dena i sto puta ponovljena la\u017e, postaje istina, onda dobijete ovu varijantu da politi\u010dke izjave i ocjene idu jednim putem, a \u017eivot i realnost posve drugim putem. <\/p>\n<p><strong>Postoje li kod nas ekonomski stru\u010dnjaci ili neki ekonomski klaster, koji mo\u017ee biti, ako ni\u0161ta, a ono dru\u0161tveni korektiv ovoj vlasti, ili barem glas razuma? <\/strong><\/p>\n<p>\u0160to se ti\u010de znanja, kapaciteta i mogu\u0107nosti da se ne\u0161to kreira, mislim da ima dovoljan broj, nazovite ih, ekonomskih stru\u010dnjaka koji mogu da budu korektiv. Problem je \u0161to ove dvije pobrojane kategorije o kojim sam govorio- Me\u0111unarodna zajednica i doma\u0107i politi\u010dari , dakle, mi njih ne interesujemo. Za\u0161to? Zato \u0161to se otavarju prava pitanja. Recimo pravo pitanje je-\u0160ta \u0107e nama autoput Prnjavor-Doboj? Zna\u010di, to je nekih 200-300 miliona eura na 15 godina sa nekom malom kamatnom stopom, ali tu ne postoji ekonomska opravdanost. I onda, kad vi postavite to pitanje, vi ste protiv razvoja, vi ste protiv ovoga, onoga&#8230;Dakle, ne postoji niti jedan suvisao odgovor na to pitanje osim \u010dinjenice da je BRD dobro plasirao pare koje ima na bacanje jer bi ina\u010de morao da pla\u0107a kamatu na neanga\u017eovana sredstva. I sa druge strane, a to politi\u010dkim strukturama u ovoj zemlji savr\u0161eno odgovara je \u010dinjenica da kilometar autoputa u BIH bez obzira na najni\u017ee tro\u0161kove energije i radne snage ko\u0161ta kao kilometar autoputa bilo gdje u Evropi. Recimo to pitanje niko nije postavio. Kako je mogu\u0107e da kilometar autoputa ko\u0161ta 4 miliona eura po doma\u0107oj livadi u BIH, koja je zvani\u010dno druga najbjednija zemja na svijetu i ima najni\u017ei BDP u Evropi po glavi stanovnika i ima najni\u017ee plate ??? I onda u takvoj jednoj situaciji dobar dio ljudi koji misle svojom glavom ili imaju neko znanje i postavljaju takva pitanja, normalno je da su gurnuti na marginu dru\u0161tva. <\/p>\n<p><strong>Postoje informacije da strani investitor i kad do\u0111e kod nas i kad radi neki veliki infrastrukturni projekat, doma\u0107i politi\u010dari tra\u017ee \u201cpikslu\u201d, kakva ne postoji niti u zemljama subsaharskog pojasa Afrike.<\/strong> <\/p>\n<p>To je javna tajna. Normalno, ne mo\u017eemo mi da 100% tvrdimo da je to uvijek ba\u0161 tako, ali zapitajmo se onda za\u0161to u ovoj zemlji nikako ne mo\u017ee da se donese Zakon o porijeklu imovine. I onda kada imate to da niti jedna politi\u010dka stranka nije sprema da se donese ovaj Zakon i imate sve ove pri\u010de sa druge strane o ugra\u0111ivanju u infrastrukturnim projektima i sa tre\u0107e strane gledate svojim o\u010dima kako se kupuju stanovi po Be\u010du, po Beogradu&#8230;djeca studiraju u inostranstvu, voze se bijesna auta, onda je mogu\u0107e izvesti zaklju\u010dak da je \u201cugra\u0111ivanje\u201d pogotovo u velikim projektima veoma ozbiljna stvar sa ozbiljnim iznosima. <\/p>\n<p><strong>Negdje za kraj, fokusira\u0107u se na Banjaluku. Dobili smo novog gradona\u010delnika. Da se is\u010ditati da novca nema za prije najavljene grandiozne projekte. Vol\u0161ebno su pale u vodu sve one pri\u010de o zgradi opere, baleta, filharmonije, novog stadiona&#8230;Kako vi gledate na to? <\/strong><\/p>\n<p>Kad pogledate samo, ovdje su za grad od 170-180 hiljada ljudi u najbjednijoj zemlji u Evropi postojale ideje o koncertnim dvoranama, novom stadionu, zgradi opere&#8230;O\u010dito je da su oni koji zagovaraju te ideje potpuno odojeni od realnog \u017eivota. Oni uop\u0161te ne dolaze u doticaj sa njim. Oni ne vide kopanje po kontejnerima, odlazak ljudi da rade najte\u017ee poslove u inostranstvu, nadni\u010denje, ne vide besku\u0107nike&#8230;Iz te njihove odvojenosti, proizilaze takve sulude ideje, koje sa njihovog stanovi\u0161ta nisu uop\u0161te sulude. Jer njima samo to jo\u0161 treba. Njima fali koncertna dvorana, a to \u0161to ljudi nemaju \u0161ta da jedu, to nema nikakve veze. Prema tome, na svu sre\u0107u, novca za to nema. Jer, vjerujte, kada bi bilo, oni bi to napravili, bez obzira \u0161to bi oko te operne dvorane hodali besku\u0107nici i spavali ispod stepenica. Prema tome, to su neke sulude ideje, koje se ne\u0107e realizovati. <\/p>\n<p><strong>A, \u0161ta je sa novim gradona\u010delnikom? <\/strong><\/p>\n<p>Vidje\u0107emo \u0161ta \u0107e da uradi. Jako puno je izobe\u0107avao. Po prvim potezima, ne bih rekao da \u0107e da bude i\u0161ta spektakularno, pogotovo \u0161to se nije orijentisao na osnovni problem, a to je-Kako od grada od 180 hiljada stanovnika, koji je umislio da je neka prijestonica, kako da to vrati u normalu i od Banjaluke opet napravi ono \u0161to je Banjaluku \u010dinilo najboljom, dobro razvijen industrijski grad u Bosni i Hercegovini. <\/p>\n<p><strong>Za kraj, jedno ptanje. \u0160ta mo\u017eete poru\u010diti obi\u010dnom \u010dovjeku, kako da se nosi sa 2017. Da ne ka\u017eem da se nosi u rodni kraj? (smijeh) <\/strong><\/p>\n<p>(Smijeh) Za ove mla\u0111e, na \u017ealost, jedini ozbiljan izlaz je preko grani\u010dnih prelaza. \u0160to se ti\u010de neke srednje generacije ili ljudi koji ne mogu ili ne\u0107e da odu, mislim da je njihov jedini izlaz da po\u010dnu stvarno da se bore. Da taj tzv. demokratski kapacitet za\u017eivi, pa makar to bilo i na ulici, jer imaju pravo na to. <\/p>\n<p><a href=\"http:\/\/www.6yka.com\/novost\/119595\/damir-miljevic-mi-zivimo-feudalni-sistem.-feudalci-su-na-jednoj-a-kmetovi-na-drugoj-strani\" target=\"_blank\">Buka<\/a><\/p>\n","protected":false},"excerpt":{"rendered":"<p>Damir Miljevi\u0107: Mi imamo kult \u201cradnog mjesta\u201d, umjesto kulta \u201cposla\u201d<\/p>\n","protected":false},"author":1,"featured_media":0,"comment_status":"open","ping_status":"closed","sticky":false,"template":"","format":"standard","meta":{"_seopress_robots_primary_cat":"","_seopress_titles_title":"","_seopress_titles_desc":"","_seopress_robots_index":"","_et_pb_use_builder":"","_et_pb_old_content":"","_et_gb_content_width":"","inline_featured_image":false,"footnotes":""},"categories":[5],"tags":[],"class_list":["post-219876","post","type-post","status-publish","format-standard","hentry","category-drugi-pisu"],"_links":{"self":[{"href":"https:\/\/www.pcnen.com\/portal\/wp-json\/wp\/v2\/posts\/219876","targetHints":{"allow":["GET"]}}],"collection":[{"href":"https:\/\/www.pcnen.com\/portal\/wp-json\/wp\/v2\/posts"}],"about":[{"href":"https:\/\/www.pcnen.com\/portal\/wp-json\/wp\/v2\/types\/post"}],"author":[{"embeddable":true,"href":"https:\/\/www.pcnen.com\/portal\/wp-json\/wp\/v2\/users\/1"}],"replies":[{"embeddable":true,"href":"https:\/\/www.pcnen.com\/portal\/wp-json\/wp\/v2\/comments?post=219876"}],"version-history":[{"count":0,"href":"https:\/\/www.pcnen.com\/portal\/wp-json\/wp\/v2\/posts\/219876\/revisions"}],"wp:attachment":[{"href":"https:\/\/www.pcnen.com\/portal\/wp-json\/wp\/v2\/media?parent=219876"}],"wp:term":[{"taxonomy":"category","embeddable":true,"href":"https:\/\/www.pcnen.com\/portal\/wp-json\/wp\/v2\/categories?post=219876"},{"taxonomy":"post_tag","embeddable":true,"href":"https:\/\/www.pcnen.com\/portal\/wp-json\/wp\/v2\/tags?post=219876"}],"curies":[{"name":"wp","href":"https:\/\/api.w.org\/{rel}","templated":true}]}}