{"id":219841,"date":"2017-01-16T09:32:08","date_gmt":"2017-01-16T08:32:08","guid":{"rendered":"http:\/\/www.pcnen.com\/portal\/?p=219841"},"modified":"2017-01-16T09:32:08","modified_gmt":"2017-01-16T08:32:08","slug":"zasto-rs-ne-lici-na-ndh","status":"publish","type":"post","link":"https:\/\/www.pcnen.com\/portal\/2017\/01\/16\/zasto-rs-ne-lici-na-ndh\/","title":{"rendered":"Za\u0161to RS ne li\u010di na NDH"},"content":{"rendered":"<p><strong>Pi\u0161e: Tomislav Markovi\u0107<\/strong><\/p>\n<p><a href=\"http:\/\/www.pcnen.com\/portal\/wp-content\/uploads\/2017\/01\/srebrenica.jpg\"><img loading=\"lazy\" decoding=\"async\" src=\"http:\/\/www.pcnen.com\/portal\/wp-content\/uploads\/2017\/01\/srebrenica-450x330.jpg\" alt=\"srebrenica\" width=\"450\" height=\"330\" class=\"aligncenter size-large wp-image-219842\" \/><\/a>Izjava visokog predstavnika Valentina Incka u kojoj je uporedio obele\u017eavanje Dana Republike Srpske sa potencijalnim slavljenjem 10. aprila, kad je osnovana Nezavisna dr\u017eava Hrvatska, izazvalo je pravu buru u javnosti. Vladi Republike Srpske stigao je zahtev od brojnih organizacija da se Incko \u201cizvini srpskom narodu zbog izre\u010denih uvreda\u201d. Potom je Vlada RS prekinula sve komunikacije i odnose s Inckom i Uredom visokog predstavnika (OHR). Nakon toga, \u010dlanovi Udru\u017eenja \u017ertava i svjedoka genocida izrazili su podr\u0161ku Valentinu Incku. Javio se i potpredsednik Socijaldemokratske partije Bosne i Hercegovine Miro Lazovi\u0107 koji smatra da je Inckova izjava neprimerena, ali istinita. Mediji i dru\u0161tvene mre\u017ee su se usijali od zapaljivih komentara, na sve strane uvre\u0111enost i zgra\u017eavanje zbog Inckove stilske figure.<\/p>\n<p>A \u0161ta je zapravo Valentin Incko rekao? \u201cAko bismo mi po\u010deli slaviti ovakve praznike, onda bi se mogli neki sjetiti, a to je ve\u0107 bilo po novinama, da se slavi 10. april, odnosno travanj. To je bilo osnivanje NDH-a i ja mislim da to nikome ne pada na pamet. Treba gledati vi\u0161e u budu\u0107nost, a ne u pro\u0161lost\u201d, neoprezno je bubnuo visoki predstavnik i otvorio Pandorinu kutiju iz koje nas je zasko\u010dila potisnuta pro\u0161lost.<\/p>\n<p>RS I NDH: KOMPARATIVNA ANALIZA<\/p>\n<p>Neistini za volju, Inckovo pore\u0111enje zaista je neprimereno. Ogromna je razlika izme\u0111u NDH i Republike Srpske, nije \u010dudo \u0161to su se duhovi toliko uzbudili zbog verbalne nepravde visokog predstavnika. Nezavisna dr\u017eava Hrvatska bila je marionetska tvorevina data usta\u0161ama na upravljanje u okviru Tre\u0107eg Rajha, u kojoj je izvr\u0161en genocid nad Srbima, Jevrejima i Romima. Za razliku od NDH, u Republici Srpskoj tokom rata 1992-1995. izvr\u0161en je genocid nad Bo\u0161njacima, \u0161to je potvr\u0111eno presudama Ha\u0161kog tribunala u procesima protiv Radislava Krsti\u0107a i Radovana Karad\u017ei\u0107a. Cilj re\u017eima Ante Paveli\u0107a bila je etni\u010dki \u010dista Hrvatska, dok je cilj re\u017eima Radovana Karad\u017ei\u0107a bio potpuno druga\u010diji \u2013 etni\u010dki \u010dista Republika Srpska.<\/p>\n<p>Usta\u0161e su otvarale konc-logore poput Jasenovca i Stare Gradi\u0161ke u kojima su istrebljivali nepo\u0107udne elemente, za razliku od srpskih snaga koje su otvarale konc-logore poput Omarske i Trnopolja u kojima su istrebljivali nepo\u0107udne elemente. Usta\u0161e i njihovi saradnici klali su kamama i streljali nevine civile, dok su pripadnici Vojske RS i paravojne formacije postupali potpuno obrnuto: streljali su i klali nevine civile. U NDH masovno su ubijani komunisti, levi\u010dari i ostali borci protiv fa\u0161isti\u010dke okupacije, bez obzira na nacionalnost; nasuprot tome, Ratko Mladi\u0107 i njegove horde su tokom opsade Sarajeva granatirali i snajperisali sve Sarajlije redom, bez obzira na nacionalnost. Ogavni fa\u0161isti\u010dki usta\u0161ki re\u017eim plja\u010dkao je Srbe, dok su na\u0161i heroji u Bosni plja\u010dkali Bo\u0161njake.<\/p>\n<p>Kad ubija Maks Luburi\u0107, to je potpuno druga\u010dije nego kad ubija Milan Luki\u0107, nije svako klanje i mu\u010denje nevinih \u017ertava isto. Mogu\u0107e da se \u017ertve ne bi slo\u017eile sa ovom konstatacijom, ali sre\u0107om nisu u mogu\u0107nosti da i\u0161ta ka\u017eu, jer mrtva usta ne govore. Kad su usta\u0161e silovale zarobljenice da bi ih potom odvele u Glinu, to uop\u0161te nije isto kao kad su na\u0161i div-junaci silovali Bo\u0161njakinje u hotelu Vilina Vlas kod Vi\u0161egrada. Masovni pokolji u NDH odvijali su se pod blagoslovom Hitlera i nacisti\u010dkog re\u017eima, za razliku od Republike Srpske gde su se masovni pokolji odvijali pod blagoslovom i uz logisti\u010dku podr\u0161ku Slobodana Milo\u0161evi\u0107a i re\u017eima iz Srbije. Iz navedenih primera jasno je kao dan da je svako pore\u0111enje Republike Srpske sa Nezavisnom dr\u017eavom Hrvatskom krajnje neutemeljeno, sasvim neosnovano, potpuno zlonamerno i apsolutno neprihvatljivo svakom ko se iole razume u genocid.<\/p>\n<p>\u010cETNI\u010cKO \u010cI\u0160\u0106ENJE NEKAD I SAD<\/p>\n<p>Me\u0111utim, nije NDH jedina marionetska paradr\u017eana tvorevina na koju Republika Srpska uop\u0161te ne podse\u0107a, kako iz kolja\u010dkog anfasa, tako ni iz genocidnog profila. Recimo, Republika Srpska nimalo ne li\u010di ni na Srbiju Milana Nedi\u0107a koja je bila prva judenfrei teritorija na podru\u010dju Evrope. A ne li\u010di zato \u0161to su nedi\u0107evci, ljoti\u0107evci, \u010detnici i nacisti bili ne\u0161to efikasniji u istrebljenju Jevreja, nego \u0161to su srpske snage bile u istrebljenju Bo\u0161njaka. Tako\u0111e, program etni\u010dkog \u010di\u0161\u0107enja koji su sprovodili osniva\u010di Republike Srpske u delo ni izdaleka ne nalikuje na program etni\u010dkog \u010di\u0161\u0107enja koji su sprovodili \u010detnici Dra\u017ee Mihailovi\u0107a.<\/p>\n<p>\u010cetni\u010dki pokolji muslimana na podru\u010dju Bijelog Polja, Pljevalja, Priboja, \u010cajni\u010da i Fo\u010de u Drugom svetskom ratu ne mogu se porediti sa, primera radi, pokoljima Bo\u0161njaka u isto\u010dnoj Bosni u ratu devedesetih godina pro\u0161log veka. Instrukcija Dragoljuba Mihailovi\u0107a poslata \u0110or\u0111u La\u0161i\u0107u i Pavlu \u0110uri\u0161i\u0107u 20. decembra 1941. godine nimalo ne li\u010di na planove Slobodana Milo\u0161evi\u0107a, Radovana Karad\u017ei\u0107a, Mom\u010dila Kraji\u0161nika, Ratka Mladi\u0107a, Biljane Plav\u0161i\u0107, Nikole Koljevi\u0107a, Dobrice \u0106osi\u0107a i ostalih akademika za stvaranje Velike Srbije.<\/p>\n<p>U nare\u010denoj instrukciji Mihailovi\u0107 pi\u0161e da su ciljevi \u010detni\u010dkih odreda, izme\u0111u ostalog, \u201cstvoriti veliku Jugoslaviju i u njoj veliku Srbiju, etni\u010dki \u010distu u granicama Srbije\u201d, kao i \u201c\u010di\u0161\u0107enje dr\u017eavne teritorije od svih narodnih manjina i ne-nacionalnih elemenata\u201d. To uop\u0161te ne mo\u017ee da se poredi sa instrukcijama Milo\u0161evi\u0107evih nacionalisti\u010dkih intelektualaca po kojima bi svi Srbi trebalo da \u017eive u jednoj dr\u017eavi, a sve ostale treba pobiti i proterati.<\/p>\n<p>Program \u010detni\u010dkog pokreta iz septembra 1941. godine, upu\u0107en Vladi u Londonu, tako\u0111e nema svoj pandan u novijoj istoriji. Program predla\u017ee, izme\u0111u ostalog, i slede\u0107e akcije: \u201cposebno imati u vidu brzo i radikalno \u010di\u0161\u0107enje gradova i njihovo popunjenje sve\u017eim srpskim elementom\u201d i \u201cizgraditi plan za \u010di\u0161\u0107enje ili pomeranje seoskog stanovni\u0161tva sa ciljem homogenosti srpske dr\u017eavne zajednice\u201d. Svakom dobronamernom je jasno da ove ta\u010dke \u010detni\u010dkog programa nimalo ne li\u010de na predloge Dobrice \u0106osi\u0107a o humanom preseljenju i razmeni stanovni\u0161tva.<\/p>\n<p>NACIZAM MALIH RAZLIKA<\/p>\n<p>Moglo bi se ovako nabrajati do sutra na \u0161ta sve Republika Srpska ne podse\u0107a, ali bi onda zlobnici mogli zaklju\u010diti da je re\u010d o entitetu koji ni na \u0161ta ne li\u010di. Dovoljno je Inckovo neprimereno pore\u0111enje, ne\u0107emo da dolivamo ulje na ve\u0107 rasplamsalu vatru. Osnovni problem visokog predstavnika je \u0161to on uop\u0161te ne razume lokalne tradicije, obi\u010daje i shvatanja, pa mu se onda lako omaknu nespretne stilske figure. Sre\u0107a da se zadr\u017eao na komparaciji, zlo bi bilo da je dogurao do neke neprikladne metafore.<\/p>\n<p>Prvo i osnovno pravilo doma\u0107e etike glasi: Ne postoje univerzalna eti\u010dka merila. Ubistvo, pokolj, masakr, etni\u010dko \u010di\u0161\u0107enje, silovanje, proterivanje, genocid, plja\u010dka \u2013 nisu sami po sebi zlo\u010dini, niti predstavljaju prekr\u0161aj nepisanog prava. Kad pripadnici drugih naroda ubijaju Srbe, onda je to definitivno genocid; ali kad Srbi masovno ubijaju pripadnike drugih naroda, onda je to ili juna\u010dko delo, ili je re\u010d o samoodbrani, ili se radi o preventivnom delovanju, ili je to u najgorem slu\u010daju obi\u010dan zlo\u010din\u010di\u0107 koji mo\u017ee svakom da se omakne, pa oko toga ne treba dizati d\u017eevu, a i u tada \u0107emo poricati da se bilo \u0161ta desilo, ali kako god bilo \u2013 nije u pitanju genocid ili bilo kakvo kr\u0161enje nepisanih eti\u010dkih i pravnih regula.<\/p>\n<p>Na\u0161e ubice su uvek junaci, narodni heroji, najve\u0107i sinovi nacije kojima prire\u0111ujemo sve\u010dane do\u010deke, \u0161tampamo njihove likove na majicama i ukazujemo im najvi\u0161e, gotovo religiozne po\u010dasti, i to na dr\u017eavnom nivou. S druge strane, njihove ubice su najobi\u010dniji zlo\u010dinci, \u0161ljam, ba\u0161ibozluk, krvoloci, kolja\u010di, okoreli kriminalci i ljudski otpad. Kad dvojica \u010dine isto, to nije isto \u2013 tako glasi na\u0161 bazi\u010dni eti\u010dki princip, pogotovo ako je jedan od te dvojice Srbin, a drugi Hrvat.<\/p>\n<p>Najve\u0107a gre\u0161ka Inckove nepristojne komparacije sastoji se u tome \u0161to je poredio pojave izme\u0111u kojih ne mo\u017ee da se uspostavi nikakva logi\u010dka veza, upravo zato \u0161to li\u010de kao jaje jajetu. Kad je re\u010d o nacizmu malih razlika, tu nikakva pore\u0111enja ne dolaze u obzir. \u0160to su neki fenomeni sli\u010dniji, to su razli\u010ditiji \u2013 temeljno je na\u010delo doma\u0107e gnoseologije. Nema suprotnijih i razli\u010ditijih pojava na svetu nego \u0161to su kolja\u010d sa krvavom kamom me\u0111u zubima i njegov odraz u ogledalu. Jednojaj\u010dani blizanci vi\u0161e li\u010de na bilo koju osobu na svetu nego jedan na drugog.<\/p>\n<p>ZAROBLJENI U ZLO\u010cINA\u010cKOM BUD\u017dAKU<\/p>\n<p>Mo\u017eda ovo li\u010di na logiku nekog naopakog, paralelnog sveta koji nimalo ne li\u010di na ovaj koji poznajemo, ali to i jeste bio cilj nacionalisti\u010dke kontrarevolucije. Nacionalisti su ostvarili svoj san. Stvorili su Republiku Zasebnicu (da se poslu\u017eim izrazom pesnika Miodraga Stanisavljevi\u0107a), odvojili se od sveta i civilizacije i napravili poseban mikrosvet u kojem sami odre\u0111uju pravila, ne obaziru\u0107i se na zdrav razum i logiku, a jo\u0161 manje na druga ljudska bi\u0107a.<\/p>\n<p>Zlo\u010dini u koje su nacionalisti gurnuli taj \u201csvoj narod\u201d koji, navodno, toliko vole \u2013 za svrhu upravo imaju otcepljenje od sveta. To je ono \u0161to Dostojevski ka\u017ee za Raskoljnikova u \u201cZlo\u010dinu i kazni\u201d, nakon ubistva starice: \u201cU\u010dinilo mu se u tom trenutku kao da je makazama sam sebe odsekao od svih i od svakog na svetu\u201d.<\/p>\n<p>Kad jednom po\u010dini\u0161 zlo\u010din, nema povratka, osim putem priznanja, pokajanja i prihvatanja pravedne kazne, to je jedini put za povratak u ljudsku zajednicu, ali to je ovde ve\u0107a fikcija od svakog romana. Po\u0161to od tog posla koji se vodi pod kodnim imenom \u201csuo\u010davanje s pro\u0161lo\u0161\u0107u\u201d nema ni\u0161ta, ostajemo zarobljeni u zlo\u010dina\u010dkom bud\u017eaku koji smo stvorili sopstvenim okrvavljenim rukama. U tom mra\u010dnom brlogu sve je obrnuto naglavce: nacija je boginja kojoj prinosimo ljudske \u017ertve, ubice su \u017ereci nacionalisti\u010dke religije, crno je belo, ljubav je mr\u017enja, zlo je dobro, a pore\u0111enje jedne genocidne tvorevine sa drugom je sramna uvreda \u2013 kad ve\u0107 ne mo\u017eemo da ga zabranimo zakonom.<\/p>\n<p><a href=\"http:\/\/www.tacno.net\/banja-luka\/tomislav-markovic-zasto-republika-srpska-ne-lici-na-ndh\/\" target=\"_blank\">Ta\u010dno.net<\/a><\/p>\n","protected":false},"excerpt":{"rendered":"<p>Najve\u0107a gre\u0161ka Inckove nepristojne komparacije sastoji se u tome \u0161to je poredio pojave izme\u0111u kojih ne mo\u017ee da se uspostavi nikakva logi\u010dka veza, upravo zato \u0161to li\u010de kao jaje jajetu. Kad je re\u010d o nacizmu malih razlika, tu nikakva pore\u0111enja ne dolaze u obzir. \u0160to su neki fenomeni sli\u010dniji, to su razli\u010ditiji \u2013 temeljno je na\u010delo doma\u0107e gnoseologije. Nema suprotnijih i razli\u010ditijih pojava na svetu nego \u0161to su kolja\u010d sa krvavom kamom me\u0111u zubima i njegov odraz u ogledalu<\/p>\n","protected":false},"author":1,"featured_media":0,"comment_status":"open","ping_status":"closed","sticky":false,"template":"","format":"standard","meta":{"_seopress_robots_primary_cat":"","_seopress_titles_title":"","_seopress_titles_desc":"","_seopress_robots_index":"","_et_pb_use_builder":"","_et_pb_old_content":"","_et_gb_content_width":"","inline_featured_image":false,"footnotes":""},"categories":[5],"tags":[],"class_list":["post-219841","post","type-post","status-publish","format-standard","hentry","category-drugi-pisu"],"_links":{"self":[{"href":"https:\/\/www.pcnen.com\/portal\/wp-json\/wp\/v2\/posts\/219841","targetHints":{"allow":["GET"]}}],"collection":[{"href":"https:\/\/www.pcnen.com\/portal\/wp-json\/wp\/v2\/posts"}],"about":[{"href":"https:\/\/www.pcnen.com\/portal\/wp-json\/wp\/v2\/types\/post"}],"author":[{"embeddable":true,"href":"https:\/\/www.pcnen.com\/portal\/wp-json\/wp\/v2\/users\/1"}],"replies":[{"embeddable":true,"href":"https:\/\/www.pcnen.com\/portal\/wp-json\/wp\/v2\/comments?post=219841"}],"version-history":[{"count":0,"href":"https:\/\/www.pcnen.com\/portal\/wp-json\/wp\/v2\/posts\/219841\/revisions"}],"wp:attachment":[{"href":"https:\/\/www.pcnen.com\/portal\/wp-json\/wp\/v2\/media?parent=219841"}],"wp:term":[{"taxonomy":"category","embeddable":true,"href":"https:\/\/www.pcnen.com\/portal\/wp-json\/wp\/v2\/categories?post=219841"},{"taxonomy":"post_tag","embeddable":true,"href":"https:\/\/www.pcnen.com\/portal\/wp-json\/wp\/v2\/tags?post=219841"}],"curies":[{"name":"wp","href":"https:\/\/api.w.org\/{rel}","templated":true}]}}