{"id":219824,"date":"2017-01-15T23:22:12","date_gmt":"2017-01-15T22:22:12","guid":{"rendered":"http:\/\/www.pcnen.com\/portal\/?p=219824"},"modified":"2017-01-15T23:22:12","modified_gmt":"2017-01-15T22:22:12","slug":"ponedjeljak-u-znaku-padavina","status":"publish","type":"post","link":"https:\/\/www.pcnen.com\/portal\/2017\/01\/15\/ponedjeljak-u-znaku-padavina\/","title":{"rendered":"Ponedjeljak u znaku padavina"},"content":{"rendered":"<p><a href=\"http:\/\/www.pcnen.com\/portal\/wp-content\/uploads\/2012\/11\/susnjezica.jpg\"><img loading=\"lazy\" decoding=\"async\" src=\"http:\/\/www.pcnen.com\/portal\/wp-content\/uploads\/2012\/11\/susnjezica.jpg\" alt=\"susnjezica\" width=\"430\" height=\"260\" class=\"aligncenter size-full wp-image-100079\" \/><\/a>U Crnoj Gori \u0107e u ponedjeljak biti prete\u017eno obla\u010dno sa slabim snijegom i susnje\u017eicom, odnosno slabom ki\u0161om na primorju i u ni\u017eim predjelima na jugu.<\/p>\n<p>Vjetar isto\u010dni i sjeveroisto\u010dni bi\u0107e umjeren do poja\u010dan, a na udare i jak. <\/p>\n<p>Jutarnja temperatura vazduha bi\u0107e u rasponu od -13 do 4, a najvi\u0161a dnevna od -6 do 8 stepeni.<\/p>\n<p>U Podgorici \u0107e biti obla\u010dno sa slabom ki\u0161om, dok \u0107e u jutarnjim i no\u0107nim satima mogu\u0107a susnje\u017eica ili snijeg. Vjetar isto\u010dni i sjeveroisto\u010dni  bi\u0107e povremeno umjeren do poja\u010dan. Jutarnja temperatura vazduha bi\u0107e oko nule, najvi\u0161a dnevna do 5 stepeni.<\/p>\n<p><a href=\"http:\/\/www.meteo.co.me\/misc.php?text=121&#038;sektor=1&#038;grad=PLU\" target=\"_blank\">Prognoza za ostale gradove.<\/a><\/p>\n","protected":false},"excerpt":{"rendered":"<p>Jutarnja temperatura vazduha bi\u0107e u rasponu od -13 do 4, a najvi\u0161a dnevna od -6 do 8 stepeni.<\/p>\n","protected":false},"author":1,"featured_media":0,"comment_status":"open","ping_status":"closed","sticky":false,"template":"","format":"standard","meta":{"_seopress_robots_primary_cat":"","_seopress_titles_title":"","_seopress_titles_desc":"","_seopress_robots_index":"","_et_pb_use_builder":"","_et_pb_old_content":"","_et_gb_content_width":"","inline_featured_image":false,"footnotes":""},"categories":[14,12],"tags":[],"class_list":["post-219824","post","type-post","status-publish","format-standard","hentry","category-vijesti","category-prica-dana"],"_links":{"self":[{"href":"https:\/\/www.pcnen.com\/portal\/wp-json\/wp\/v2\/posts\/219824","targetHints":{"allow":["GET"]}}],"collection":[{"href":"https:\/\/www.pcnen.com\/portal\/wp-json\/wp\/v2\/posts"}],"about":[{"href":"https:\/\/www.pcnen.com\/portal\/wp-json\/wp\/v2\/types\/post"}],"author":[{"embeddable":true,"href":"https:\/\/www.pcnen.com\/portal\/wp-json\/wp\/v2\/users\/1"}],"replies":[{"embeddable":true,"href":"https:\/\/www.pcnen.com\/portal\/wp-json\/wp\/v2\/comments?post=219824"}],"version-history":[{"count":0,"href":"https:\/\/www.pcnen.com\/portal\/wp-json\/wp\/v2\/posts\/219824\/revisions"}],"wp:attachment":[{"href":"https:\/\/www.pcnen.com\/portal\/wp-json\/wp\/v2\/media?parent=219824"}],"wp:term":[{"taxonomy":"category","embeddable":true,"href":"https:\/\/www.pcnen.com\/portal\/wp-json\/wp\/v2\/categories?post=219824"},{"taxonomy":"post_tag","embeddable":true,"href":"https:\/\/www.pcnen.com\/portal\/wp-json\/wp\/v2\/tags?post=219824"}],"curies":[{"name":"wp","href":"https:\/\/api.w.org\/{rel}","templated":true}]}}