{"id":219737,"date":"2017-01-14T08:20:27","date_gmt":"2017-01-14T07:20:27","guid":{"rendered":"http:\/\/www.pcnen.com\/portal\/?p=219737"},"modified":"2017-01-14T08:20:27","modified_gmt":"2017-01-14T07:20:27","slug":"pisanje-u-visine-laureata","status":"publish","type":"post","link":"https:\/\/www.pcnen.com\/portal\/2017\/01\/14\/pisanje-u-visine-laureata\/","title":{"rendered":"Pi\u0161anje u visine laureata"},"content":{"rendered":"<p><strong>Autor: Re\u0161id Babovi\u0107 <\/strong><\/p>\n<p><a href=\"http:\/\/www.pcnen.com\/portal\/wp-content\/uploads\/2017\/01\/Ivo-andric.jpg\"><img loading=\"lazy\" decoding=\"async\" src=\"http:\/\/www.pcnen.com\/portal\/wp-content\/uploads\/2017\/01\/Ivo-andric-300x219.jpg\" alt=\"Ivo andric\" width=\"300\" height=\"219\" class=\"alignleft size-medium wp-image-219738\" srcset=\"https:\/\/www.pcnen.com\/portal\/wp-content\/uploads\/2017\/01\/Ivo-andric-300x219.jpg 300w, https:\/\/www.pcnen.com\/portal\/wp-content\/uploads\/2017\/01\/Ivo-andric-580x422.jpg 580w, https:\/\/www.pcnen.com\/portal\/wp-content\/uploads\/2017\/01\/Ivo-andric-450x328.jpg 450w, https:\/\/www.pcnen.com\/portal\/wp-content\/uploads\/2017\/01\/Ivo-andric-480x350.jpg 480w, https:\/\/www.pcnen.com\/portal\/wp-content\/uploads\/2017\/01\/Ivo-andric-235x171.jpg 235w, https:\/\/www.pcnen.com\/portal\/wp-content\/uploads\/2017\/01\/Ivo-andric-75x55.jpg 75w, https:\/\/www.pcnen.com\/portal\/wp-content\/uploads\/2017\/01\/Ivo-andric-350x255.jpg 350w, https:\/\/www.pcnen.com\/portal\/wp-content\/uploads\/2017\/01\/Ivo-andric-220x160.jpg 220w, https:\/\/www.pcnen.com\/portal\/wp-content\/uploads\/2017\/01\/Ivo-andric-90x65.jpg 90w, https:\/\/www.pcnen.com\/portal\/wp-content\/uploads\/2017\/01\/Ivo-andric.jpg 600w\" sizes=\"(max-width: 300px) 100vw, 300px\" \/><\/a>Sje\u0107am se da sam volio u predpubertetsko i rano doba puberteta mokrit&#8217; po pijesku, zemlji, vremenom oblokanoj fasadi, valjda zbog osje\u0107aja samopotvrde mu\u0161kosti koji me je preplavljivao ostavljanjem tragova ne\u010dim \u0161to izlazi iz moje mu\u0161ke sprave.<\/p>\n<p>Mu\u0161karci, da objasnim \u017eenskinju koje \u010dita, imaju \u010dudan odnos sa zavr\u0161etkom svog urinarnog trakta, nije to samo mjesto iz kojeg isti\u010de mokra\u0107a, ne &#8211; to je na\u0161 ponos i dika. Mi\u0161i\u0107 i cijevka koja prolazi kroz njega su u kona\u010dnici jedino \u010dime se mu\u0161ko ako nije pametno, vje\u0161to, brzo ili bar kriminalu sklono mo\u017ee potvrditi u svijetu i ostaviti trag u vidu potomstva.<\/p>\n<p>U predpubertetsko doba ta istina nam se jasno obznani u snu i pred prvo jutarnje mokrenje. Nekako sa tom spoznajom dolazi i nagon da mokra\u0107om \u0161aramo po svemu i sva\u010demu, pa \u010dak i da se takmi\u010dimo u du\u017eini, dubini ili visini toga zapisivanja sebe u povijest, ili bar pra\u0161inu, \u0161to na kraju do\u0111e na isto.<\/p>\n<p>Tada mu\u0161karci i nau\u010de pravo zna\u010denje izreke \u201cIl&#8217; je ki\u0161a ili junac pi\u0161a\u201d.<\/p>\n<p>I tako nas je sve ovih dana zasula juna\u010dka ki\u0161a, mada su \u0161irom zemlje zabilje\u017eeni minusi &#8211; kulturna scena je poprskana ki\u0161om junaca. Pi\u0161(aj)u\u0107i o Andri\u0107u pojedine juno\u0161e novobo\u0161nja\u010dke kulture digli su pisalicu u vis, te nam priredili zatopljenje i magljenje kulturne zbilje, toplim isparenjima onoga \u0161to je proisteklo iz njihovih glavica.<\/p>\n<p>Da se odmah razumijemo, podosta Andri\u0107a sam pro\u010ditao poodavno u ba\u0161 to pred pubertetsko i pubertetsko vrijeme. Zadnje sam \u010ditao u ratu, u rovu&#8230; Nije mi se svi\u0111ao ni prije rova, a u rovu sam ga posebno omrznuo. Nesklon sam Andri\u0107u jer pi\u0161e o mraku koji nalazimo u du\u0161ama ljudi. Time i u svojoj i du\u0161ama najbli\u017eih.<\/p>\n<p>Andri\u0107 nam zorno prikazuje da mo\u017eemo biti grozno glupi i zli, ma kako bili od Boga nagra\u0111eni i podareni dobrim. Kako ga onda voljeti, kako ga ne zamrziti, iz mrzline rova, kad te tjera da misli\u0161 o svemu \u0161to rade tebi i ti radi\u0161 drugima.<\/p>\n<p>Ali Andri\u0107 radi ba\u0161 samo to, tjera na razmi\u0161ljanje, faktografski izla\u017ee na\u0161e bosansko-hercegova\u010dke sudbine, onakve kakve jesu i udara nam \u0161amar za svaku lo\u0161u i zlu misao kojom nagradimo svijet oko sebe.<\/p>\n<p>Uporno nam dokazuje da jesmo Bo\u017eiji, da smo samim tim predvi\u0111eni za dobro, ali jok &#8211; mi se otimamo, mr\u017enjom se ogr\u0107emo i izlazimo spremni na zlo svakodnevnice, koja je takva jer odbijamo biti svrhom postojanja. Odbijamo biti ljudima, \u010desto pristaju\u0107i da budemo oru\u017eje drugih, oru\u017eje za sticanje bogatstva i mo\u0107i za druge. Svi na\u0161i sukobi kako ja vidim \u201candri\u0107ev\u0161tinu\u201d po\u010dinju i zavr\u0161avaju na\u0161om \u017eeljom da budemo zlopogled (urinarni zavr\u0161etak) u rukama nekog drugog.<\/p>\n<p>A o islamofobiji koju \u0161iri Andri\u0107 ne znam, ja sam uz Andri\u0107a upoznao bosanskog seljaka i varo\u0161liju onakvima kakvi jesu, dobri kao hljeb, \u010desto manipulisani i zadrti. Andri\u0107 mi je objasnio taj tihi ponos kojim je nena odisala uz ramazan i bajramski ru\u010dak. Poslije su mi Andri\u0107a potvrdili i u tan\u010dine razvidali Me\u0161a, Skender pa \u010dak i pjesnik i boem Musa \u0106azim \u0106ati\u0107. Andri\u0107 i nena su, mogu re\u0107i, ono \u0161to me je ostavilo ovdje &#8216;91. Da se borim za Andri\u0107evu Bosnu i neninu Hercegovinu. Zadrto ba\u0161 kao \u0161to su zadrti ti Andri\u0107evi Bo\u0161njaci, Srbi i Hrvati bosanskohercegova\u010dki.<\/p>\n<p>Kad ka\u017eem zadrti mislim tvrdoglavi, a to jesmo jer zar bi iko normalan ovako tvrdoglavo pu\u0161tao da nas junci pi\u0161aju, da nam nema citostatika, da umiru djeca po fabrikama tajkunskim, da vode ljude na detektor la\u017ei u firmu, da&#8230; Da nam svakodnevnica bude ovakva kakva jeste zapisana.<\/p>\n<p>A ove pi\u0161(aj)u\u0107e juno\u0161e \u0161to u Andri\u0107u na\u0111o\u0161e sva zla ovog svijeta, nek brate pokrenu postupak pred kakvim sudom?<\/p>\n<p>Mislim \u010dovjek ideolog genocida? Uzrok i povod Srebrenice?<\/p>\n<p>Ili ste se malo zanijeli, podigli pisaljke preko glave?<\/p>\n<p>A ako ne\u0107e onda samo dokazuju da sam analogijom adolescentske oma\u0111ijanosti jednookim \u0107orkanom pogodio. I da su tek nedorasli i neozbiljni pi\u0161a\u010di zidova, \u0161to se potvr\u0111uje i \u010doporativnim nastupom na promociji zapisanja.<\/p>\n<p>P.S.<\/p>\n<p>Na par mjesta u tekstu autor je ispustio kvake na slavenskim fonemima, pa ako vam nije mrsko da pro\u010ditate tekst opet i zamislite kvake, dobit \u0107ete i jedno sasvim novo zna\u010denje istog.<\/p>\n<p><a href=\"http:\/\/www.prometej.ba\/clanak\/osvrti\/resid-babovic-pisanje-u-visine-laureata-2899\" target=\"_blank\">Prometej.ba<\/a><\/p>\n","protected":false},"excerpt":{"rendered":"<p>Ili: kako mokre\u0107i prema Andri\u0107evim nobelovskim visinama, pomokriti sebe<\/p>\n","protected":false},"author":1,"featured_media":219738,"comment_status":"open","ping_status":"closed","sticky":false,"template":"","format":"standard","meta":{"_seopress_robots_primary_cat":"","_seopress_titles_title":"","_seopress_titles_desc":"","_seopress_robots_index":"","_et_pb_use_builder":"","_et_pb_old_content":"","_et_gb_content_width":"","inline_featured_image":false,"footnotes":""},"categories":[5],"tags":[],"class_list":["post-219737","post","type-post","status-publish","format-standard","has-post-thumbnail","hentry","category-drugi-pisu"],"_links":{"self":[{"href":"https:\/\/www.pcnen.com\/portal\/wp-json\/wp\/v2\/posts\/219737","targetHints":{"allow":["GET"]}}],"collection":[{"href":"https:\/\/www.pcnen.com\/portal\/wp-json\/wp\/v2\/posts"}],"about":[{"href":"https:\/\/www.pcnen.com\/portal\/wp-json\/wp\/v2\/types\/post"}],"author":[{"embeddable":true,"href":"https:\/\/www.pcnen.com\/portal\/wp-json\/wp\/v2\/users\/1"}],"replies":[{"embeddable":true,"href":"https:\/\/www.pcnen.com\/portal\/wp-json\/wp\/v2\/comments?post=219737"}],"version-history":[{"count":0,"href":"https:\/\/www.pcnen.com\/portal\/wp-json\/wp\/v2\/posts\/219737\/revisions"}],"wp:featuredmedia":[{"embeddable":true,"href":"https:\/\/www.pcnen.com\/portal\/wp-json\/wp\/v2\/media\/219738"}],"wp:attachment":[{"href":"https:\/\/www.pcnen.com\/portal\/wp-json\/wp\/v2\/media?parent=219737"}],"wp:term":[{"taxonomy":"category","embeddable":true,"href":"https:\/\/www.pcnen.com\/portal\/wp-json\/wp\/v2\/categories?post=219737"},{"taxonomy":"post_tag","embeddable":true,"href":"https:\/\/www.pcnen.com\/portal\/wp-json\/wp\/v2\/tags?post=219737"}],"curies":[{"name":"wp","href":"https:\/\/api.w.org\/{rel}","templated":true}]}}