{"id":219703,"date":"2017-01-13T11:49:57","date_gmt":"2017-01-13T10:49:57","guid":{"rendered":"http:\/\/www.pcnen.com\/portal\/?p=219703"},"modified":"2017-01-13T11:50:42","modified_gmt":"2017-01-13T10:50:42","slug":"intuitivna-predvidanja-za-2017","status":"publish","type":"post","link":"https:\/\/www.pcnen.com\/portal\/2017\/01\/13\/intuitivna-predvidanja-za-2017\/","title":{"rendered":"Intuitivna predvi\u0111anja za 2017."},"content":{"rendered":"<p><a href=\"http:\/\/www.pcnen.com\/portal\/wp-content\/uploads\/2017\/01\/astrologija.jpg\"><img loading=\"lazy\" decoding=\"async\" src=\"http:\/\/www.pcnen.com\/portal\/wp-content\/uploads\/2017\/01\/astrologija-300x150.jpg\" alt=\"astrologija\" width=\"300\" height=\"150\" class=\"alignleft size-medium wp-image-219704\" \/><\/a>Prvi dio 2017. \u0107e biti u znaku tranzicije. Izlazimo iz energije 2016. i ulazimo u energiju 2017. i pro\u0107i \u0107e neko vrijeme prije nego stvarno po\u010dnemo osje\u0107ati razliku.<\/p>\n<p>Godina 2017. nosi vibraciju svje\u017eih i novih po\u010detaka. To je tako\u0111e vrijeme da razmislimo tome \u0161to \u017eelimo posijati i uzgajati u budu\u0107nosti. Ako je 2016. bila vrijeme za pripremanje tla, 2017. \u0107e biti vrijeme da zasadimo stvari, pi\u0161e Forever conscious, prenosi portal Atma.<\/p>\n<p>Kako ste pripremili tlo odredi\u0107e kakvu \u017eetvu \u0107ete imati u 2017. Svako je u svom tempu i na razli\u010ditim nivoima putovanja, stoga poku\u0161ajte da ne upore\u0111ujete svoje putovanje s tu\u0111ima.<\/p>\n<p>Neki ljudi \u0107e po\u017enjeti veliku i bogatu \u017eetvu u 2017, dok \u0107e drugi imati manji vrt. To sve zavisi o tome gdje se trebate nalaziti na ovom dijelu va\u0161eg evolutivnog putovanja.<\/p>\n<p>Godina 2017. zapo\u010dinje sa sna\u017enom sezonom pomr\u010dina koja zapo\u010dinje u februaru. Dana 10. februara dogodi\u0107e se prvo pomra\u010denje Mjeseca u godini koja \u0107e pasti u vatrenom znaku Lava.<\/p>\n<p>Svi vatreni znakovi \u0107e se osje\u0107ati oja\u010dano ove godine, ne samo zbog ove pomr\u010dine ve\u0107 i zbog cjelokupnog energetskog tona ove godine. Ovo je vrlo vatrena godina i dok je vatra vrlo pro\u010di\u0161\u0107avaju\u0107a, mo\u017ee tako\u0111e biti ekstremno destruktivna ako nije kontrolisana.<\/p>\n<p>Nakon pomra\u010denja Mjeseca, ima\u0107emo pomra\u010denje Sunca u Ribama 26. februara. U tom periodu stvarno \u0107emo po\u010deti energetski prelaziti iz 2016. u 2017. U stvari, sve do solarne eklipse ne\u0107emo zapravo po\u010deti osje\u0107ati razli\u010dite energetske vibracije.<\/p>\n<p>U martu, 20-tog u mjesecu imamo ekvinocij, koji \u0107e napuniti energiju godine. U tom periodu \u0107emo jasnije shva\u0107ati \u0161to je ispred nas.<\/p>\n<p>U tom periodu Venera \u0107e biti duboko retrogradna. Ovo je vrlo znakovito vrijeme koje \u0107e nam pomo\u0107i da prilagodimo svoje osje\u0107aje ljubavi i \u017eenstvenosti i to ne samo u na\u0161im li\u010dnim vezama, ve\u0107 \u0107e se to osjetiti na globalnom nivou.<\/p>\n<p>Retrogradna Venera \u0107e biti sna\u017ena u prvom dijelu 2017. i pomo\u0107i \u0107e nam da otvorimo i pro\u0161irimo energiju ljubavi. Mo\u017ee tako\u0111e iznijeti probleme o kojima treba diskutovati, kao \u0161to su jednakost prava \u017eena i ljubav prema Planeti i drugim ljudskim bi\u0107ima.<\/p>\n<p>U sredini godine, od maja do avgusta, pojavi\u0107e se energija koja donosi prevrat  i mogu\u0107e doga\u0111aje koji dolaze iz vedra neba ili kao iznena\u0111enje.<\/p>\n<p>Ovo je zna\u010dajan vremenski period gdje \u0107emo doista mo\u0107i vidjeti kakvu vrstu tla smo pripremili. Jesmo li pripremili vrstu tla iz koje \u0107e izrasti svi na\u0161i snovi i \u017eelje ili moramo popraviti neke stvari?<\/p>\n<p>Ovo \u0107e se vidjeti i na globalnom nivou tako\u0111e. Vidje\u0107emo jesmo li kao dru\u0161tvo pripremali tlo koje je plodno, puno ljubavi i stvara mjesto za nove kreacije ili tlo zatrovano egom, pohlepom i korupcijom?<\/p>\n<p>Od maja do avgusta osje\u0107a\u0107emo tu energiju na globalnom nivou i mogu\u0107e je da \u0107e se stvari uzburkati kako bi uvidjeli \u0161to treba promijeniti i \u0161to tra\u017ei na\u0161u ljubav i pa\u017enju.<\/p>\n<p>Avgust \u0107e naro\u010dito biti vrijeme za razmi\u0161ljanje i vrijeme kada \u0107e nam postati jasno \u0161to \u017eelimo posti\u0107i i kamo idemo pod energijom ovog novog ciklusa.<\/p>\n<p>To \u0107e biti oja\u010dano Mjese\u010devom eklipsom koja pada na 7. avgust u znaku Vodolije. Vazdu\u0161ni znaci \u0107e to jako osjetiti, ali zbog toga \u0161to vodolija vlada \u010dovje\u010danstvom, a mi smo u eri Vodolije, izgledno je da \u0107emo svi dobiti zna\u010dajnu poruku u ovom razdoblju.<\/p>\n<p>Kraj 2017. zavr\u0161ava u visokim tonovima. \u010cini se da bez obzira \u0161to se dogodilo tokom godine, Svemir je uvijek na va\u0161oj strani i osje\u0107a\u0107emo se usmjereno i podr\u017eano.<\/p>\n<p>Posljednjih nekoliko mjeseci u godini su ispunjeni pozitivnim prilikama i s dosta energije koja \u0107e nam pomo\u0107i da do\u0111emo tamo gdje trebamo biti. Zapravo, \u010dini se da je 2017. odsko\u010dna daska za mnogo ve\u0107e i bolje stvari.<\/p>\n<p>Godina 2017. tako\u0111e nosi vibraciju broja 7 koji je izuzetno magi\u010dan i duhovan broj koji nosi mnogo znakovitosti.<\/p>\n<p>Iako ljudska mra\u010dna strana mo\u017ee biti otkrivena, postoji svijetla ta\u010dka u tome i u 2017. \u0107e se dogoditi  mnoga duhovna bu\u0111enja. Kroz ovu tamu pojavi\u0107e se mnoga bi\u0107a svjetla i ubrza\u0107e se djelovanje takvih bi\u0107a na Zemlji.<\/p>\n<p>Mnoga bi\u0107a svjetla \u0107e djelovati punom snagom svojeg dara u 2017. i do\u0107i \u0107e do zna\u010dajnog porasta ljudi koji tra\u017ee ovu vrstu iscjeljuju\u0107e energije. Sve u svemu, 2017. \u0107e biti godina prilago\u0111avanja.<\/p>\n<p>Prilago\u0111avamo se novoj energiji i novom ciklusu koji \u0107e se nastaviti sljede\u0107ih devet godina.<\/p>\n<p>Godina 2017. je temeljna godina i dio ve\u0107eg ciklusa transformacije koju smo svi predodre\u0111eni iskusiti kao bi\u0107a ove planete i svi se imamo \u010demu veseliti.<\/p>\n","protected":false},"excerpt":{"rendered":"<p> Sti\u017ee novi energetski ciklus od 9 godina! Godina 2017. je temeljna godina i dio ve\u0107eg ciklusa transformacije koju smo svi predodre\u0111eni iskusiti kao bi\u0107a ove planete i svi se imamo \u010demu veseliti<\/p>\n","protected":false},"author":1,"featured_media":0,"comment_status":"open","ping_status":"closed","sticky":false,"template":"","format":"standard","meta":{"_seopress_robots_primary_cat":"","_seopress_titles_title":"","_seopress_titles_desc":"","_seopress_robots_index":"","_et_pb_use_builder":"","_et_pb_old_content":"","_et_gb_content_width":"","inline_featured_image":false,"footnotes":""},"categories":[8],"tags":[],"class_list":["post-219703","post","type-post","status-publish","format-standard","hentry","category-svastara"],"_links":{"self":[{"href":"https:\/\/www.pcnen.com\/portal\/wp-json\/wp\/v2\/posts\/219703","targetHints":{"allow":["GET"]}}],"collection":[{"href":"https:\/\/www.pcnen.com\/portal\/wp-json\/wp\/v2\/posts"}],"about":[{"href":"https:\/\/www.pcnen.com\/portal\/wp-json\/wp\/v2\/types\/post"}],"author":[{"embeddable":true,"href":"https:\/\/www.pcnen.com\/portal\/wp-json\/wp\/v2\/users\/1"}],"replies":[{"embeddable":true,"href":"https:\/\/www.pcnen.com\/portal\/wp-json\/wp\/v2\/comments?post=219703"}],"version-history":[{"count":0,"href":"https:\/\/www.pcnen.com\/portal\/wp-json\/wp\/v2\/posts\/219703\/revisions"}],"wp:attachment":[{"href":"https:\/\/www.pcnen.com\/portal\/wp-json\/wp\/v2\/media?parent=219703"}],"wp:term":[{"taxonomy":"category","embeddable":true,"href":"https:\/\/www.pcnen.com\/portal\/wp-json\/wp\/v2\/categories?post=219703"},{"taxonomy":"post_tag","embeddable":true,"href":"https:\/\/www.pcnen.com\/portal\/wp-json\/wp\/v2\/tags?post=219703"}],"curies":[{"name":"wp","href":"https:\/\/api.w.org\/{rel}","templated":true}]}}