{"id":219670,"date":"2017-01-13T07:36:15","date_gmt":"2017-01-13T06:36:15","guid":{"rendered":"http:\/\/www.pcnen.com\/portal\/?p=219670"},"modified":"2017-01-13T10:43:56","modified_gmt":"2017-01-13T09:43:56","slug":"danas-toplije-uz-snijeg-i-kisu","status":"publish","type":"post","link":"https:\/\/www.pcnen.com\/portal\/2017\/01\/13\/danas-toplije-uz-snijeg-i-kisu\/","title":{"rendered":"Danas toplije uz snijeg i ki\u0161u"},"content":{"rendered":"<p><a href=\"http:\/\/www.pcnen.com\/portal\/wp-content\/uploads\/2016\/02\/kisa_snijeg.jpg\"><img loading=\"lazy\" decoding=\"async\" src=\"http:\/\/www.pcnen.com\/portal\/wp-content\/uploads\/2016\/02\/kisa_snijeg-300x169.jpg\" alt=\"kisa_snijeg\" width=\"300\" height=\"169\" class=\"alignleft size-medium wp-image-198556\" \/><\/a>U Crnoj Gori \u0107e danas biti obla\u010dno sa padavinama i osjetno toplije. <\/p>\n<p>U ju\u017enim i centralnim krajevima zemlje pada\u0107e ki\u0161a, a u jutarnjim satima ponegdje snijeg i susnje\u017eica. Na sjeveru Crne Gore pada\u0107e snijeg, a u ni\u017eim predjelima i ki\u0161a. Intezivnije padavine o\u010dekuju se krajem dana i tokom no\u0107i. <\/p>\n<p>Vjetar ju\u017eni bi\u0107e umjeren do poja\u010dan, na udare jak, a na primorju i u sjevernim djelovima zemlje povremeno i veoma jak. Vjetar \u0107e tokom no\u0107i slabiti i po\u010deti da duva sa zapada.<\/p>\n<p>Najvi\u0161a dnevna temperatura vazduha bi\u0107e u rasponu od 1 do 12 stepeni.<\/p>\n<p><a href=\"http:\/\/www.meteo.co.me\/misc.php?text=121&#038;sektor=1&#038;grad=POD\" target=\"_blank\">Prognoza za Podgoricu.<\/a><\/p>\n","protected":false},"excerpt":{"rendered":"<p>Intezivnije padavine o\u010dekuju se krajem dana i tokom no\u0107i<\/p>\n","protected":false},"author":1,"featured_media":0,"comment_status":"open","ping_status":"closed","sticky":false,"template":"","format":"standard","meta":{"_seopress_robots_primary_cat":"","_seopress_titles_title":"","_seopress_titles_desc":"","_seopress_robots_index":"","_et_pb_use_builder":"","_et_pb_old_content":"","_et_gb_content_width":"","inline_featured_image":false,"footnotes":""},"categories":[14,12],"tags":[],"class_list":["post-219670","post","type-post","status-publish","format-standard","hentry","category-vijesti","category-prica-dana"],"_links":{"self":[{"href":"https:\/\/www.pcnen.com\/portal\/wp-json\/wp\/v2\/posts\/219670","targetHints":{"allow":["GET"]}}],"collection":[{"href":"https:\/\/www.pcnen.com\/portal\/wp-json\/wp\/v2\/posts"}],"about":[{"href":"https:\/\/www.pcnen.com\/portal\/wp-json\/wp\/v2\/types\/post"}],"author":[{"embeddable":true,"href":"https:\/\/www.pcnen.com\/portal\/wp-json\/wp\/v2\/users\/1"}],"replies":[{"embeddable":true,"href":"https:\/\/www.pcnen.com\/portal\/wp-json\/wp\/v2\/comments?post=219670"}],"version-history":[{"count":0,"href":"https:\/\/www.pcnen.com\/portal\/wp-json\/wp\/v2\/posts\/219670\/revisions"}],"wp:attachment":[{"href":"https:\/\/www.pcnen.com\/portal\/wp-json\/wp\/v2\/media?parent=219670"}],"wp:term":[{"taxonomy":"category","embeddable":true,"href":"https:\/\/www.pcnen.com\/portal\/wp-json\/wp\/v2\/categories?post=219670"},{"taxonomy":"post_tag","embeddable":true,"href":"https:\/\/www.pcnen.com\/portal\/wp-json\/wp\/v2\/tags?post=219670"}],"curies":[{"name":"wp","href":"https:\/\/api.w.org\/{rel}","templated":true}]}}