{"id":219520,"date":"2017-01-09T15:36:19","date_gmt":"2017-01-09T14:36:19","guid":{"rendered":"http:\/\/www.pcnen.com\/portal\/?p=219520"},"modified":"2017-01-09T15:36:19","modified_gmt":"2017-01-09T14:36:19","slug":"knezevic-danilovic-nam-rekao-za-plan-o-likvidaciji-lidera-df","status":"publish","type":"post","link":"https:\/\/www.pcnen.com\/portal\/2017\/01\/09\/knezevic-danilovic-nam-rekao-za-plan-o-likvidaciji-lidera-df\/","title":{"rendered":"Kne\u017eevi\u0107: Danilovi\u0107 nam rekao za plan o likvidaciji lidera DF"},"content":{"rendered":"<p><a href=\"http:\/\/www.pcnen.com\/portal\/wp-content\/uploads\/2015\/10\/Milan-Knezevic.jpg\"><img loading=\"lazy\" decoding=\"async\" src=\"http:\/\/www.pcnen.com\/portal\/wp-content\/uploads\/2015\/10\/Milan-Knezevic-300x209.jpg\" alt=\"Milan-Knezevic\" width=\"300\" height=\"209\" class=\"alignleft size-medium wp-image-190908\" \/><\/a>Milan Kne\u017eevi\u0107, jedan od prvaka opozicionog Demokratskog fronta (DF), je rekao za Vijesti da du na dan izbora lani dobili informaciju od tada\u0161njeg opozicionog ministra unutra\u0161njih poslova Gorana Danilovi\u0107a da liderima DF prijeti likvidacija.<\/p>\n<p>\u201cSve vi\u0161e na te\u017eini dobija informacija da smo mi u DF-u bili mete za likvidaciju. Informaciju da se planira na\u0161a likvidacija dobili smo na dan izbora od tada\u0161njeg ministra unutra\u0161njih poslova Gorana Danilovi\u0107a i u potpunosti mu vjerujem, posebno ako se ima u vidu profil ljudi uklju\u010denih u tzv. dr\u017eavni udar\u201c, kazao je Kne\u017eevi\u0107.<\/p>\n","protected":false},"excerpt":{"rendered":"<p>Milan Kne\u017eevi\u0107, jedan od prvaka opozicionog Demokratskog fronta (DF), je rekao za Vijesti da du na dan izbora lani dobili informaciju od tada\u0161njeg opozicionog ministra unutra\u0161njih poslova Gorana Danilovi\u0107a da liderima DF prijeti likvidacija. \u201cSve vi\u0161e na te\u017eini dobija informacija da smo mi u DF-u bili mete za likvidaciju. Informaciju da se planira na\u0161a likvidacija [&hellip;]<\/p>\n","protected":false},"author":1,"featured_media":0,"comment_status":"open","ping_status":"closed","sticky":false,"template":"","format":"standard","meta":{"_seopress_robots_primary_cat":"","_seopress_titles_title":"","_seopress_titles_desc":"","_seopress_robots_index":"","_et_pb_use_builder":"","_et_pb_old_content":"","_et_gb_content_width":"","inline_featured_image":false,"footnotes":""},"categories":[14],"tags":[],"class_list":["post-219520","post","type-post","status-publish","format-standard","hentry","category-vijesti"],"_links":{"self":[{"href":"https:\/\/www.pcnen.com\/portal\/wp-json\/wp\/v2\/posts\/219520","targetHints":{"allow":["GET"]}}],"collection":[{"href":"https:\/\/www.pcnen.com\/portal\/wp-json\/wp\/v2\/posts"}],"about":[{"href":"https:\/\/www.pcnen.com\/portal\/wp-json\/wp\/v2\/types\/post"}],"author":[{"embeddable":true,"href":"https:\/\/www.pcnen.com\/portal\/wp-json\/wp\/v2\/users\/1"}],"replies":[{"embeddable":true,"href":"https:\/\/www.pcnen.com\/portal\/wp-json\/wp\/v2\/comments?post=219520"}],"version-history":[{"count":0,"href":"https:\/\/www.pcnen.com\/portal\/wp-json\/wp\/v2\/posts\/219520\/revisions"}],"wp:attachment":[{"href":"https:\/\/www.pcnen.com\/portal\/wp-json\/wp\/v2\/media?parent=219520"}],"wp:term":[{"taxonomy":"category","embeddable":true,"href":"https:\/\/www.pcnen.com\/portal\/wp-json\/wp\/v2\/categories?post=219520"},{"taxonomy":"post_tag","embeddable":true,"href":"https:\/\/www.pcnen.com\/portal\/wp-json\/wp\/v2\/tags?post=219520"}],"curies":[{"name":"wp","href":"https:\/\/api.w.org\/{rel}","templated":true}]}}