{"id":219432,"date":"2017-01-07T09:04:06","date_gmt":"2017-01-07T08:04:06","guid":{"rendered":"http:\/\/www.pcnen.com\/portal\/?p=219432"},"modified":"2017-01-07T09:04:06","modified_gmt":"2017-01-07T08:04:06","slug":"hitlerovi-pravoslavci","status":"publish","type":"post","link":"https:\/\/www.pcnen.com\/portal\/2017\/01\/07\/hitlerovi-pravoslavci\/","title":{"rendered":"Hitlerovi pravoslavci"},"content":{"rendered":"<p><strong>Autor: Mirko \u0110or\u0111evi\u0107<\/strong><\/p>\n<p><a href=\"http:\/\/www.pcnen.com\/portal\/wp-content\/uploads\/2017\/01\/Pavelic-Germogen.jpg\"><img loading=\"lazy\" decoding=\"async\" src=\"http:\/\/www.pcnen.com\/portal\/wp-content\/uploads\/2017\/01\/Pavelic-Germogen-300x220.jpg\" alt=\"pavelic-germogen\" width=\"300\" height=\"220\" class=\"alignleft size-medium wp-image-219433\" srcset=\"https:\/\/www.pcnen.com\/portal\/wp-content\/uploads\/2017\/01\/Pavelic-Germogen-300x220.jpg 300w, https:\/\/www.pcnen.com\/portal\/wp-content\/uploads\/2017\/01\/Pavelic-Germogen-580x425.jpg 580w, https:\/\/www.pcnen.com\/portal\/wp-content\/uploads\/2017\/01\/Pavelic-Germogen-450x330.jpg 450w, https:\/\/www.pcnen.com\/portal\/wp-content\/uploads\/2017\/01\/Pavelic-Germogen-480x352.jpg 480w, https:\/\/www.pcnen.com\/portal\/wp-content\/uploads\/2017\/01\/Pavelic-Germogen-235x172.jpg 235w, https:\/\/www.pcnen.com\/portal\/wp-content\/uploads\/2017\/01\/Pavelic-Germogen-75x55.jpg 75w, https:\/\/www.pcnen.com\/portal\/wp-content\/uploads\/2017\/01\/Pavelic-Germogen-350x257.jpg 350w, https:\/\/www.pcnen.com\/portal\/wp-content\/uploads\/2017\/01\/Pavelic-Germogen-220x161.jpg 220w, https:\/\/www.pcnen.com\/portal\/wp-content\/uploads\/2017\/01\/Pavelic-Germogen-90x65.jpg 90w, https:\/\/www.pcnen.com\/portal\/wp-content\/uploads\/2017\/01\/Pavelic-Germogen.jpg 600w\" sizes=\"(max-width: 300px) 100vw, 300px\" \/><\/a>Nedavno je istori\u010dar Nikola Samard\u017ei\u0107 \u2013 u dnevniku Danas \u2013 upotrebio izraz \u201eklerobolj\u0161evici\u201c i tako smo \u2013 ako smo se nekako sna\u0161li s izrazom \u201eklerofa\u0161isti\u201c \u2013 na\u0161li pred novim nevoljama. Istini za volju, on se nije bavio odakle vidi poreklo tako ne\u010dega, ali da i toga ima, i da je toga bilo, to je sigurno samo se kod nas ne \u017eeli o tom znati.<\/p>\n<p>U svetu nije tako \u2013 najve\u0107i \u017eivi istori\u010dar Ruske crkve D. V. Pospelovski je objavio 1995. knjigu dokumenata o tome koja je prevedena na ve\u0107i broj evropskih jezika. Jo\u0161 je \u010dudnije da ta knjiga nije prime\u0107ena kod nas, iako je o SPC i nama pravoslavcima, u njoj mnogo i va\u017enog i novog. Posebno onog o \u010demu se kod nas \u0107uti, ili o \u010demu tek stru\u010dnjaci znaju.<\/p>\n<p>Ne zna se da li je ve\u0107a zbrka oko toga u izdanjima SPC ili u lai\u010dkim publikacijama. Uzalud \u0107e neko tra\u017eiti ne\u0161to o tome i u \u201ePravoslavnoj enciklopediji\u201c koju imamo. \u010cak ni\u0161ta na\u0107i ne\u0107e ni o patrijarsima kakvi su Varnava ili Gavrilo Do\u017ei\u0107.<\/p>\n<p>Ovo nije rasprava o Crkvi pod Hitlerom i potrebe za tim i nema jer je to elaborirano u zna\u010dajnim knjigama u svetu. Hitler je imao svoju tevtonsko-pagansku religiju, rasisti\u010dku naravno, ali sa Crkvom nije lako izlazio na kraj kako se obi\u010dno misli. Katolike je bio toliko prepla\u0161io da je papa Pije XII \u0107utao sve vreme rata, a sve je znao o uni\u0161tavanju Jevreja. Zvani\u010dni Vatikan i danas stoji na tezi da je papa imao \u201erazloge\u201c jer bi, navodno bilo gore i za Jevreje i za njega. To nije ta\u010dno i tek danas savesni istori\u010dari me\u0111u katolicima \u2013 i kod nas ne samo u svetu \u2013 jasno govore o tom neodgovornom \u201e\u0107utanju\u201c rimskog prvosve\u0161tenika.<br \/>\n<strong><br \/>\nPatrijarhove pohvale fireru<\/strong><\/p>\n<p>Neta\u010dna je i teza da su pravoslavci bili odlu\u010dno protiv hitlerizma, ali tu je va\u017eno ista\u0107i najva\u017eniju tezu D. V. Pospelovskog: vo\u0111a Rajha se lak\u0161e sna\u0161ao \u010dak i sa Ruskom pravoslavnom crkvom \u2013 i njenim odre\u0111enim strukturama \u2013 nego sa SPC. Ozbiljno je radio na tome da slomi SPC ali nije uspeo \u2013 patrijarha i prvojerarha SPC Gavrila Do\u017ei\u0107a dr\u017eao je u zatvoru sve do kraja rata. Ipak, u ne\u010dem je imao uspeha i to rano jo\u0161 1937. kada je Hitlerova propaganda shvatila da se sa Crkvom mora druga\u010dije postupiti. Nema potrebe navoditi Nikolajeve pohvale Hitleru \u2013 to je poznato \u2013 ali se moraju navesti neki momenti iz \u017eivota i rada patrijarha Varnave \u010dije je zabune hrabro razre\u0161io patrijarh Do\u017ei\u0107 s kojim Hitler nije uspeo u svojim namerama \u2013 Do\u017ei\u0107 je bio ube\u0111eni antifa\u0161ista.<\/p>\n<p>Ne\u0107emo navoditi ni memoare ni razna mi\u0161ljenja ve\u0107 \u0107emo navesti najbitnije iz slu\u017ebenog \u201eGlasnika SPC\u201c koji je to i danas.<\/p>\n<p>Odusta\u0107emo ne samo od tuma\u010denja ve\u0107 i interpretacija i poslu\u017ei\u0107emo se slu\u017ebenim prevodom kako ga donosi zvani\u010dni organ SPC u dvobroju 1-2. za 1937. godinu. DNB \u2013 to je zvani\u010dna agencija Hitlerova \u2013 prenosi razgovor dopisnika lista Volkischer Beobachter \u2013 to je zvani\u010dno glasilo Hitlerove partije \u2013 sa patrijarhom Varnavom. Mnogo je tu laskavih re\u010di o patrijarhu jer ga Nemci tada vide kao \u010doveka \u010dije poslanice Vlada Kraljevine \u010dak i zabranjuje. Naravno, patrijarh Varnava vidi glavnu opasnost u komunizmu, ali ka\u017ee \u2013 \u201eFirer velikog nema\u010dkog naroda vodi borbu, koja slu\u017ei na korist celom \u010dove\u010danstvu\u201c. Ta borba \u2013 nastavlja patrijarh \u2013 \u201epoti\u010de iz idealnih motiva i nema nikakve veze sa imperijalisti\u010dkim ciljevima\u201c.<\/p>\n<p>U istom broju dopisnik iz Beograda za \u201eMunchenes Neueste Nachrichten\u201c javlja \u2013 i to je slu\u017ebeni prevod iz zvani\u010dnog glasila SPC \u2013 da patrijarh govori o \u201edalekovidom Fireru\u201c koga je \u201eBog poslao nema\u010dkom narodu\u201c koji se bori \u201eprotiv komunizma i internacionalnih Jevreja\u201c koji ugro\u017eavaju Evropu. Upravo je to zabranjivala Vlada Kraljevine i o tome su pisali Politika i O\u0161i\u0161ani je\u017e. To je razre\u0161io novi patrijarh Gavrilo Do\u017ei\u0107 koji je okrenuo politiku SPC u smeru suprotnom od onog koji je sledio Varnava.<\/p>\n<p>No, to je ve\u0107 poznatije ali da je patrijarh Varnava bio u \u201evrzinom\u201c kolu okru\u017een ruskom monarhisti\u010dkom emigracijom o tome se \u0107uti.<\/p>\n<p><strong>Karlova\u010dka crkva Anti Paveli\u0107u<\/strong><\/p>\n<p>Ta\u010dna je i va\u017ena jo\u0161 jedna teza D. V. Pospelovskog: Hitler je naglo promenio kurs i po\u010deo da tra\u017ei svoje pravoslavce kada je J. V. Staljin 1943. dozvolio rad Ruskoj pravoslavnoj crkvi. U tom smislu se vo\u0111a Rajha oslonio na Rusku pravoslavnu \u201ezagrani\u010dnu\u201c crkvu koja je nastala u Sremskim Karlovcima 1922. godine \u2013 ta Crkva postoji i danas \u2013 nedavno je u njoj \u2013 pre dva meseca \u2013 do\u0161lo do novog \u201eraskola\u201c \u2013 i to ozbiljnog. Ta je Crkva -\u201czagrani\u010dna\u201c \u2013 dala episkopa Germogena Anti Paveli\u0107u za takozvanu Hrvatsku pravoslavnu crkvu. Nesre\u0107nog episkopa su ubili Tu\u0111manovi partizani. Episkopi te \u201ekarlova\u010dke crkve\u201c \u2013 i njenog Sinoda \u2013 pisali su poslanice Hitleru u kome su videli izbavitelja od Jevreja i komunista.<\/p>\n<p>Ruski crkveni istori\u010dar nudi obilje dokumenata koji pokazuju koliko se patrijarh Varnava trudio oko te crkve \u010dija \u0107e i sam \u017ertva biti \u2013 nakon njega je Gavrilo Do\u017ei\u0107 poveo i to uspe\u0161no, drugu politiku u SPC. Hitler i nacisti su priznavali samo tu \u201ezagrani\u010dnu crkvu\u201c i njen \u201ekarlova\u010dki Sinod\u201c. Tu je ukaz Adolfa Hitlera o imovini RPC u Nema\u010dkoj koja se daje \u201ekarlov\u010danima\u201c i tu su i razgovori \u2013 slu\u017ebena bele\u0161ka \u2013 izme\u0111u Hitlerovog izaslanika Hauga i \u201ekarlov\u010dana\u201c i Haug je jasan \u2013 \u201eNema\u010dku dr\u017eavu zanima samo jedno \u2013 pravoslavna crkva mo\u017ee biti samo jedna, a to je crkva karlova\u010dkoga Sinoda\u201c.<\/p>\n<p>Ina\u010de, onda\u0161nji ruski patrijarh je ne samo osudio tu crkvu ve\u0107 ju je i slu\u017ebenim ukazom zabranio. Za tu crkvu bio je zadu\u017een sam Rozenberg koji je poznavao problem i znao i ruski jezik \u2013 ta je Hitlerova crkvena politika do\u017eivela krah nakon kraja poslednjeg svetskog rata. Ruska crkva se obnovila sa pobedom saveznika i zadobila je pravo slu\u017eenja pod Staljinom koji je to \u010dinio, naravno, vo\u0111en politi\u010dkim motivima. Ranije je bila gonjena kao pod Dioklecijanom, ali je polako zadobijala pozicije za bolje vr\u0161enje svoje misije.<\/p>\n<p><strong>Antisemitski referati<\/strong><\/p>\n<p>Zanimljivo je i hvale vredno da se pomenuti ruski crkveni istori\u010dar u svom delu koristi arhivskom gra\u0111om iz ruskih i srpskih arhiva \u2013 posebno izdanjima iz 1939. godine koja sadr\u017ee zbornike saborskih akata \u201ekarlova\u010dkog Sinoda\u201c. On tu gra\u0111u bolje poznaje nego mnogi od nas. Moskovski patrijarh Tihon \u2013 koji je imao te\u0161ke probleme pod Lenjinom \u2013 jo\u0161 je maja meseca 1922. izdao specijalni dekret kojim karlova\u010dku crkvenu upravu i svu imovinu predaje \u2013 onu u Evropi i poratnoj Nema\u010dkoj \u2013 mitropolitu Jevlogiju koji je stolovao u Parizu. Dokumentacija je impresivna, posebno deo koji govori kako se patrijarh SPC Varnava nije sna\u0161ao u tim vremenima kada je Hitler ve\u0107 otvoreno pretio Evropi i svetu. U dokumentima se nalaze, izme\u0111u ostalog, grozni antisemitski \u201ereferati\u201c jerarhije ove neslavne \u201ezagrani\u010dne\u201c ruske crkve. Tako se u vreme najstravi\u010dnijih progona Jevreja od strane \u201ekarlov\u010dana\u201c krivica za sve bacala \u201ena Katoli\u010dku crkvu Nema\u010dke koja se borila za za\u0161titu Jevreja od Hitlera i koja je uglavnom istupala protiv nacisti\u010dkog antisemitizma\u201c. Oni su opasnost videli \u2013 karlova\u010dki Sinod \u2013 u masonima i Jevrejima i posebno u komunizmu. Tu se i na\u0161 patrijarh Varnava nije sna\u0161ao. Ti su \u201ekarlov\u010dani\u201c progla\u0161avali za jeretike i takve mislioce kakvi su bili Nikolaj Ber\u0111ajev ili O. Sergej Bulgakov koji se smatra osniva\u010dem \u0160kole \u201epravoslavnog moderniteta\u201c. Na Zapadu pak \u2013 posebno u Francuskoj \u2013 oni koji su se distancirali od \u201ezagrani\u010dne\u201c crkve bili su legendarni heroji pokreta Otpora pod vo\u0111stvom De Gola i komunista.<\/p>\n<p>To je ta \u201ebelina\u201c sa kojom se danas u desni\u010darskim krugovima u Beogradu manipuli\u0161e.<\/p>\n<p><strong>Klerobolj\u0161evici<\/strong><\/p>\n<p>Ni sintagma \u201eklerobolj\u0161evici\u201c nije bez osnova \u2013 D. V. Pospelovski u knjizi objavljenoj u Moskvi i o tome pru\u017ea dosta dokumenata.<\/p>\n<p>Bilo je pod Lenjinom jo\u0161 vi\u0161e raskola u Ruskoj pravoslavnoj crkvi i to i zdesna i sleva kako se istori\u010dar izra\u017eava. Ako su \u201eobnovljenici\u201c poznatija epizoda \u2013 i neuspeo poku\u0161aj obnove Crkve \u2013 zahvaljuju\u0107i D. V. Pospelovskom znamo i za crkvene strukture koje su stvarane da se u potpunosti prihvati program Komunisti\u010dke partije uz slobodno delovanje Crkve. Konsekventni ateista V. I. Lenjin, naravno, ni na to nije pristao iako su mu organizovali i liturgijsku slu\u017ebu \u2013 no, i ova crkva postoji sve do danas i tu smo pred ne\u010dim \u0161to tek \u010deka istra\u017eiva\u010da. Posebno kod nas. Oni su \u2013 ovi levi\u010dari raskolnici \u2013 sara\u0111ivali sa organima \u010cEKA-GPU-NKVD i to \u010dine i danas. Danas ruskim fa\u0161istima oko Limonova ne smetaju ni Hitler ni Staljin \u2013 oni su za totalitarni sistem ma koje boje on bio. Danas se oni prepoznaju i kod nas kao takozvani ekstremisti kakvih ima \u010dak i me\u0111u vladikama.<\/p>\n<p>Ni\u0161ta u istoriji \u2013 posebno u istoriji Crkve \u2013 ne prolazi bez ostavljenog traga.<\/p>\n<p>Ulomak iz knjige Ki\u0161obran patrijarha Pavla Mirka \u0110or\u0111evi\u0107a, str. 68-72<\/p>\n<p><a href=\"http:\/\/www.prometej.ba\/clanak\/povijest\/mirko-djordjevic-hitlerovi-pravoslavci-2885\" target=\"_blank\">Prometej.ba<\/a><\/p>\n","protected":false},"excerpt":{"rendered":"<p>Vo\u0111a Rajha oslonio se na Rusku pravoslavnu \u201ezagrani\u010dnu\u201c crkvu koja je nastala u Sremskim Karlovcima 1922. Ta je Crkva dala episkopa Germogena Anti Paveli\u0107u za takozvanu Hrvatsku pravoslavnu crkvu. Nesre\u0107nog episkopa su ubili Tu\u0111manovi partizani. Episkopi te \u201ekarlova\u010dke crkve\u201c \u2013 i njenog Sinoda \u2013 pisali su poslanice Hitleru u kome su videli izbavitelja od Jevreja i komunista<\/p>\n","protected":false},"author":1,"featured_media":219433,"comment_status":"open","ping_status":"closed","sticky":false,"template":"","format":"standard","meta":{"_seopress_robots_primary_cat":"","_seopress_titles_title":"","_seopress_titles_desc":"","_seopress_robots_index":"","_et_pb_use_builder":"","_et_pb_old_content":"","_et_gb_content_width":"","inline_featured_image":false,"footnotes":""},"categories":[5],"tags":[],"class_list":["post-219432","post","type-post","status-publish","format-standard","has-post-thumbnail","hentry","category-drugi-pisu"],"_links":{"self":[{"href":"https:\/\/www.pcnen.com\/portal\/wp-json\/wp\/v2\/posts\/219432","targetHints":{"allow":["GET"]}}],"collection":[{"href":"https:\/\/www.pcnen.com\/portal\/wp-json\/wp\/v2\/posts"}],"about":[{"href":"https:\/\/www.pcnen.com\/portal\/wp-json\/wp\/v2\/types\/post"}],"author":[{"embeddable":true,"href":"https:\/\/www.pcnen.com\/portal\/wp-json\/wp\/v2\/users\/1"}],"replies":[{"embeddable":true,"href":"https:\/\/www.pcnen.com\/portal\/wp-json\/wp\/v2\/comments?post=219432"}],"version-history":[{"count":0,"href":"https:\/\/www.pcnen.com\/portal\/wp-json\/wp\/v2\/posts\/219432\/revisions"}],"wp:featuredmedia":[{"embeddable":true,"href":"https:\/\/www.pcnen.com\/portal\/wp-json\/wp\/v2\/media\/219433"}],"wp:attachment":[{"href":"https:\/\/www.pcnen.com\/portal\/wp-json\/wp\/v2\/media?parent=219432"}],"wp:term":[{"taxonomy":"category","embeddable":true,"href":"https:\/\/www.pcnen.com\/portal\/wp-json\/wp\/v2\/categories?post=219432"},{"taxonomy":"post_tag","embeddable":true,"href":"https:\/\/www.pcnen.com\/portal\/wp-json\/wp\/v2\/tags?post=219432"}],"curies":[{"name":"wp","href":"https:\/\/api.w.org\/{rel}","templated":true}]}}