{"id":219251,"date":"2017-01-03T09:06:05","date_gmt":"2017-01-03T08:06:05","guid":{"rendered":"http:\/\/www.pcnen.com\/portal\/?p=219251"},"modified":"2017-01-03T09:06:51","modified_gmt":"2017-01-03T08:06:51","slug":"ugasen-informer-za-cg","status":"publish","type":"post","link":"https:\/\/www.pcnen.com\/portal\/2017\/01\/03\/ugasen-informer-za-cg\/","title":{"rendered":"Uga\u0161en Informer za CG"},"content":{"rendered":"<p><a href=\"http:\/\/www.pcnen.com\/portal\/wp-content\/uploads\/2014\/06\/Informer.jpg\"><img loading=\"lazy\" decoding=\"async\" src=\"http:\/\/www.pcnen.com\/portal\/wp-content\/uploads\/2014\/06\/Informer.jpg\" alt=\"Informer, logo\" width=\"278\" height=\"118\" class=\"alignleft size-full wp-image-149740\" \/><\/a>Poslije skoro tri godine izla\u017eenja, vlasnici beogradskog tabloida Infromer su ugasili crnogorsko izdanje, a desetak zaposlenih je ostalo bez otpremnina, <a href=\"http:\/\/www.vijesti.me\/vijesti\/tabloid-informer-ugasen-vlast-ostala-bez-udarne-batine-918931\" target=\"_blank\">objavile su podgori\u010dke Vijesti<\/a>, navode\u0107i da su im izvori iz Informera rekli da je razlog ga\u0161enja finansijska neodr\u017eivos.<\/p>\n<p>Nezvani\u010dni izvori Vijesti spekuli\u0161u da je prijevremeno ga\u0161enje povezano sa brojnim \u017ealbama predstavnika Srba u Crnoj Gori, koji su se predsjedniku Srbije Aleksandru Vu\u010di\u0107u \u017ealili na pisanje Informera o toj populaciji i navodnom \u201cdr\u017eavnom udaru\u201d.<\/p>\n<p>Crnogorsko izdanje Informera \u010de ostati zapam\u0107eno po izrazito  neeti\u010dnom novinarstvu, a posebno po <a href=\"http:\/\/www.pcnen.com\/portal\/2014\/10\/30\/informer-krsi-ustavom-zagarantovana-ljudska-prava\/\">prljavoj kampanji<\/a> protiv istaknute civilne aktivistkinje Vanje \u0106alovi\u0107, izvr\u0161ne direktorice Mre\u017ee za afirmaciju nevladinog sektora, zbog \u010dega je i <a href=\"http:\/\/www.pcnen.com\/portal\/2014\/06\/27\/sud-zabranio-distribuciju-spornih-tekstova-informera\/\">zabranjivana distribucija lista.<\/a><\/p>\n","protected":false},"excerpt":{"rendered":"<p>Crnogorsko izdanje Informera \u010de ostati zapam\u0107eno po izrazito  neeti\u010dnom novinarstvu, a posebno po prljavoj kampanji protiv  Vanje \u0106alovi\u0107<\/p>\n","protected":false},"author":1,"featured_media":0,"comment_status":"open","ping_status":"closed","sticky":false,"template":"","format":"standard","meta":{"_seopress_robots_primary_cat":"","_seopress_titles_title":"","_seopress_titles_desc":"","_seopress_robots_index":"","_et_pb_use_builder":"","_et_pb_old_content":"","_et_gb_content_width":"","inline_featured_image":false,"footnotes":""},"categories":[14,12],"tags":[],"class_list":["post-219251","post","type-post","status-publish","format-standard","hentry","category-vijesti","category-prica-dana"],"_links":{"self":[{"href":"https:\/\/www.pcnen.com\/portal\/wp-json\/wp\/v2\/posts\/219251","targetHints":{"allow":["GET"]}}],"collection":[{"href":"https:\/\/www.pcnen.com\/portal\/wp-json\/wp\/v2\/posts"}],"about":[{"href":"https:\/\/www.pcnen.com\/portal\/wp-json\/wp\/v2\/types\/post"}],"author":[{"embeddable":true,"href":"https:\/\/www.pcnen.com\/portal\/wp-json\/wp\/v2\/users\/1"}],"replies":[{"embeddable":true,"href":"https:\/\/www.pcnen.com\/portal\/wp-json\/wp\/v2\/comments?post=219251"}],"version-history":[{"count":0,"href":"https:\/\/www.pcnen.com\/portal\/wp-json\/wp\/v2\/posts\/219251\/revisions"}],"wp:attachment":[{"href":"https:\/\/www.pcnen.com\/portal\/wp-json\/wp\/v2\/media?parent=219251"}],"wp:term":[{"taxonomy":"category","embeddable":true,"href":"https:\/\/www.pcnen.com\/portal\/wp-json\/wp\/v2\/categories?post=219251"},{"taxonomy":"post_tag","embeddable":true,"href":"https:\/\/www.pcnen.com\/portal\/wp-json\/wp\/v2\/tags?post=219251"}],"curies":[{"name":"wp","href":"https:\/\/api.w.org\/{rel}","templated":true}]}}