{"id":219244,"date":"2017-01-03T08:10:33","date_gmt":"2017-01-03T07:10:33","guid":{"rendered":"http:\/\/www.pcnen.com\/portal\/?p=219244"},"modified":"2017-01-03T08:11:45","modified_gmt":"2017-01-03T07:11:45","slug":"dvodecenijsko-druzenje-vucica-sa-danasom","status":"publish","type":"post","link":"https:\/\/www.pcnen.com\/portal\/2017\/01\/03\/dvodecenijsko-druzenje-vucica-sa-danasom\/","title":{"rendered":"Dvodecenijsko &#8216;dru\u017eenje&#8217; Vu\u010di\u0107a sa Danasom"},"content":{"rendered":"<p><strong>Autor: Grujica Spasovi\u0107*<\/strong><\/p>\n<p><a href=\"http:\/\/www.pcnen.com\/portal\/wp-content\/uploads\/2017\/01\/Grujica-Spasovic.jpg\"><img loading=\"lazy\" decoding=\"async\" src=\"http:\/\/www.pcnen.com\/portal\/wp-content\/uploads\/2017\/01\/Grujica-Spasovic-300x219.jpg\" alt=\"grujica-spasovic\" width=\"300\" height=\"219\" class=\"alignleft size-medium wp-image-219245\" \/><\/a>\u201eFranjo Tu\u0111man doputovao \u2018vlakom mira i pomirenja\u2019 u Vukovar. Nakon izjave da ne\u0107e biti dozvoljen povratak svim Srbima izbeglim iz Hrvatske, nastavio ka Vinkovcima, uz kamenicama razbijena tri prozora na vagonima.\u201c<\/p>\n<p>\u201eLitija na \u010delu sa kopijom ikone Bogorodice Trojeru\u010dice iz manastira Hilandar, od Saborne crkve do Hrama Svetog Save, gde je patrijarh srpski gospodin Pavle slu\u017eio svetu liturgiju.\u201c<\/p>\n<p>\u201eUmesto u nedelju, potpisivanje ugovora o prodaji Telekoma Srbije Italijanima i Grcima odlo\u017eeno za ponedeljak.\u201c<\/p>\n<p>\u201eGolovima Savi\u0107evi\u0107a i Mijatovi\u0107a fudbalska reprezentacija pobedila Slova\u010dku sa 2:0.\u201c<\/p>\n<p>Bile su to, po oceni redakcije, top vesti za prvu stranu u danu kad je iza\u0161ao prvi broj Danasa 9. juna 1997. Gotovo pre pune dve decenije! Od tada do\u017eiveli smo dve svetske nagrade za novinarstvo, ali i zatvaranje redakcije, zabranu lista, hap\u0161enje novinara, izbegli\u0161tvo u Podgoricu i Novi Sad, nov\u010dane kazne koje bi i znatno ja\u010de redakcije oterale u propast, bili smo mesecima bez plata i honorara, da ne pominjemo brojne surove optu\u017ebe i pretnje bukvalno svakog dana. Bili smo, kako sam jednom ve\u0107 nabrojao, kvislinzi, peta kolona, izdajnici, agenti CIA, mosadovci, udba\u0161i, misionari, mondijalisti, sorosovci, kolaboranti, strani pla\u0107enici, NATO zlikovci, potkaziva\u010di, \u201ehulje koje treba uni\u0161titi\u201c (Vojislav \u0160e\u0161elj), a Dobrica \u0106osi\u0107 je presudio da smo \u201epla\u0107eni\u010dke, antisrpske, pokvarene novine, kolaborantski, inostrani i potkaziva\u010dki list\u201c. Kad su minule \u201eolovne godine\u201c, donekle smo finansijski obe\u0161te\u0107eni, mogli smo \u010dak i papir da nabavimo po istim cenama kao druge redakcije, a sa gotovo istih adresa stizale su i ocene da smo ispisivali \u201ekriti\u010dku, ali i izuzetno dragocenu hronologiju \u017eivljenja na ovim prostorima i postali jedna od najzna\u010dajnijih novina u Srbiji i regionu\u201c, \u010dak i \u201eupori\u0161te evropske Srbije\u201c. Sad, kao da je \u201e\u017eivot zatvorio krug\u201c, kao da smo se vratili na po\u010detak: opet smo izdajnici, strani pla\u0107enici, sorosovci, \u201etabloid\u201c koji ne vredi \u010ditati, ve\u0107 ga treba uni\u0161titi po svaku cenu.<\/p>\n<p>\u0160ta se to dogodilo? Mo\u017eda, jo\u0161 va\u017enije: kad se to dogodilo? Ko se to promenio i izdao \u2013 ma \u0161ta to zna\u010dilo \u2013 \u201eevropske vrednosti\u201c? Da li onda kad smo, naivno, poverovali da krik zbog ru\u0161enja u Savamali mora da dobije svoj puni odjek u \u201eupori\u0161tu evropske Srbije\u201c, da treba spre\u010diti \u201ekompletne idiote\u201c sa fantomkama i bez njih da nam ubiju svaku nadu u pravnu dr\u017eavu?<\/p>\n<p>Samo jedan \u010dovek pouzdano zna sve ove odgovore. Aleksandar Vu\u010di\u0107. Sa njim se Danas \u201edru\u017ei\u201c, \u010desto veoma bolno, gotovo od samog po\u010detka.<\/p>\n<p>Dakle, po\u010delo je u kasno popodne 12. oktobra 1998. Kurir iz Ministarstva informisanja Srbije doneo je u redakciju pismo sa potpisom ministra Aleksandra Vu\u010di\u0107a. U ovom \u201eUpozorenju\u201c, sa naslovom \u201e\u0160irite strah, paniku i defetizam\u201c, ministar nam zamera \u0161to smo citirali podgori\u010dke Vijesti, Va\u0161ington post i nema\u010dki Velt, pa ako tako nastavimo, u skladu sa \u201eUredbom o posebnim merama u uslovima pretnji oru\u017eanim napadima NATO pakta na\u0161oj zemlji\u201c, Ministarstvo \u0107e \u201ebiti prinu\u0111eno da va\u0161em sredstvu informisanja privremeno zabrani rad i oduzme sredstva za rad za vreme dok je Uredba na snazi\u201c. Argumenti za ovaj stav, ma kako bili tanki i neozbiljni, bili su donekle i razumljivi u tim danima op\u0161te konfuzije, nervoze, straha, ali poslednja re\u010denica nas je dotukla: \u201eObjavljivanje ovog upozorenja je zabranjeno, kao i davanje bilo kakvih informacija o njemu!\u201c<\/p>\n<p>Odmah smo odlu\u010dili da \u201eUpozorenje\u201c objavimo u celini sa odgovorom Kolegijuma lista. Na tribini u Medija centru, istog dana, rekao sam da \u201eopomena da ga ne smemo objavljivati je kao kad od osu\u0111enog na ve\u0161anje tra\u017eite da opere vrat da vam ne bi uprljao u\u017ee. Nismo hteli da im u\u010dinimo to zadovoljstvo. Kolegijum Danasa je odlu\u010dio da isprlja u\u017ee.\u201c<\/p>\n<p>Iste no\u0107i redakcija Danasa je izba\u010dena na ulicu, a list zabranjen. Tek nakon osam dana prostorije redakcije su otpe\u010da\u0107ene.<\/p>\n<p>Po hitnom postupku, Skup\u0161tina Srbije je 20. oktobra 1998. donela novi Zakon o informisanju, verovatno jedan od najsramnijih u istoriji ove zemlje. Po njemu, za svaku re\u010d objavljenu u medijima, ukoliko se posumnja u njenu istinitost, zapre\u0107eno je kaznama od 400 do 800 hiljada dinara, koje moraju da budu pla\u0107ene u roku od 24 sata nakon odluke \u2013 sudije za prekr\u0161aje! Ministar Vu\u010di\u0107 je sa puno entuzijazma isticao da je zakon \u201eozbiljan i dobar\u201c, a \u0161ef njegove stranke \u0160e\u0161elj je u diskusiji istakao ko su glavne mete: \u201eMene samo iznena\u0111uje, kad (Havijer Solana) dolazi s novcem i za\u0161titom, za\u0161to tim urednicima i novinarima nije podelio i \u010dinove, pa da znamo da je Veran Mati\u0107 general-lajtnant NATO, \u0106uruvija podnarednik, a Grujica Spasovi\u0107, dijete Grujica, major.\u201c<\/p>\n<p>Zbog ovakvog zakona, koji je o\u010digledno pretio da nas oplja\u010dka bez \u0161ansi da se oporavimo, osnovali smo izdava\u010dku ku\u0107u u Podgorici, gde smo, od 4. novembra, izdavali \u201ecrnogorski Danas\u201c. Me\u0111utim, bilo je dosta tehni\u010dkih i transportnih problema, pa smo se 19. januara 1999. preselili u Novi Sad, gde smo do\u010dekali po\u010detak NATO napada 24. marta.<\/p>\n<p>Nakon burne rasprave u redakciji, odlu\u010dili smo da, uprkos cenzuri tokom NATO bombardovanja, nastavimo sa izdavanjem lista, sa naznakom \u201evanredno izdanje\u201c, sa tekstovima bez potpisa autora i bez komentara, uz zvani\u010dna saop\u0161tenja i agencijske izve\u0161taje, svesni da ne mo\u017eemo sve da objavimo, ali da ono \u0161to objavimo bude precizno, kratko, jasno. Svaki dan, negde oko 16 \u010dasova, morao sam u Ministarstvo da nosim list na cenzuru, koju su obavljali ministar ili njegova zamenica. Priznajem: ministar Vu\u010di\u0107 je bio znatno tolerantniji, \u010desto je imao primedbe na neke tekstove i naslove, ali nije insistirao na njihovom izbacivanju, za razliku od njegove zamenice Radmile Vi\u0161i\u0107. Se\u0107am se i sastanka u Vladi Srbije sa svim glavnim i odgovornim urednicima medija 1. aprila, kad su mnogi o\u0161tro reagovali na komentar Ekspres Politike \u201e\u0106uruvija do\u010dekao bombe\u201c u kome su prepoznali poziv na lin\u010d. Vu\u010di\u0107 je obe\u0107ao da \u0107e se potruditi da se tako ne\u0161to ne ponovi. Ali, ni to nije spaslo \u0106uruviju. Ubijen je deset dana kasnije. A na\u0161e svakodnevno \u201edru\u017eenje\u201c se nastavilo sve do kraja bombardovanja.<\/p>\n<p>Kad je oru\u017eje za\u0107utalo,\u201cdru\u017eenje\u201c je nastavljeno u sudnici. Gra\u0111anin (a ne ministar) Vu\u010di\u0107 i gra\u0111anin (a ne potpredsednik Vlade) \u0160e\u0161elj tu\u017eili su Danas zbog objavljivanja saop\u0161tenja Srpskog pokreta obnove, tada najja\u010de opozicione stranke, u kome se i \u010dlanovi Srpske radikalne stranke optu\u017euju da su u\u010destvovali u atentatu na Ibarskoj magistrali. Kazna: 360.000 dinara. Ukupno, po ovom zakonu, sedam kazni te\u0161kih dva i po miliona dinara, znatno vi\u0161e nego \u0161to je platio bilo koji drugi medij.<\/p>\n<p>Nakon 5. oktobra 2000. \u201edru\u017eenje\u201c je, o\u010dekivano, prestalo. Trajalo je to punih osam godina, sve do prvog Vu\u010di\u0107evog intervjua Danasu, objavljenog 31. oktobra 2008. Na pitanje novinarke Mirjane R. Milenkovi\u0107 \u201eda li bi se i danas na isti na\u010din obra\u010dunavao s \u2018neposlu\u0161nim medijima'\u201c, odgovorio je: \u201eSa ove distance gledano uradio bih mnogo toga druga\u010dije. Ne bi bilo prekr\u0161ajnog postupka, niti bi bilo onakvih drakonskih kazni. Uostalom, prihvatio sam krivicu za svoje postupke i snosio sam odgovornost zbog toga.\u201c \u010citaoci su ostali uskra\u0107eni za obja\u0161njenje kada i gde je to prihvatio krivicu i kakvu je odgovornost snosio.<\/p>\n<p>Pet godina kasnije, ba\u0161 na Dan lista, 9. juna 2013. u redakciju je stigla slede\u0107a poruka: \u201ePo\u0161tovani, u izgradnji nove Srbije, kao sastavnog dela evropske porodice, bitno je i da javni mediji budu jo\u0161 profesionalniji, da se bore istinom za istinu i za osnovne moralne principe. Dnevne novine Danas su tokom proteklih 16 godina ispisivale kriti\u010dku, ali i izuzetno dragocenu hronologiju \u017eivljenja na ovim prostorima i postale jedna od najzna\u010dajnijih novina u Srbiji i regionu. Skoro dve decenije posve\u0107enosti dru\u0161tvu je dostignu\u0107e na koje mo\u017eete da budete ponosni. \u010cestitam rukovodstvu, zaposlenima i svima koji su doprineli razvoju Danasa ovaj jubilej i \u017eelim vam da i dalje ostanete upori\u0161te evropske Srbije. Aleksandar Vu\u010di\u0107\u201c.<\/p>\n<p>Kao da smo u godini na izmaku u\u0161li u novu fazu ovog \u201edru\u017eenja\u201c. Na tenderima i konkursima za medijske projekte Danas, po pravilu, izvisi (Beograd je najo\u010digledniji, ali ne i jedini, primer), sti\u017eu neo\u010dekivani, neargumentovani i ni\u010dim izazvani prekidi ugovora sa vi\u0161egodi\u0161njim partnerima u lokalnim zajednicama, agencijama i javnim preduze\u0107ima, na \u010dija \u010dela su do\u0161li novi ljudi, svi iz Srpske napredne stranke, \u010dak i neke svetske kompanije, dugogodi\u0161nji poslovni partneri Danasa, dobijaju \u201eprijateljske savete\u201c da \u201enije previ\u0161e pametno\u201c da se ogla\u0161avaju u \u201eantivladinom glasilu\u201c. A vetar u jedra dodaje premijer Vu\u010di\u0107 izjavom da nema vremena da \u010dita taj \u201etabloid\u201c. Zar je, za samo tri godine, to ostalo od \u201ejedne od najzna\u010dajnijih novina u Srbiji i regionu\u201c?<\/p>\n<p>Ovog puta pomenuto u\u017ee oko vrata, koje se sve vi\u0161e ose\u0107a, ima ukus finansijske ucene. Uprkos svim naporima, tragovi ostaju. A ne isklju\u010dujemo ni mogu\u0107nost i da se varamo jer je te\u0161ko poverovati da \u0107e neki \u201emangupi\u201c i\u0107i protiv \u017eelje premijera da Danas ostane \u201eupori\u0161te evropske Srbije\u201c. Mo\u017eda, ipak, po\u0161tar ponovo zazvoni 9. juna 2017. na vrata redakcije?<\/p>\n<p>*Autor je prvi glavni i odgovorni urednik lista Danas<\/p>\n<p><a href=\"https:\/\/www.cenzolovka.rs\/pritisci-i-napadi\/dvodecenijsko-druzenje-vucica-sa-danasom\/\" target=\"_blank\">Cenzolovka.rs<\/a><\/p>\n","protected":false},"excerpt":{"rendered":"<p>U\u017ee oko vrata, koje se sve vi\u0161e ose\u0107a, ima ukus finansijske ucene<\/p>\n","protected":false},"author":1,"featured_media":0,"comment_status":"open","ping_status":"closed","sticky":false,"template":"","format":"standard","meta":{"_seopress_robots_primary_cat":"","_seopress_titles_title":"","_seopress_titles_desc":"","_seopress_robots_index":"","_et_pb_use_builder":"","_et_pb_old_content":"","_et_gb_content_width":"","inline_featured_image":false,"footnotes":""},"categories":[5],"tags":[],"class_list":["post-219244","post","type-post","status-publish","format-standard","hentry","category-drugi-pisu"],"_links":{"self":[{"href":"https:\/\/www.pcnen.com\/portal\/wp-json\/wp\/v2\/posts\/219244","targetHints":{"allow":["GET"]}}],"collection":[{"href":"https:\/\/www.pcnen.com\/portal\/wp-json\/wp\/v2\/posts"}],"about":[{"href":"https:\/\/www.pcnen.com\/portal\/wp-json\/wp\/v2\/types\/post"}],"author":[{"embeddable":true,"href":"https:\/\/www.pcnen.com\/portal\/wp-json\/wp\/v2\/users\/1"}],"replies":[{"embeddable":true,"href":"https:\/\/www.pcnen.com\/portal\/wp-json\/wp\/v2\/comments?post=219244"}],"version-history":[{"count":0,"href":"https:\/\/www.pcnen.com\/portal\/wp-json\/wp\/v2\/posts\/219244\/revisions"}],"wp:attachment":[{"href":"https:\/\/www.pcnen.com\/portal\/wp-json\/wp\/v2\/media?parent=219244"}],"wp:term":[{"taxonomy":"category","embeddable":true,"href":"https:\/\/www.pcnen.com\/portal\/wp-json\/wp\/v2\/categories?post=219244"},{"taxonomy":"post_tag","embeddable":true,"href":"https:\/\/www.pcnen.com\/portal\/wp-json\/wp\/v2\/tags?post=219244"}],"curies":[{"name":"wp","href":"https:\/\/api.w.org\/{rel}","templated":true}]}}