{"id":219214,"date":"2017-01-02T10:44:42","date_gmt":"2017-01-02T09:44:42","guid":{"rendered":"http:\/\/www.pcnen.com\/portal\/?p=219214"},"modified":"2017-01-02T10:44:42","modified_gmt":"2017-01-02T09:44:42","slug":"najnizu-penziju-u-cg-prima-8-202-osoba","status":"publish","type":"post","link":"https:\/\/www.pcnen.com\/portal\/2017\/01\/02\/najnizu-penziju-u-cg-prima-8-202-osoba\/","title":{"rendered":"Najni\u017eu penziju u CG prima 8.202 osoba"},"content":{"rendered":"<p><a href=\"http:\/\/www.pcnen.com\/portal\/wp-content\/uploads\/2015\/07\/penzija_thumb-foto.jpg\"><img loading=\"lazy\" decoding=\"async\" src=\"http:\/\/www.pcnen.com\/portal\/wp-content\/uploads\/2015\/07\/penzija_thumb-foto-300x225.jpg\" alt=\"penzija_thumb foto\" width=\"300\" height=\"225\" class=\"alignleft size-medium wp-image-185557\" \/><\/a>Najni\u017eu penziju u Crnoj Gori, \u010diji je iznos propisan zakonom na 121 euro, prima 8.202 penzionera i penzionerki, prenosi portal RTCG. <\/p>\n<p>Ovaj iznos je vi\u0161e nego duplo manji od prosje\u010dne penzije koja je u novembru iznosila 284,32 eura i \u010detiri puta manji od prosje\u010dne zarade, koja iznosi 503 eura.<\/p>\n<p>Prema posljednjim statisti\u010dkim podacima koji se odnose na isplatu za novembar 2016. godine, prosje\u010dna penzija u Crnoj Gori me\u0111u najvi\u0161ima je u regionu.<\/p>\n<p>U Crnoj Gori ima 123.164 penzionera\/penzionerki.<\/p>\n<p>Direktor PIO Fonda Du\u0161an Perovi\u0107 je kazao za Agenciju Anadolija da od ukupnog broja korisnika penzije, 114.905 je u Crnoj Gori, a 8.259 u inostranstvu. <\/p>\n","protected":false},"excerpt":{"rendered":"<p>U Crnoj Gori ima 123.164 penzionera\/penzionerki.<\/p>\n","protected":false},"author":1,"featured_media":0,"comment_status":"open","ping_status":"closed","sticky":false,"template":"","format":"standard","meta":{"_seopress_robots_primary_cat":"","_seopress_titles_title":"","_seopress_titles_desc":"","_seopress_robots_index":"","_et_pb_use_builder":"","_et_pb_old_content":"","_et_gb_content_width":"","inline_featured_image":false,"footnotes":""},"categories":[14,12],"tags":[],"class_list":["post-219214","post","type-post","status-publish","format-standard","hentry","category-vijesti","category-prica-dana"],"_links":{"self":[{"href":"https:\/\/www.pcnen.com\/portal\/wp-json\/wp\/v2\/posts\/219214","targetHints":{"allow":["GET"]}}],"collection":[{"href":"https:\/\/www.pcnen.com\/portal\/wp-json\/wp\/v2\/posts"}],"about":[{"href":"https:\/\/www.pcnen.com\/portal\/wp-json\/wp\/v2\/types\/post"}],"author":[{"embeddable":true,"href":"https:\/\/www.pcnen.com\/portal\/wp-json\/wp\/v2\/users\/1"}],"replies":[{"embeddable":true,"href":"https:\/\/www.pcnen.com\/portal\/wp-json\/wp\/v2\/comments?post=219214"}],"version-history":[{"count":0,"href":"https:\/\/www.pcnen.com\/portal\/wp-json\/wp\/v2\/posts\/219214\/revisions"}],"wp:attachment":[{"href":"https:\/\/www.pcnen.com\/portal\/wp-json\/wp\/v2\/media?parent=219214"}],"wp:term":[{"taxonomy":"category","embeddable":true,"href":"https:\/\/www.pcnen.com\/portal\/wp-json\/wp\/v2\/categories?post=219214"},{"taxonomy":"post_tag","embeddable":true,"href":"https:\/\/www.pcnen.com\/portal\/wp-json\/wp\/v2\/tags?post=219214"}],"curies":[{"name":"wp","href":"https:\/\/api.w.org\/{rel}","templated":true}]}}