{"id":219122,"date":"2016-12-30T22:04:11","date_gmt":"2016-12-30T21:04:11","guid":{"rendered":"http:\/\/www.pcnen.com\/portal\/?p=219122"},"modified":"2016-12-31T12:27:54","modified_gmt":"2016-12-31T11:27:54","slug":"dacic-nemam-bezbjednosne-informacije-o-desavanjima-u-cg","status":"publish","type":"post","link":"https:\/\/www.pcnen.com\/portal\/2016\/12\/30\/dacic-nemam-bezbjednosne-informacije-o-desavanjima-u-cg\/","title":{"rendered":"Da\u010di\u0107: Nemam bezbjednosne informacije o de\u0161avanjima u CG"},"content":{"rendered":"<p><a href=\"http:\/\/www.pcnen.com\/portal\/wp-content\/uploads\/2015\/10\/ivica-dacic.jpg\"><img loading=\"lazy\" decoding=\"async\" src=\"http:\/\/www.pcnen.com\/portal\/wp-content\/uploads\/2015\/10\/ivica-dacic.jpg\" alt=\"ivica-dacic\" width=\"250\" height=\"182\" class=\"alignleft size-full wp-image-191204\" \/><\/a>Ministar spoljnih poslova Srbije Ivica Da\u010di\u0107 je rekao da je veoma va\u017eno da se sazna istina o svemu \u0161to se de\u0161avalo u Crnoj Gori, a u vezi s istragom koja se vodi protiv srpskih i ruskih dr\u017eavljana zbog sumnje da su u toj zemlji planirali teroristi\u010dke akcije. <\/p>\n<p>Na pitanje novinara Insajdera, da li on mo\u017ee da ka\u017ee \u0161ta se desilo s ruskim dr\u017eavljanima koji su boravili u Srbiji i pra\u0107eni po Zakonu o BIA, po kom se prati rad stranih agenata, i da li su oni povezani s ruskom dr\u017eavom, Da\u010di\u0107 je rekao da nema takve informacije.<\/p>\n<p>Tako\u0111e je rekao da ruski dr\u017eavljani koji su boravili na teritoriji Srbije i istraga u Crnoj Gori nijesu bili teme razgovora sa \u0161efom ruske diplomatije Sergejem Lavrovim, kao ni sa \u0161efom prakti\u010dno svih ruskih tajnih slu\u017ebi Nikolajem Patru\u0161evim. <\/p>\n<p>Premijer Srbije Aleksandar Vu\u010di\u0107 je prije dvije nedjelje na pitanje novinara Insajdera prakti\u010dno potvrdio da je sa \u0161efom ruske diplomatije Lavrovim \u201cu \u010detiri oka\u201d razgovarao o istrazi koja se vodi u Crnoj Gori protiv ruskih i srpskih dr\u017eavljana zbog poku\u0161aja dr\u017eavnog udara u toj zemlji. <\/p>\n<p>\u201cJa stvarno nemam informacije o tim bezbednosnim pitanjima, ali mogu samo da vam potvrdim da u na\u0161im razgovorima, u mojim razgovorima s Lavrovim i Patru\u0161evim, to pitanje uop\u0161te nije pomenuto&#8221;, rekao je Da\u010di\u0107 odgovaraju\u0107i na pitanje novinara Insajdera.<\/p>\n<p>Da\u010di\u0107 je za <a href=\"https:\/\/insajder.net\/sr\/sajt\/tema\/2584\/Da%C4%8Di%C4%87-Nemam-bezbednosne-informacije-o-de%C5%A1avanjima-u-Crnoj-Gori.htm\" target=\"_blank\">Insajder<\/a> dodao da ne zna da li su ruski zvani\u010dnici prilikom posjete Srbiji o tome razgovarali s nekim drugim zvani\u010dnicima Srbije, a rekao je i da taj slu\u010daj \u201csvakako ne\u0107e ugroziti odnose Srbije s Ruskom Federacijom\u201c.<\/p>\n","protected":false},"excerpt":{"rendered":"<p>Ministar spoljnih poslova Srbije Ivica Da\u010di\u0107 je rekao da je veoma va\u017eno da se sazna istina o svemu \u0161to se de\u0161avalo u Crnoj Gori, a u vezi s istragom koja se vodi protiv srpskih i ruskih dr\u017eavljana zbog sumnje da su u toj zemlji planirali teroristi\u010dke akcije. Na pitanje novinara Insajdera, da li on mo\u017ee [&hellip;]<\/p>\n","protected":false},"author":1,"featured_media":0,"comment_status":"open","ping_status":"closed","sticky":false,"template":"","format":"standard","meta":{"_seopress_robots_primary_cat":"","_seopress_titles_title":"","_seopress_titles_desc":"","_seopress_robots_index":"","_et_pb_use_builder":"","_et_pb_old_content":"","_et_gb_content_width":"","inline_featured_image":false,"footnotes":""},"categories":[14],"tags":[],"class_list":["post-219122","post","type-post","status-publish","format-standard","hentry","category-vijesti"],"_links":{"self":[{"href":"https:\/\/www.pcnen.com\/portal\/wp-json\/wp\/v2\/posts\/219122","targetHints":{"allow":["GET"]}}],"collection":[{"href":"https:\/\/www.pcnen.com\/portal\/wp-json\/wp\/v2\/posts"}],"about":[{"href":"https:\/\/www.pcnen.com\/portal\/wp-json\/wp\/v2\/types\/post"}],"author":[{"embeddable":true,"href":"https:\/\/www.pcnen.com\/portal\/wp-json\/wp\/v2\/users\/1"}],"replies":[{"embeddable":true,"href":"https:\/\/www.pcnen.com\/portal\/wp-json\/wp\/v2\/comments?post=219122"}],"version-history":[{"count":0,"href":"https:\/\/www.pcnen.com\/portal\/wp-json\/wp\/v2\/posts\/219122\/revisions"}],"wp:attachment":[{"href":"https:\/\/www.pcnen.com\/portal\/wp-json\/wp\/v2\/media?parent=219122"}],"wp:term":[{"taxonomy":"category","embeddable":true,"href":"https:\/\/www.pcnen.com\/portal\/wp-json\/wp\/v2\/categories?post=219122"},{"taxonomy":"post_tag","embeddable":true,"href":"https:\/\/www.pcnen.com\/portal\/wp-json\/wp\/v2\/tags?post=219122"}],"curies":[{"name":"wp","href":"https:\/\/api.w.org\/{rel}","templated":true}]}}