{"id":218960,"date":"2016-12-28T09:30:04","date_gmt":"2016-12-28T08:30:04","guid":{"rendered":"http:\/\/www.pcnen.com\/portal\/?p=218960"},"modified":"2016-12-28T09:30:04","modified_gmt":"2016-12-28T08:30:04","slug":"poruke-bozica-a-d-2016","status":"publish","type":"post","link":"https:\/\/www.pcnen.com\/portal\/2016\/12\/28\/poruke-bozica-a-d-2016\/","title":{"rendered":"Poruke Bo\u017ei\u0107a a. d. 2016."},"content":{"rendered":"<p><strong>Pi\u0161e: Tomislav Jaki\u0107<\/strong><em><\/p>\n<p><a href=\"http:\/\/www.pcnen.com\/portal\/wp-content\/uploads\/2015\/06\/Tomislav-Jakic.jpg\"><img loading=\"lazy\" decoding=\"async\" src=\"http:\/\/www.pcnen.com\/portal\/wp-content\/uploads\/2015\/06\/Tomislav-Jakic-300x224.jpg\" alt=\"Tomislav Jakic\" width=\"300\" height=\"224\" class=\"alignleft size-medium wp-image-182198\" \/><\/a>Papa je na velikom balkonu bazilike svetoga Petra djelovao u\u017easavaju\u0107e usamljeno. Mala figura, u bijelo odjevena, pred desecima tisu\u0107a ljudi koji mu aplaudiraju, ali svjetlosne godine udaljena od mo\u0107nika ovoga svijeta, pogotovo od dijela evropskih \u010delnika koji se vole predstavljati dobrim katolicima, ali koji ni na koji na\u010din ne pokazuju kako shva\u0107aju zna\u010denje onoga \u0161to se zove kr\u0161\u0107ansko milosr\u0111e, a o \u010demu je nadahnuto govorio i biskup u Gradi\u0161\u0107u<br \/>\nPapa je na velikom balkonu bazilike svetoga Petra djelovao u\u017easavaju\u0107e usamljeno. Mala figura, u bijelo odjevena, pred desecima tisu\u0107a ljudi koji mu aplaudiraju, ali svjetlosne godine udaljena od mo\u0107nika ovoga svijeta, pogotovo od dijela evropskih \u010delnika koji se vole predstavljati dobrim katolicima, ali koji ni na koji na\u010din ne pokazuju kako shva\u0107aju zna\u010denje onoga \u0161to se zove kr\u0161\u0107ansko milosr\u0111e, a o \u010demu je nadahnuto govorio i biskup u Gradi\u0161\u0107u<\/p>\n<p>Ispred oltara na misi u Gradi\u0161\u0107u u jaslicama je le\u017ealo dijete \u2013 Isus, \u201cspasitelj\u201d, koji nije bio polo\u017een ni na sijeno, ni u drvenu zipku. Le\u017eao je u malome \u010damcu s veslima koji je simbolizirao brodice kojima nesretnici iz Afrike i s Bliskoga istoka poku\u0161avaju doprijeti do Evrope. A iza \u010dam\u010di\u0107a bila je postavljena bodljikava \u017eica, podsjetnik na ksenofobne evropske re\u017eime. Ornati, halje sve\u0107enika bile su \u017eute i na njima tekstovi iz novina u kojima su se navodili primjeri pozitivnog, odnosno, negativnog odnosa prema izbjeglicama<\/p>\n<p>I bi Bo\u017ei\u0107 Ljeta Gospodnjega 2016. I bijahu Adventski sajmovi. I pekle su se kobasice i fritule \u0161irom Lijepe na\u0161e. I uvjeravali smo se, sami sebe, kako ba\u0161 onako kako i prili\u010di slavimo ro\u0111enje Spasitelja, mada smo do grla potonuli u groznicu potro\u0161a\u010dkog dru\u0161tva koja je Bo\u017ei\u0107 pretvorila u jedan veliki posao. I ni\u0161ta drugo i ni\u0161ta vi\u0161e od toga. Razveselio nas je uo\u010di Bo\u017ei\u0107a dr\u017eavni vrh najavom nabavke eskadrile borbenih zrakoplova (\u201czapadnih\u201d, to je bilo osobito va\u017eno naglasiti, jer tko se jo\u0161 sje\u0107a da je ona omra\u017eena Jugoslavija kao svoje prve borbene avione na mlazni pogon imala tako\u0111er one \u201czapadne\u201d, ameri\u010dke Thunderjete i Sabre?). Tu nam je najavu podarila sama Predsjednica. Vlada je od\u0161utjela. S druge strane, Vlada nam je kao dar dala najavu da \u0107e otkupiti ma\u0111arski udio u INA-i, \u0161to je opet Predsjednica od\u0161utjela (valjda da ne naljuti prijatelja Orbana).<\/p>\n<p>Nova nas je ministrica kulture obradovala vije\u0161\u0107u kako \u0107e njezino Ministarstvo poduprti (otkupom) sabrane uvodnike glavnog urednika Glasa koncila, ina\u010de de\u017eurnog inkvizitora koji ne posustaje u borbi protiv \u201cJugoslavena, udba\u0161a i komunista\u201d (Srbe se &#8211; kao narod &#8211; ta ne bi to bilo u duhu ekumenizma, ipak izravno s ove novinarske propovjedaonice ne proziva). A s oltara na pono\u0107kama kojima i dalje nazo\u010di veliki broj onih koji ne znaju ni kako se treba prekri\u017eiti (a mogli su ba\u0161 i nau\u010diti, ta vrijeme \u201cpresedlavanja\u201d bilo je prije punih 25 godina), \u010duli smo isprazne fraze o zajedni\u0161tvu (od onih koji naciju najgrublje dijele, odbijaju\u0107i da jednom za uvijek, jednozna\u010dno i bez ikakvih ograda ili neutemeljenih komparacija osude naci-fa\u0161izam i njegovu hrvatsku ina\u010dicu \u2013 usta\u0161tvo), pa onda pri\u010de o va\u017enosti obitelji (o \u010demu ba\u0161 katoli\u010dki sve\u0107enici, temeljem celibate, jedva da ne\u0161to mogu znati). Ono \u0161to nismo \u010duli, a naivan je bio svatko tko se ponadao da bi i mogao, to su bile poruke usmjerene na budu\u0107nost, inspirirane svijetom u kojemu \u017eivimo.<\/p>\n<p>Da bi se tako ne\u0161to \u010dulo, vrijedilo je na Drugome programu njema\u010dke televizije (ZDF) u Bo\u017ei\u0107no prijepodne pogledati i odslu\u0161ati misu \u0161to je preno\u0161ena iz Gradi\u0161\u0107a u Austriji (da, da, one pokrajine u kojoj \u017eivi znatna hrvatska manjina). Uz biskupa, porijeklom Hrvata, misu su koncelebrirali sve\u0107enici kako hrvatskog, tako i austrijskog i ma\u0111arskog porijekla. To je prva poruka. Ispred oltara bila je izlo\u017eena velika slika Bogorodice u maniri pravoslavne ikone. To je druga poruka. Tre\u0107a, mo\u017eda najdojmljivija, bila je u izgledu jaslica u kojima le\u017ei dijete \u2013 Isus, \u201cspasitelj\u201d. Lutka djeteta nije bila polo\u017eena ni na sijeno, ni u neku drvenu zipku. Ne, ona je le\u017eala u malome \u010damcu s veslima koji je simbolizirao brodice kojima nesretnici iz Afrike i s Bliskoga istoka poku\u0161avaju doprijeti do Evrope, \u201csigurne luke spasa\u201d, pri \u010demu tisu\u0107e ginu u plavoj grobnici Sredozemlja. A iza \u010dam\u010di\u0107a bila je postavljena bodljikava \u017eica, kako bi podsjetila na ksenofobne evropske re\u017eime koji ogradama, \u017eicama, policijom, pa i prijetnjom izvo\u0111enja vojske na granice, \u017eele sprije\u010diti dolazak ljudi koji \u2013 u krajnjoj liniji \u2013 bje\u017ee od posljedica one politike kojoj je Evropa u najmanju ruku \u201ckumovala\u201d. I \u010detvrta poruka su bili ornati, halje, sve\u0107enika. Sve su bile \u017eute boje (uklju\u010duju\u0107i biskupovu kapu) i na njima su bili otisnuti tekstovi iz novina u kojima su se navodili primjeri pozitivnog, odnosno, negativnog odnosa prema izbjeglicama. Na isto takvom komadu \u017eutoga, tiskom prekrivenog materijla, le\u017eala je i lutka Isusa \u201cspasitelja\u201d.<\/p>\n<p>I onda je jo\u0161 do\u0161la biskupova propovijed. Ni rije\u010di o pro\u0161losti, ni rije\u010di podr\u0161ke onima u Austriji koji bi i danas najradije veli\u010dali nacizam, ali ne smiju, jer im to zakon zabranjuje, ni rije\u010di o ve\u0107ini koja je, temeljem sve ve\u0107im simpatijama opredijeljena za desnu Slobodarsku stranku, ali ipak nije dopustila njezinome kandidatu da postane Predsjednik. Ukratko: ni rije\u010di o politici. Ne, biskup je govorio o ljudskosti, o pomanjkanju ljudskosti, o njezinome nedostatku (nepismenosti) u vremenu neslu\u0107enoga tehnolo\u0161koga napretka, govorio je o tome kako je neprihvatljivo zlodjela nekolicine, kao \u0161to su atentatori tzv. Islamske dr\u017eave, prenositi i za njih \u010diniti odgovornima cijele narode i vjere. Biskup je govorio kao pravi pastir Crkve kojoj je na \u010delu papa Franjo, a ne kao uspaljeni predstavnik (i predvodnik, jer to je ono \u010demu se te\u017ei, barem u Hrvatskoj) nacionalizmom zatrovanih ljudi koji \u0107e danas smjerno moliti u crkvi, a sutra urlati na ulici \u201cZa dom \u2013 spremni\u201d, a na stadionu \u201cUbij Srbina\u201d i \u201cSrbe na vrbe\u201d. Biskup u Gradi\u0161\u0107u (Gradi\u0161\u0107anski Hrvat, ako je suditi po imenu \u2013 Zsifkovicz, tj \u017divkovi\u0107) govorio je kao sve\u0107enik univerzalne crkve, ba\u0161 kao \u0161to \u0107e malo nakon njega u Vatikanu progovoriti i prvi sve\u0107enik te crkve \u2013 Papa.<\/p>\n<p>No, Papa je na velikom balkonu bazilike svetoga Petra djelovao u\u017easavaju\u0107e usamljeno. Mala figura, u bijelo odjevena, pred desecima tisu\u0107a ljudi koji mu aplaudiraju, ali svjetlosne godine udaljena od mo\u0107nika ovoga svijeta, pogotovo od dijela evropskih \u010delnika koji se vole predstavljati dobrim katolicima, ali koji ni na koji na\u010din ne pokazuju kako shva\u0107aju zna\u010denje onoga \u0161to se zove kr\u0161\u0107ansko milosr\u0111e, a o \u010demu je nadahnuto govorio biskup u glavnome gradu Gradi\u0161\u0107a. Upravo ta Papina i njihova usamljenost, u kontekstu trljanja ruku nad brojem posjetitelja raznih Adventskih sajmova i profita \u0161to je time ostvaren, tipi\u010dna je za svijet u kojemu \u017eivimo. Pa je ona zapravo klju\u010dna poruka Bo\u017ei\u0107a Ljeta Gospodnjega 2016. \u2013 oni koji (jo\u0161) nisu zaboravili zna\u010denje Bo\u017ei\u0107a, oni koji (jo\u0161) razumiju osnovne poruke Onoga \u010dije se ro\u0111enje zdu\u0161no slavilo \u2013 vi\u0161e obilnom prehranom, a znatno manje usrdnom molitvom \u2013 oni su u upadljivoj manjini. Njih niti bi tko slu\u0161ao, niti bi bilo tko bio spreman ozbiljno shvatiti. Potkapacitirani, \u010desto i poluobrazovani, ili formalno obrazovani, ali iskonski primitivni \u201cgospodari \u017eivota i smrti\u201d, vlasnici \u2013 u doslovnom smislu rije\u010di \u2013 najve\u0107eg dijela svjetskog bogatstva, ne mare za one prave poruke Bo\u017ei\u0107a. Jer, njih zanima upravo i samo ono protiv \u010dega je Isus propovijedao: zgrtanje bogatstva uz potpuno pomanjkanje obzira prema ljudima koji doslovno pored njih trpe siroma\u0161tvo, bijedu, neravnopravnost i diskriminaciju, uz uskra\u0107ivanje osnovnih ljudskih prava \u2013 jer, oni, dodu\u0161e, jesu ljudi (pretpostavimo da jesu?), ali oni \u2013 pa to je valjda svakome jasno \u2013 nisu kao mi. A u \u201cna\u0161emu svijetu\u201d, u svijetu pravovjernih (ali ne u Kristovom smislu) za druge i druga\u010dije mjesta nema.<\/p>\n<p>Papine rije\u010di i poruke Bo\u017ei\u0107ne mise iz Gradi\u0161\u0107a na tome ni\u0161ta ne\u0107e promijeniti. A ipak, i vi\u0161e su nego dobrodo\u0161le. Pokazuju, naime, da je ljudskost ipak pre\u017eivjela, odnosno da se jo\u0161 uspijeva odr\u017eati na \u017eivotu. Dokle, to je veliko pitanje, pitanje \u0161to &#8211; na \u017ealost &#8211; ne zanima upravo one koji glume uvjerene vjernike i poklonike vjere, mada su je ve\u0107 odavno izdali. Kada ve\u0107ina shvati tu izdaju, ako ve\u0107 sve ne bude prekasno, mo\u017eda jo\u0161 ima nade. Mo\u017eda . . .<br \/>\n<a href=\"http:\/\/www.forum.tm\/vijesti\/poruke-bozica-d-2016-4971\" target=\"_blank\">Forum<\/a><\/em><\/p>\n","protected":false},"excerpt":{"rendered":"<p>Papa je na velikom balkonu bazilike svetoga Petra djelovao u\u017easavaju\u0107e usamljeno. Mala figura, u bijelo odjevena, pred desecima tisu\u0107a ljudi koji mu aplaudiraju, ali svjetlosne godine udaljena od mo\u0107nika ovoga svijeta<\/p>\n","protected":false},"author":1,"featured_media":0,"comment_status":"open","ping_status":"closed","sticky":false,"template":"","format":"standard","meta":{"_seopress_robots_primary_cat":"","_seopress_titles_title":"","_seopress_titles_desc":"","_seopress_robots_index":"","_et_pb_use_builder":"","_et_pb_old_content":"","_et_gb_content_width":"","inline_featured_image":false,"footnotes":""},"categories":[5],"tags":[],"class_list":["post-218960","post","type-post","status-publish","format-standard","hentry","category-drugi-pisu"],"_links":{"self":[{"href":"https:\/\/www.pcnen.com\/portal\/wp-json\/wp\/v2\/posts\/218960","targetHints":{"allow":["GET"]}}],"collection":[{"href":"https:\/\/www.pcnen.com\/portal\/wp-json\/wp\/v2\/posts"}],"about":[{"href":"https:\/\/www.pcnen.com\/portal\/wp-json\/wp\/v2\/types\/post"}],"author":[{"embeddable":true,"href":"https:\/\/www.pcnen.com\/portal\/wp-json\/wp\/v2\/users\/1"}],"replies":[{"embeddable":true,"href":"https:\/\/www.pcnen.com\/portal\/wp-json\/wp\/v2\/comments?post=218960"}],"version-history":[{"count":0,"href":"https:\/\/www.pcnen.com\/portal\/wp-json\/wp\/v2\/posts\/218960\/revisions"}],"wp:attachment":[{"href":"https:\/\/www.pcnen.com\/portal\/wp-json\/wp\/v2\/media?parent=218960"}],"wp:term":[{"taxonomy":"category","embeddable":true,"href":"https:\/\/www.pcnen.com\/portal\/wp-json\/wp\/v2\/categories?post=218960"},{"taxonomy":"post_tag","embeddable":true,"href":"https:\/\/www.pcnen.com\/portal\/wp-json\/wp\/v2\/tags?post=218960"}],"curies":[{"name":"wp","href":"https:\/\/api.w.org\/{rel}","templated":true}]}}