{"id":218377,"date":"2016-12-16T18:05:54","date_gmt":"2016-12-16T17:05:54","guid":{"rendered":"http:\/\/www.pcnen.com\/portal\/?p=218377"},"modified":"2016-12-16T18:05:54","modified_gmt":"2016-12-16T17:05:54","slug":"apelacioni-sud-osudio-kuljacu-i-marovica","status":"publish","type":"post","link":"https:\/\/www.pcnen.com\/portal\/2016\/12\/16\/apelacioni-sud-osudio-kuljacu-i-marovica\/","title":{"rendered":"Apelacioni sud osudio Kulja\u010du i Marovi\u0107a"},"content":{"rendered":"<p><a href=\"http:\/\/www.pcnen.com\/portal\/wp-content\/uploads\/2012\/06\/kuljacamarodicpinjatic.jpg\"><img loading=\"lazy\" decoding=\"async\" src=\"http:\/\/www.pcnen.com\/portal\/wp-content\/uploads\/2012\/06\/kuljacamarodicpinjatic-300x225.jpg\" alt=\"kuljaca,marodic,pinjatic\" width=\"300\" height=\"225\" class=\"alignleft size-medium wp-image-85512\" \/><\/a>Vije\u0107e Apelacionog suda Crne Gore, kojim je predsjedavao Mili\u0107 Me\u0111edovi\u0107, je donijelo danas presudu kojom je biv\u0161i predsjednik op\u0161tine Budva Rajko Kulja\u010da osu\u0111en na dvije i po godine zatvora, a nekada\u0161nji sekretar Sekretarijata za investicije Op\u0161tine Budva Dragan Marovi\u0107 na dvije godine zatvora.<\/p>\n<p>Oni su osu\u0111eni jer su zloupotrebom slu\u017ebenog polo\u017eaja pribavili imovinsku korist preduze\u0107u Zavala Invest i o\u0161tetili op\u0161tinski bud\u017eet 820.000 eura.<\/p>\n<p>Na po godinu zatvora osu\u0111eni su ostali okrivljeni u ovom predmetu: \u0110or\u0111e J. Pinjati\u0107, predsjednik Komisije koja je procjenjivala izvedene radove na fabrici za preradu vode, \u010dlanovi komisije Dragan S. \u017dini\u0107, Slobodan \u0160. \u0110urovi\u0107, Stevan \u0110. Vu\u010deti\u0107, Sreten N. Tomovi\u0107, Novak P. Stanojevi\u0107, Marko S. Kalo\u0161tro i Dragan M. Sekuli\u0107.<\/p>\n<p>Apelacioni sud je svim optu\u017eenima umanjio kazne koje im je prije \u010detiri godine <a href=\"http:\/\/www.pcnen.com\/portal\/2012\/06\/05\/kuljaci-pet-marovicu-cetiri-pinjaticu-tri-godine-zatvora\/\" target=\"_blank\">izrekao podgori\u010dki Vi\u0161i sud.<\/a><br \/>\nBranioci optu\u017eenih su izjavili danas da su o\u010dekivali da presuda bude osloba\u0111aju\u0107a.<\/p>\n","protected":false},"excerpt":{"rendered":"<p>Vije\u0107e Apelacionog suda Crne Gore, kojim je predsjedavao Mili\u0107 Me\u0111edovi\u0107, je donijelo danas presudu kojom je biv\u0161i predsjednik op\u0161tine Budva Rajko Kulja\u010da osu\u0111en na dvije i po godine zatvora, a nekada\u0161nji sekretar Sekretarijata za investicije Op\u0161tine Budva Dragan Marovi\u0107 na dvije godine zatvora. Oni su osu\u0111eni jer su zloupotrebom slu\u017ebenog polo\u017eaja pribavili imovinsku korist preduze\u0107u [&hellip;]<\/p>\n","protected":false},"author":1,"featured_media":0,"comment_status":"open","ping_status":"closed","sticky":false,"template":"","format":"standard","meta":{"_seopress_robots_primary_cat":"","_seopress_titles_title":"","_seopress_titles_desc":"","_seopress_robots_index":"","_et_pb_use_builder":"","_et_pb_old_content":"","_et_gb_content_width":"","inline_featured_image":false,"footnotes":""},"categories":[14],"tags":[],"class_list":["post-218377","post","type-post","status-publish","format-standard","hentry","category-vijesti"],"_links":{"self":[{"href":"https:\/\/www.pcnen.com\/portal\/wp-json\/wp\/v2\/posts\/218377","targetHints":{"allow":["GET"]}}],"collection":[{"href":"https:\/\/www.pcnen.com\/portal\/wp-json\/wp\/v2\/posts"}],"about":[{"href":"https:\/\/www.pcnen.com\/portal\/wp-json\/wp\/v2\/types\/post"}],"author":[{"embeddable":true,"href":"https:\/\/www.pcnen.com\/portal\/wp-json\/wp\/v2\/users\/1"}],"replies":[{"embeddable":true,"href":"https:\/\/www.pcnen.com\/portal\/wp-json\/wp\/v2\/comments?post=218377"}],"version-history":[{"count":0,"href":"https:\/\/www.pcnen.com\/portal\/wp-json\/wp\/v2\/posts\/218377\/revisions"}],"wp:attachment":[{"href":"https:\/\/www.pcnen.com\/portal\/wp-json\/wp\/v2\/media?parent=218377"}],"wp:term":[{"taxonomy":"category","embeddable":true,"href":"https:\/\/www.pcnen.com\/portal\/wp-json\/wp\/v2\/categories?post=218377"},{"taxonomy":"post_tag","embeddable":true,"href":"https:\/\/www.pcnen.com\/portal\/wp-json\/wp\/v2\/tags?post=218377"}],"curies":[{"name":"wp","href":"https:\/\/api.w.org\/{rel}","templated":true}]}}