{"id":218302,"date":"2016-12-15T09:53:06","date_gmt":"2016-12-15T08:53:06","guid":{"rendered":"http:\/\/www.pcnen.com\/portal\/?p=218302"},"modified":"2016-12-15T10:04:28","modified_gmt":"2016-12-15T09:04:28","slug":"visi-sud-presudio-u-korist-novinarki-monitora","status":"publish","type":"post","link":"https:\/\/www.pcnen.com\/portal\/2016\/12\/15\/visi-sud-presudio-u-korist-novinarki-monitora\/","title":{"rendered":"Vi\u0161i sud presudio u korist novinarki Monitora"},"content":{"rendered":"<p><a href=\"http:\/\/www.pcnen.com\/portal\/wp-content\/uploads\/2014\/04\/milka-tadic.jpg\"><img loading=\"lazy\" decoding=\"async\" src=\"http:\/\/www.pcnen.com\/portal\/wp-content\/uploads\/2014\/04\/milka-tadic-300x182.jpg\" alt=\"milka-tadic\" width=\"300\" height=\"182\" class=\"alignleft size-medium wp-image-144624\" \/><\/a>Novinarke nedjeljnika Monitor Milka Tadi\u0107 Mijovi\u0107 i Milena Perovi\u0107 Kora\u0107 nijesu povrijedile \u010dast i ugled kontroverznog biznismena Stanka Suboti\u0107a Caneta tekstom \u201cU mre\u017ei\u201d iz  marta 2011. godine, presudio je podgori\u010dki Vi\u0161i sud, preina\u010davaju\u0107i <a href=\"http:\/\/www.pcnen.com\/portal\/2012\/05\/10\/monitor-izgubio-spor-sa-suboticem\/\" target=\"_blank\">prvostepenu presudu <\/a>kojom je ranije usvojen tu\u017ebeni zahtjev Suboti\u0107a.<\/p>\n<p>Prvostepeni sud je bio utvrdio da su autorke teksta \u201cbez dokaza ili prate\u0107e dokumentacije\u201c dovele Suboti\u0107 u direktnu vezu sa  kompanijom Caldero Trading Limited, za koju je navedeno da je nezakonito poslovala.<\/p>\n<p>Suboti\u0107 je<a href=\"http:\/\/www.pcnen.com\/portal\/2011\/07\/08\/subotic-tuzio-novinarke-monitora\/\" target=\"_blank\"> potegao tu\u017ebu<\/a> po\u0161to je izostalo javno izvinjenje i zatra\u017eio simboli\u010dnu naknadu u iznosu od jednog eura.<\/p>\n","protected":false},"excerpt":{"rendered":"<p>Novinarke nedjeljnika Monitor Milka Tadi\u0107 Mijovi\u0107 i Milena Perovi\u0107 Kora\u0107 nijesu povrijedile \u010dast i ugled kontroverznog biznismena Stanka Suboti\u0107a Caneta tekstom \u201cU mre\u017ei\u201d iz marta 2011. godine, presudio je podgori\u010dki Vi\u0161i sud, preina\u010davaju\u0107i prvostepenu presudu kojom je ranije usvojen tu\u017ebeni zahtjev Suboti\u0107a. Prvostepeni sud je bio utvrdio da su autorke teksta \u201cbez dokaza ili prate\u0107e [&hellip;]<\/p>\n","protected":false},"author":1,"featured_media":0,"comment_status":"open","ping_status":"closed","sticky":false,"template":"","format":"standard","meta":{"_seopress_robots_primary_cat":"","_seopress_titles_title":"","_seopress_titles_desc":"","_seopress_robots_index":"","_et_pb_use_builder":"","_et_pb_old_content":"","_et_gb_content_width":"","inline_featured_image":false,"footnotes":""},"categories":[14],"tags":[],"class_list":["post-218302","post","type-post","status-publish","format-standard","hentry","category-vijesti"],"_links":{"self":[{"href":"https:\/\/www.pcnen.com\/portal\/wp-json\/wp\/v2\/posts\/218302","targetHints":{"allow":["GET"]}}],"collection":[{"href":"https:\/\/www.pcnen.com\/portal\/wp-json\/wp\/v2\/posts"}],"about":[{"href":"https:\/\/www.pcnen.com\/portal\/wp-json\/wp\/v2\/types\/post"}],"author":[{"embeddable":true,"href":"https:\/\/www.pcnen.com\/portal\/wp-json\/wp\/v2\/users\/1"}],"replies":[{"embeddable":true,"href":"https:\/\/www.pcnen.com\/portal\/wp-json\/wp\/v2\/comments?post=218302"}],"version-history":[{"count":0,"href":"https:\/\/www.pcnen.com\/portal\/wp-json\/wp\/v2\/posts\/218302\/revisions"}],"wp:attachment":[{"href":"https:\/\/www.pcnen.com\/portal\/wp-json\/wp\/v2\/media?parent=218302"}],"wp:term":[{"taxonomy":"category","embeddable":true,"href":"https:\/\/www.pcnen.com\/portal\/wp-json\/wp\/v2\/categories?post=218302"},{"taxonomy":"post_tag","embeddable":true,"href":"https:\/\/www.pcnen.com\/portal\/wp-json\/wp\/v2\/tags?post=218302"}],"curies":[{"name":"wp","href":"https:\/\/api.w.org\/{rel}","templated":true}]}}