{"id":218249,"date":"2016-12-14T08:56:29","date_gmt":"2016-12-14T07:56:29","guid":{"rendered":"http:\/\/www.pcnen.com\/portal\/?p=218249"},"modified":"2016-12-14T08:57:17","modified_gmt":"2016-12-14T07:57:17","slug":"anatomija-izokrenutosti","status":"publish","type":"post","link":"https:\/\/www.pcnen.com\/portal\/2016\/12\/14\/anatomija-izokrenutosti\/","title":{"rendered":"Anatomija izokrenutosti"},"content":{"rendered":"<p><a href=\"http:\/\/www.pcnen.com\/portal\/wp-content\/uploads\/2016\/12\/aleksandar-vucic.jpg\"><img loading=\"lazy\" decoding=\"async\" src=\"http:\/\/www.pcnen.com\/portal\/wp-content\/uploads\/2016\/12\/aleksandar-vucic-300x220.jpg\" alt=\"aleksandar-vucic\" width=\"300\" height=\"220\" class=\"alignleft size-medium wp-image-218250\" \/><\/a>Za istori\u010dare marksizma Marks je bio taj koji je Hegela (koji je do tada valjda dubio na glavi ) uspravio na noge. Za razliku od Marksa, srpski premijer Aleksandar Vu\u010di\u0107 je \u2013 tako\u0111e u domenu duhovne akrobatike \u2013 u\u010dinio ne\u0161to obrnuto. Oglu\u0161avaju\u0107i se u potpunosti o pravila konferencije za \u0161tampu, on je dijalog vlasti i novinara naglava\u010dke izokrenuo.<\/p>\n<p>Umesto da odgovara na pitanja, premijer je taj koji propituje. Kao da promena uloga nije dovoljna, on sebi daje za pravo da ocenjuje karakter pitanja, njihovu osnovanost i skrivene pobude i \u010dak moralnu i politi\u010dku podobnost novinara koji ih postavljaju.<\/p>\n<p>Ne \u010dudi otuda da konferencije za \u0161tampu ponekad vi\u0161e li\u010de na isle\u0111ivanje nego na raspravu u kojoj obe strane u\u017eivaju ista prava i po\u0161tovanje.<\/p>\n<p>Odsustvo ravnopravnosti sagovornika za neizbe\u017enu posledicu ima da se nezadovoljstvo ispoljava na paradoksalan na\u010din. Umesto da se ispitiva\u010d ljuti zbog nepotpunog i nejasnog odgovora ili zbog njegovog izbegavanja, ispitanik se vre\u0111a zbog \u2013 po njegovoj oceni \u2013 nepodobnih pitanja.<\/p>\n<p>U skladu s takvim naopakim shvatanjem same prirode konferencija za \u0161tampu (uklju\u010duju\u0107i i poslednju na gradili\u0161tu Beograda na vodi) premijer ih \u010desto koristi za duge monologe u kojima govori o temama koje je sam izabrao, a ne o onima o kojima je pitan. (Ma koliko je modelirali svetski stru\u010dnjaci za marketing, u pomenutoj retorici se jo\u0161 uvek jasno prepoznaju zaostali kodovi radikalske \u0161e\u0161eljovske \u0161kole u kojoj se svaki povod koristi za obra\u010dun sa politi\u010dkim neistomi\u0161ljenicima).<\/p>\n<p>Takvom pona\u0161anju u velikoj meri pogoduje i televizijska re\u017eija (da li samo televizijska?) u kojoj se \u2013 kako da verujemo da je i to slu\u010dajno \u2013 \u010duje i vidi jedino premijer, ali ne i novinari koji se nerazgovetno ogla\u0161avaju iz nevidljive, pusto\u0161ne anonimnosti.<\/p>\n<p>Naru\u0161avaju\u0107i ustaljene \u2013 takore\u0107i kanonske \u2013 obrasce me\u0111usobne komunikacije, obra\u0107anje javnosti se na taj na\u010din pretvara u monodramu u kojoj su drugi a naro\u010dito drugoja\u010diji glasovi ne samo nepo\u017eeljni ve\u0107 i suvi\u0161ni.<\/p>\n<p>Netrpeljivost prema dijalogu \u2013 da i ne govorimo o osporavanju \u2013 vidljiva je i u omalova\u017eavanju i nipoda\u0161tavanju novinara \u010dija pitanja nisu po volji glavnom akteru ili u negativnoj kvalifikaciji medija za koje izve\u0161tavaju (kako se poslednji i ne prvi put \u010dulo, televizije N1, na primer).<\/p>\n<p>Za takav odnos donekle su krivi i sami novinari koji se ne usu\u0111uju da premijeru jasno stave do znanja da kao najvi\u0161i predstavnik izvr\u0161ne vlasti ima obavezu da odgovara na sva pitanja, tako\u0111e i ona nepo\u017eeljna.<\/p>\n<p>Za konferencije za \u0161tampu, uostalom, otkako postoje, va\u017ee ista neizmenjena, sasvim jednostavna pravila: novinari pitaju, a predstavnici vlasti odgovaraju. Samo o onome o \u010demu su pitani. Nije, drugim re\u010dima, uobi\u010dajeno, a ni pristojno, da se govori o ne\u010demu tre\u0107em \u010dak ni kada govor o tome ima vid melodramskog, ganutljivog ispovedanja.<\/p>\n<p>Kako je, tada, mogu\u0107e da se novinarski esnaf miri sa stanjem u kome je osnovni mehanizam op\u0161tenja vlasti sa javno\u0161\u0107u izvrnut na glavu? Da nema ba\u0161 nikoga ko \u0107e upozoriti na to da konferencije za \u0161tampu imaju smisla jedino ako se po\u0161tuju utvr\u0111ena pravila koja se ne mogu proizvoljno menjati samo zbog toga \u0161to se premijeru ne dopadaju pitanja. Ma \u0161ta o njima mislio, njegova je obaveza prema javnosti da na njih odgovori.<\/p>\n<p>Od novinara, makar donekle, zavisi da li \u0107e konferencije za \u0161tampu povratiti smisao, a oni sami samopo\u0161tovanje. Da li \u0107e se naglava\u010dke izokrenut dijalog ponovo postaviti na noge. Nema drugog koji \u0107e to umesto njih u\u010diniti. Za razliku, najzad, od novinara koji su ovde, Godo nikada ne\u0107e do\u0107i.<\/p>\n<p><a href=\"https:\/\/www.cenzolovka.rs\/scena\/konferencije-za-stampu-aleksandra-vucica-anatomija-izokrenutosti\/\" target=\"_blank\">Cenzolovka<\/a><\/p>\n","protected":false},"excerpt":{"rendered":"<p>Aleksandar Vu\u010di\u0107 je pravila konferencija za novinare naglava\u010dke izokrenuo<\/p>\n","protected":false},"author":1,"featured_media":0,"comment_status":"open","ping_status":"closed","sticky":false,"template":"","format":"standard","meta":{"_seopress_robots_primary_cat":"","_seopress_titles_title":"","_seopress_titles_desc":"","_seopress_robots_index":"","_et_pb_use_builder":"","_et_pb_old_content":"","_et_gb_content_width":"","inline_featured_image":false,"footnotes":""},"categories":[5],"tags":[],"class_list":["post-218249","post","type-post","status-publish","format-standard","hentry","category-drugi-pisu"],"_links":{"self":[{"href":"https:\/\/www.pcnen.com\/portal\/wp-json\/wp\/v2\/posts\/218249","targetHints":{"allow":["GET"]}}],"collection":[{"href":"https:\/\/www.pcnen.com\/portal\/wp-json\/wp\/v2\/posts"}],"about":[{"href":"https:\/\/www.pcnen.com\/portal\/wp-json\/wp\/v2\/types\/post"}],"author":[{"embeddable":true,"href":"https:\/\/www.pcnen.com\/portal\/wp-json\/wp\/v2\/users\/1"}],"replies":[{"embeddable":true,"href":"https:\/\/www.pcnen.com\/portal\/wp-json\/wp\/v2\/comments?post=218249"}],"version-history":[{"count":0,"href":"https:\/\/www.pcnen.com\/portal\/wp-json\/wp\/v2\/posts\/218249\/revisions"}],"wp:attachment":[{"href":"https:\/\/www.pcnen.com\/portal\/wp-json\/wp\/v2\/media?parent=218249"}],"wp:term":[{"taxonomy":"category","embeddable":true,"href":"https:\/\/www.pcnen.com\/portal\/wp-json\/wp\/v2\/categories?post=218249"},{"taxonomy":"post_tag","embeddable":true,"href":"https:\/\/www.pcnen.com\/portal\/wp-json\/wp\/v2\/tags?post=218249"}],"curies":[{"name":"wp","href":"https:\/\/api.w.org\/{rel}","templated":true}]}}