{"id":218064,"date":"2016-12-10T12:12:33","date_gmt":"2016-12-10T11:12:33","guid":{"rendered":"http:\/\/www.pcnen.com\/portal\/?p=218064"},"modified":"2016-12-10T12:12:33","modified_gmt":"2016-12-10T11:12:33","slug":"istraga-o-nestalim-dokumentima-budvanskog-katastra","status":"publish","type":"post","link":"https:\/\/www.pcnen.com\/portal\/2016\/12\/10\/istraga-o-nestalim-dokumentima-budvanskog-katastra\/","title":{"rendered":"Istraga o nestalim dokumentima budvanskog katastra"},"content":{"rendered":"<p>Specijalno dr\u017eavno tu\u017eila\u0161tvo, kojim rukovodi Milivoje Katni\u0107, formiralo je predmet u vezi sa nestankom dokumentacije u budvanskom katastru, pi\u0161u Vijesti.<\/p>\n<p>Tu\u017eila\u0161tvo je reagovalo na zahtjev  biv\u0161eg potpredsjednika Vlade Milorad Vujovi\u0107 za pokretanje istrage u cilju utvr\u0111ivanja krivi\u010dne odgovornosti osoba odgovornih za nestanak arhivskog materijala u Upravi za nekretnine &#8211; Podru\u010dna jedinica Budva.<\/p>\n<p> Nestala dokumentacija se odnosi na tri lokacije koje su u bliskoj pro\u0161losti bile predmet brojnih istraga i pravnih sporova: Zavalu, Ko\u0161ljun i Jadranski sajam!<\/p>\n<p>Vujovi\u0107 je u prijavi naveo da smatra da je &#8220;navedena dokumentacija nestala u periodu izme\u0111u 2000. i 2007. godine, kada su vr\u0161ena raspolaganja sa imovinom na koju se odnosila i da je to bio obrazac organizovanog postupanja NN lica u Podru\u010dnoj jedinici u Budvi i privatnih lica koja su prometovala ovu imovinu\u201d.<\/p>\n<p>Vijesti pi\u0161u da je nestanak dokumentacije o kupoprodajama najatraktivnijih zemlji\u0161nih kompleksa,  trenutno u fazi izvi\u0111aja specijalnog tu\u017eila\u0161tva. <\/p>\n<p>Vijesti podsje\u0107aju da je budvanskim katastrom do prije dvije godine, \u010ditavu deceniju rukovodila Mirjana Marovi\u0107, strina Svetozara Marovi\u0107a i jedna od osumnji\u010denih u aferi Prijevor, oko preprodaje  dva i po hektara op\u0161tinske zemelje u zale\u0111u Jaza.<\/p>\n<p>Nestala je  dokumentacija o parceli 942\/2, na koju je uknji\u017een Global Montenegro, partnerska firma Mila \u0110ukanovi\u0107a i njegovog kuma Vuka Rajkovi\u0107a. <\/p>\n<p>Javni izvr\u0161itelj je nedavno donio rje\u0161enje o pljenidbi udjela Rajkovi\u0107a u ovoj kompaniji, na koju je uknji\u017eeno 20 hiljada kvadrata zemlje u podno\u017eju brda Ko\u0161ljun. Rajkovi\u0107 je sa \u0110ukanovi\u0107em osnovao firmu Global Montenegro, koja je kupila  zemlji\u0161ni kompleks  krajem februrara 2007. od starobudvanske porodice Rucovi\u0107, pi\u0161u Vijesti.<\/p>\n<p>Podgori\u010dki dnevnik podsje\u0107a da je firma koja duguje za poreze Op\u0161tini Budva 63 hiljade eura, na koliko je i dalje upisana hipoteka lokalne uprave na zemlji\u0161ni kompleks, novac za kupovinu vrijedne zemlje, kako je to \u0110ukanovi\u0107  nekoliko puta obja\u0161njavao, obezbijedila zahvaljuju\u0107i kreditu od pet miliona eura kod Hipo Alpe Adria banke. <\/p>\n<p>\u0110ukanovi\u0107eva  i Rajkovi\u0107eva  firma je uzela jo\u0161 jedan kredit od 625.410,71  eura, kod iste banke i to, kako se navodi u katastarskoj evidenciji,  24. oktobra 2010.<\/p>\n<p>Na parceli je Detaljnim urbanisti\u010dkim planom  \u201cPotko\u0161ljun\u201d ucrtan rezidencijalni kompleks od oko 40 vila, a predvi\u0111eno je da ukupno bude izgra\u0111eno oko 150 apartmana bruto  gra\u0111evinske povr\u0161ine 27 hiljada kvadrata, pi\u0161u Vijesti.<\/p>\n<p>U prijavi koju je Vujovi\u0107 podnio specijalnom tu\u017eila\u0161tvu navodi se da je nestao dio dokumentacije i za susjednu parcelu od pet hektara, koja je uknji\u017eena na Rajka Medenicu, nekada\u0161njeg pripadnika specijalnih jedinica crnogorske policije, kao i za parcelu  u nastavku, od sedam hektara koja se vodi na biznismena Gojka Kapisodu.<\/p>\n<p>Kapisoda je, podsje\u0107aju Vijesti, bio jedan od osumnji\u010dnih u aferi \u201cotpadne vode\u201d, od \u010dega se kasnije odustalo, jer je pred tu\u017eiocima  detaljno opisao kako je pet miliona eura pozajmio Svetozaru Marovi\u0107u, a koje godinama kasnije nije mogao da naplati.<\/p>\n","protected":false},"excerpt":{"rendered":"<p>Specijalno dr\u017eavno tu\u017eila\u0161tvo, kojim rukovodi Milivoje Katni\u0107, formiralo je predmet u vezi sa nestankom dokumentacije u budvanskom katastru, pi\u0161u Vijesti. Tu\u017eila\u0161tvo je reagovalo na zahtjev biv\u0161eg potpredsjednika Vlade Milorad Vujovi\u0107 za pokretanje istrage u cilju utvr\u0111ivanja krivi\u010dne odgovornosti osoba odgovornih za nestanak arhivskog materijala u Upravi za nekretnine &#8211; Podru\u010dna jedinica Budva. Nestala dokumentacija se [&hellip;]<\/p>\n","protected":false},"author":1,"featured_media":0,"comment_status":"open","ping_status":"closed","sticky":false,"template":"","format":"standard","meta":{"_seopress_robots_primary_cat":"","_seopress_titles_title":"","_seopress_titles_desc":"","_seopress_robots_index":"","_et_pb_use_builder":"","_et_pb_old_content":"","_et_gb_content_width":"","inline_featured_image":false,"footnotes":""},"categories":[14],"tags":[],"class_list":["post-218064","post","type-post","status-publish","format-standard","hentry","category-vijesti"],"_links":{"self":[{"href":"https:\/\/www.pcnen.com\/portal\/wp-json\/wp\/v2\/posts\/218064","targetHints":{"allow":["GET"]}}],"collection":[{"href":"https:\/\/www.pcnen.com\/portal\/wp-json\/wp\/v2\/posts"}],"about":[{"href":"https:\/\/www.pcnen.com\/portal\/wp-json\/wp\/v2\/types\/post"}],"author":[{"embeddable":true,"href":"https:\/\/www.pcnen.com\/portal\/wp-json\/wp\/v2\/users\/1"}],"replies":[{"embeddable":true,"href":"https:\/\/www.pcnen.com\/portal\/wp-json\/wp\/v2\/comments?post=218064"}],"version-history":[{"count":0,"href":"https:\/\/www.pcnen.com\/portal\/wp-json\/wp\/v2\/posts\/218064\/revisions"}],"wp:attachment":[{"href":"https:\/\/www.pcnen.com\/portal\/wp-json\/wp\/v2\/media?parent=218064"}],"wp:term":[{"taxonomy":"category","embeddable":true,"href":"https:\/\/www.pcnen.com\/portal\/wp-json\/wp\/v2\/categories?post=218064"},{"taxonomy":"post_tag","embeddable":true,"href":"https:\/\/www.pcnen.com\/portal\/wp-json\/wp\/v2\/tags?post=218064"}],"curies":[{"name":"wp","href":"https:\/\/api.w.org\/{rel}","templated":true}]}}