{"id":217181,"date":"2016-11-24T14:47:57","date_gmt":"2016-11-24T13:47:57","guid":{"rendered":"http:\/\/www.pcnen.com\/portal\/?p=217181"},"modified":"2016-11-24T19:29:39","modified_gmt":"2016-11-24T18:29:39","slug":"veselin-barovic-hapsen-i-pusten","status":"publish","type":"post","link":"https:\/\/www.pcnen.com\/portal\/2016\/11\/24\/veselin-barovic-hapsen-i-pusten\/","title":{"rendered":"Veselin Barovi\u0107 hap\u0161en i pu\u0161ten"},"content":{"rendered":"<p><a href=\"http:\/\/www.pcnen.com\/portal\/wp-content\/uploads\/2016\/11\/veselin-barovic.jpg\"><img loading=\"lazy\" decoding=\"async\" src=\"http:\/\/www.pcnen.com\/portal\/wp-content\/uploads\/2016\/11\/veselin-barovic-300x225.jpg\" alt=\"veselin-barovic\" width=\"300\" height=\"225\" class=\"alignright size-medium wp-image-217182\" srcset=\"https:\/\/www.pcnen.com\/portal\/wp-content\/uploads\/2016\/11\/veselin-barovic-300x225.jpg 300w, https:\/\/www.pcnen.com\/portal\/wp-content\/uploads\/2016\/11\/veselin-barovic-580x435.jpg 580w, https:\/\/www.pcnen.com\/portal\/wp-content\/uploads\/2016\/11\/veselin-barovic-450x338.jpg 450w, https:\/\/www.pcnen.com\/portal\/wp-content\/uploads\/2016\/11\/veselin-barovic-480x360.jpg 480w, https:\/\/www.pcnen.com\/portal\/wp-content\/uploads\/2016\/11\/veselin-barovic-235x176.jpg 235w, https:\/\/www.pcnen.com\/portal\/wp-content\/uploads\/2016\/11\/veselin-barovic-75x56.jpg 75w, https:\/\/www.pcnen.com\/portal\/wp-content\/uploads\/2016\/11\/veselin-barovic-350x263.jpg 350w, https:\/\/www.pcnen.com\/portal\/wp-content\/uploads\/2016\/11\/veselin-barovic-220x165.jpg 220w, https:\/\/www.pcnen.com\/portal\/wp-content\/uploads\/2016\/11\/veselin-barovic.jpg 600w\" sizes=\"(max-width: 300px) 100vw, 300px\" \/><\/a>Portal Vijesti je objavio, pozivaju\u0107i se na advokata Zorana Piperovi\u0107a, da je Podgori\u010danin Veselin Barovi\u0107, njegov branjenik, uhap\u0161en zbog nedozvoljenog dr\u017eanja oru\u017eja i da je nakon saslu\u0161anja u Tu\u017eila\u0161tvu pu\u0161ten na slobodu.<\/p>\n<p>&#8220;Prona\u0111ena su dva pi\u0161tolja za koje nije imao dozvolu, jedan koji mu je poklonio pokojni Goran \u017dugi\u0107, nekada\u0161nji savjetnik crnogorskog predsjednika za bezbjednost, a za koji nije mogao da prona\u0111e potvrde. U ku\u0107i u Band\u0107imma prona\u0111ena su dva pi\u0161tolja i to u metalnom sefu koji je morao da se razbije da bi se izvadilo oru\u017eje. U tom sefu prona\u0111ena poluautomaska pu\u0161ka &#8220;papovka&#8221;, starije proizvodnje i 62 metka za automatsku pu\u0161ku. Moj branjenik je tu\u017eiocu objasnio porijeklo oru\u017eja i nakon saslu\u0161anja pu\u0161ten je na slobodu\u201d, kazao je Piperovi\u0107.<\/p>\n<p>Barovi\u0107 je jedan od crnogorskih tajkuna bliskih lideru Demokratske partije socijalista Milu \u0110ukanovi\u0107u.<\/p>\n","protected":false},"excerpt":{"rendered":"<p>Portal Vijesti je objavio, pozivaju\u0107i se na advokata Zorana Piperovi\u0107a, da je Podgori\u010danin Veselin Barovi\u0107, njegov branjenik, uhap\u0161en zbog nedozvoljenog dr\u017eanja oru\u017eja i da je nakon saslu\u0161anja u Tu\u017eila\u0161tvu pu\u0161ten na slobodu. &#8220;Prona\u0111ena su dva pi\u0161tolja za koje nije imao dozvolu, jedan koji mu je poklonio pokojni Goran \u017dugi\u0107, nekada\u0161nji savjetnik crnogorskog predsjednika za bezbjednost, [&hellip;]<\/p>\n","protected":false},"author":1,"featured_media":217182,"comment_status":"open","ping_status":"closed","sticky":false,"template":"","format":"standard","meta":{"_seopress_robots_primary_cat":"","_seopress_titles_title":"","_seopress_titles_desc":"","_seopress_robots_index":"","_et_pb_use_builder":"","_et_pb_old_content":"","_et_gb_content_width":"","inline_featured_image":false,"footnotes":""},"categories":[14,12],"tags":[],"class_list":["post-217181","post","type-post","status-publish","format-standard","has-post-thumbnail","hentry","category-vijesti","category-prica-dana"],"_links":{"self":[{"href":"https:\/\/www.pcnen.com\/portal\/wp-json\/wp\/v2\/posts\/217181","targetHints":{"allow":["GET"]}}],"collection":[{"href":"https:\/\/www.pcnen.com\/portal\/wp-json\/wp\/v2\/posts"}],"about":[{"href":"https:\/\/www.pcnen.com\/portal\/wp-json\/wp\/v2\/types\/post"}],"author":[{"embeddable":true,"href":"https:\/\/www.pcnen.com\/portal\/wp-json\/wp\/v2\/users\/1"}],"replies":[{"embeddable":true,"href":"https:\/\/www.pcnen.com\/portal\/wp-json\/wp\/v2\/comments?post=217181"}],"version-history":[{"count":0,"href":"https:\/\/www.pcnen.com\/portal\/wp-json\/wp\/v2\/posts\/217181\/revisions"}],"wp:featuredmedia":[{"embeddable":true,"href":"https:\/\/www.pcnen.com\/portal\/wp-json\/wp\/v2\/media\/217182"}],"wp:attachment":[{"href":"https:\/\/www.pcnen.com\/portal\/wp-json\/wp\/v2\/media?parent=217181"}],"wp:term":[{"taxonomy":"category","embeddable":true,"href":"https:\/\/www.pcnen.com\/portal\/wp-json\/wp\/v2\/categories?post=217181"},{"taxonomy":"post_tag","embeddable":true,"href":"https:\/\/www.pcnen.com\/portal\/wp-json\/wp\/v2\/tags?post=217181"}],"curies":[{"name":"wp","href":"https:\/\/api.w.org\/{rel}","templated":true}]}}