{"id":217125,"date":"2016-11-23T14:31:20","date_gmt":"2016-11-23T13:31:20","guid":{"rendered":"http:\/\/www.pcnen.com\/portal\/?p=217125"},"modified":"2016-11-23T14:31:20","modified_gmt":"2016-11-23T13:31:20","slug":"bogdanovic-negira-navode-mujovica","status":"publish","type":"post","link":"https:\/\/www.pcnen.com\/portal\/2016\/11\/23\/bogdanovic-negira-navode-mujovica\/","title":{"rendered":"Bogdanovi\u0107 negira navode Mujovi\u0107a"},"content":{"rendered":"<p>Gradona\u010delnik Cetinja Aleksandar Bogdanovi\u0107 je sa indignacijom odbacio <a href=\"http:\/\/www.pcnen.com\/portal\/2016\/11\/22\/mujovicsvetozar-marovic-je-htio-da-bjezi-u-rusiju\/\" target=\"_blank\">tvrdnju Veselina Mujovi\u0107a<\/a>, optu\u017eenog za prevare, da je kod njega dolazila jedna osoba izTu\u017eila\u0161tva i govorila Svetozaru Marovi\u0107u, osu\u0111enom visokom funkcioneru DPS i Bogdanovi\u0107evom tastu, &#8220;da se mane&#8221; Mujovi\u0107a, glavnog specijalnog tu\u017eioca i premijera, jer im spremaju hap\u0161enje. <\/p>\n<p>Mujovi\u0107u je ju\u010de po\u010delo su\u0111enje zbog optu\u017ebe da je uzeo 890.000 eura od Svetozara Marovi\u0107a, obe\u0107avaju\u0107i mu povla\u0161\u0107en polo\u017eaj u istragama Specijalnog tu\u017eila\u0161tva.<\/p>\n<p><iframe loading=\"lazy\" title=\"Aleksandar Bogdanovi\u0107 o tvrdnjama Veselina Mujovi\u0107a\" width=\"1080\" height=\"608\" src=\"https:\/\/www.youtube.com\/embed\/iodsnsjkb7g?feature=oembed\" frameborder=\"0\" allow=\"accelerometer; autoplay; clipboard-write; encrypted-media; gyroscope; picture-in-picture; web-share\" allowfullscreen><\/iframe><\/p>\n","protected":false},"excerpt":{"rendered":"<p>Gradona\u010delnik Cetinja Aleksandar Bogdanovi\u0107 je sa indignacijom odbacio tvrdnju Veselina Mujovi\u0107a, optu\u017eenog za prevare, da je kod njega dolazila jedna osoba izTu\u017eila\u0161tva i govorila Svetozaru Marovi\u0107u, osu\u0111enom visokom funkcioneru DPS i Bogdanovi\u0107evom tastu, &#8220;da se mane&#8221; Mujovi\u0107a, glavnog specijalnog tu\u017eioca i premijera, jer im spremaju hap\u0161enje. Mujovi\u0107u je ju\u010de po\u010delo su\u0111enje zbog optu\u017ebe da je [&hellip;]<\/p>\n","protected":false},"author":1,"featured_media":0,"comment_status":"open","ping_status":"closed","sticky":false,"template":"","format":"standard","meta":{"_seopress_robots_primary_cat":"","_seopress_titles_title":"","_seopress_titles_desc":"","_seopress_robots_index":"","_et_pb_use_builder":"","_et_pb_old_content":"","_et_gb_content_width":"","inline_featured_image":false,"footnotes":""},"categories":[14],"tags":[],"class_list":["post-217125","post","type-post","status-publish","format-standard","hentry","category-vijesti"],"_links":{"self":[{"href":"https:\/\/www.pcnen.com\/portal\/wp-json\/wp\/v2\/posts\/217125","targetHints":{"allow":["GET"]}}],"collection":[{"href":"https:\/\/www.pcnen.com\/portal\/wp-json\/wp\/v2\/posts"}],"about":[{"href":"https:\/\/www.pcnen.com\/portal\/wp-json\/wp\/v2\/types\/post"}],"author":[{"embeddable":true,"href":"https:\/\/www.pcnen.com\/portal\/wp-json\/wp\/v2\/users\/1"}],"replies":[{"embeddable":true,"href":"https:\/\/www.pcnen.com\/portal\/wp-json\/wp\/v2\/comments?post=217125"}],"version-history":[{"count":0,"href":"https:\/\/www.pcnen.com\/portal\/wp-json\/wp\/v2\/posts\/217125\/revisions"}],"wp:attachment":[{"href":"https:\/\/www.pcnen.com\/portal\/wp-json\/wp\/v2\/media?parent=217125"}],"wp:term":[{"taxonomy":"category","embeddable":true,"href":"https:\/\/www.pcnen.com\/portal\/wp-json\/wp\/v2\/categories?post=217125"},{"taxonomy":"post_tag","embeddable":true,"href":"https:\/\/www.pcnen.com\/portal\/wp-json\/wp\/v2\/tags?post=217125"}],"curies":[{"name":"wp","href":"https:\/\/api.w.org\/{rel}","templated":true}]}}