{"id":217056,"date":"2016-11-22T08:24:30","date_gmt":"2016-11-22T07:24:30","guid":{"rendered":"http:\/\/www.pcnen.com\/portal\/?p=217056"},"modified":"2016-11-22T08:29:57","modified_gmt":"2016-11-22T07:29:57","slug":"zbogom-americkom-neoliberalizmu","status":"publish","type":"post","link":"https:\/\/www.pcnen.com\/portal\/2016\/11\/22\/zbogom-americkom-neoliberalizmu\/","title":{"rendered":"Zbogom ameri\u010dkom neoliberalizmu"},"content":{"rendered":"<p><strong>Pi\u0161e: Cornel West<\/strong><\/p>\n<p><a href=\"http:\/\/www.pcnen.com\/portal\/wp-content\/uploads\/2016\/11\/Cornel-West.jpg\"><img loading=\"lazy\" decoding=\"async\" src=\"http:\/\/www.pcnen.com\/portal\/wp-content\/uploads\/2016\/11\/Cornel-West-300x220.jpg\" alt=\"cornel-west\" width=\"300\" height=\"220\" class=\"alignleft size-medium wp-image-217057\" srcset=\"https:\/\/www.pcnen.com\/portal\/wp-content\/uploads\/2016\/11\/Cornel-West-300x220.jpg 300w, https:\/\/www.pcnen.com\/portal\/wp-content\/uploads\/2016\/11\/Cornel-West-580x425.jpg 580w, https:\/\/www.pcnen.com\/portal\/wp-content\/uploads\/2016\/11\/Cornel-West-450x330.jpg 450w, https:\/\/www.pcnen.com\/portal\/wp-content\/uploads\/2016\/11\/Cornel-West-480x352.jpg 480w, https:\/\/www.pcnen.com\/portal\/wp-content\/uploads\/2016\/11\/Cornel-West-235x172.jpg 235w, https:\/\/www.pcnen.com\/portal\/wp-content\/uploads\/2016\/11\/Cornel-West-75x55.jpg 75w, https:\/\/www.pcnen.com\/portal\/wp-content\/uploads\/2016\/11\/Cornel-West-350x257.jpg 350w, https:\/\/www.pcnen.com\/portal\/wp-content\/uploads\/2016\/11\/Cornel-West-220x161.jpg 220w, https:\/\/www.pcnen.com\/portal\/wp-content\/uploads\/2016\/11\/Cornel-West-90x65.jpg 90w, https:\/\/www.pcnen.com\/portal\/wp-content\/uploads\/2016\/11\/Cornel-West.jpg 600w\" sizes=\"(max-width: 300px) 100vw, 300px\" \/><\/a>Neoliberalna era u Sjedinjenim Ameri\u010dkim Dr\u017eavama zavr\u0161ila se sa neofa\u0161isti\u010dkim praskom. Politi\u010dki trijumf Donalda Trampa razbio je establi\u0161ment u Demokratskoj i Republikanskoj stranci &#8211; obema ven\u010danim za vladavinu velikog novca i pretencioznih politi\u010dara.<\/p>\n<p>Dinastije Bu\u0161ovih i Klintonovih uni\u0161tila je medijski prezasi\u0107ena privla\u010dnost pseudopopulisti\u010dkog milijardera sa narcisti\u010dkim poreme\u0107ajem i odvratnim, fa\u0161isti\u010dkim sklonostima. Monumentalni izbor Trampa bio je o\u010dajni\u010dki i ksenofobi\u010dni vapaj ljudskih srca za izlazom iz devastiranog i dezintegrisanog neoliberalnog poretka \u2013 nostalgi\u010dni povratak u imaginarnu veli\u010danstvenu pro\u0161lost.<\/p>\n<p>Sugradjani bela\u010dke radni\u010dke srednje klase vodjeni ljutnjom i bolom odbacili su ekonomsko zanemarivanje neoliberalnih politika i samozadovoljnu aroganciju elita. Ipak, isti ti gra\u0111ani podr\u017eali su kandidata za kojeg se ispostavilo da za njihovu socijalnu bedu krivi manjine i ko je isklju\u010dio meksi\u010dke migrante, muslimane, crnce, Jevreje, gej populaciju, \u017eene i Kinu iz tog procesa.<\/p>\n<p>Ova smrtonosna fuzija ekonomske nestabilnosti i kulturnog \u017ertvenog jarca bacila je neoliberalizam na kolena. Ukratko, katastrofalan neuspeh Demokratske stranke da komunicira sa radnim ljudima koji pate od smanjene mobilnosti i eskaliraju\u0107eg siroma\u0161tva, dovela je do populizma ispunjenog mr\u017enjom  i protekcionizma koji prete da razore tanke niti onoga \u0161to je ostalo od ameri\u010dke demokratije. A po\u0161to su najeksplozivniji rascepi u dana\u0161njoj Americi najpre rasni, potom polni, homofobni, etni\u010dki i verski, spremamo se za zastra\u0161uju\u0107u budu\u0107nost.<\/p>\n<p>\u0160ta da se radi? Na prvom mestu moramo poku\u0161ati da ka\u017eemo istinu, a preduslov za to je da dozvolimo onima koji pate da govore. Poslednjih 40 godina neoliberalizam je \u017eiveo u svetu poricanja i indiferentnosti prema patnjama siroma\u0161nih i radnih ljudi, opsednut spektaklom uspeha. Drugo, moramo da budemo svedoci pravde. Moramo utemeljiti na\u0161e govorenje istine u spremnosti da patimo i da se \u017ertvujemo zbog protivljenja dominantnom.  Tre\u0107e \u2013 moramo se se\u0107ati hrabrih primera poput Martina Lutera Kinga mla\u0111eg, jer pru\u017eaju moralnu i duhovnu inspiraciju u stvaranju me\u0111urasnih saveza u borbi protiv ksenofobije i siroma\u0161tva, zlo\u010dina Vol strita i ratnih zlo\u010dina, globalnog zatopoljavanja i policijskog zlostavljanja \u2013 i za\u0161tititi dragocena prava i slobode.  <\/p>\n<p>Period Obamine vladavine bio je poslednji udah neoliberalizma. Uprkos nekim progresivnim re\u010dima i simboli\u010dnim gestovima, Obama je odlu\u010dio da ignori\u0161e zlo\u010dine Vol strita, odbaci spasavanje vlasnika ku\u0107a, previdi rastu\u0107u nejednakost i omogu\u0107i ratne zlo\u010dine poput ameri\u010dkog ubijanja nevinih civila dronovima u inostranstvu.<\/p>\n<p>Desni\u010darski napadi na Obamu \u2013 Trampom inspirisana rasna mr\u017enja prema njemu \u2013 u\u010dinila je gotovo nemogu\u0107om progresivnu kritiku njegove politike. Predsednik je nerado govorio o patnji crnaca \u2013 bilo da je re\u010d o pretrpanim zatvorima, oronulim \u0161kolama ili smanjenju broja radnih mesta. Ipak, uprkos  tome, dobili smo proslavljanje neoliberalnog statusa quo izra\u017eenog u rasisti\u010dkom simbolizmu i li\u010dnom nasle\u0111u. U me\u0111uvremenu, siroma\u0161ni i radni\u010dka klasa svih boja nastavljaju da pate u relativnoj ti\u0161ini.<\/p>\n<p>Iz te perspektive, Trampov izbor omogu\u0107ila je neoliberalna politika Obame i Klinton koja se nije obazirala na stradanja na\u0161ih najugro\u017eenijih gra\u0111ana. Napredni populizam Bernija Sandersa umalo je sru\u0161io establi\u0161ment Demokratske stranke, ali Obama i Klinton su spasili status quo. Verujem da bi Sanders pobedio Trampa kako bi se izbegao ovaj neofa\u0161isti\u010dki ishod.<\/p>\n<p>U ovom sumornom trenutku, moramo inspirisati jedni druge vo\u0111eni demokratskom me\u0161avinom integriteta, hrabrosti, empatije i zrelim ose\u0107ajem za istoriju \u2013 iako se \u010dini da nam demokratija izmi\u010de.<\/p>\n<p>Ne smemo okrenuti glavu od ljudi koje je ameri\u010dka spoljna politika zaboravila \u2013 poput Palestinaca pod izraelskom okupacijom, jemenskih civila koje ubijaju saudijske trupe pod pokroviteljstvom SAD, ili Afrikanaca koji trpe pod ameri\u010dkim prisustvom u Africi.<\/p>\n<p>Za nekoga \u010dija su porodica i narod pre\u017eiveli i napredovali tokom perioda ropstva, D\u017eima Kroua i lin\u010dovanja, Trampova neofa\u0161isti\u010dka retorika i predvidiva autokratska vladavina je samo jo\u0161 jedan ru\u017ean momenat koji poziva sve najbolje u nama i u onome \u0161to mo\u017eemo da uradimo.<\/p>\n<p>Za nas u ovim vremenima, \u010dak imati nadu je suvi\u0161e apstraktno, odvojeno, previ\u0161e pokroviteljski. Umesto toga, mi moramo biti nada, u\u010desnici i sila dobra u suo\u010davanju sa ovom katastrofom.<\/p>\n<p><a href=\"http:\/\/kontrapress.com\/clanak.php?rub=Politika&#038;url=Zbogom-americkom-neoliberalizmu\" target=\"_blank\">Kontrapress<\/a>\/<a href=\"https:\/\/www.theguardian.com\/commentisfree\/2016\/nov\/17\/american-neoliberalism-cornel-west-2016-election\" target=\"_blank\">Guardian<\/a><\/p>\n","protected":false},"excerpt":{"rendered":"<p>Za nas u ovim vremenima, \u010dak imati nadu je suvi\u0161e apstraktno, odvojeno, previ\u0161e pokroviteljski<\/p>\n","protected":false},"author":1,"featured_media":217057,"comment_status":"open","ping_status":"closed","sticky":false,"template":"","format":"standard","meta":{"_seopress_robots_primary_cat":"","_seopress_titles_title":"","_seopress_titles_desc":"","_seopress_robots_index":"","_et_pb_use_builder":"","_et_pb_old_content":"","_et_gb_content_width":"","inline_featured_image":false,"footnotes":""},"categories":[5],"tags":[],"class_list":["post-217056","post","type-post","status-publish","format-standard","has-post-thumbnail","hentry","category-drugi-pisu"],"_links":{"self":[{"href":"https:\/\/www.pcnen.com\/portal\/wp-json\/wp\/v2\/posts\/217056","targetHints":{"allow":["GET"]}}],"collection":[{"href":"https:\/\/www.pcnen.com\/portal\/wp-json\/wp\/v2\/posts"}],"about":[{"href":"https:\/\/www.pcnen.com\/portal\/wp-json\/wp\/v2\/types\/post"}],"author":[{"embeddable":true,"href":"https:\/\/www.pcnen.com\/portal\/wp-json\/wp\/v2\/users\/1"}],"replies":[{"embeddable":true,"href":"https:\/\/www.pcnen.com\/portal\/wp-json\/wp\/v2\/comments?post=217056"}],"version-history":[{"count":0,"href":"https:\/\/www.pcnen.com\/portal\/wp-json\/wp\/v2\/posts\/217056\/revisions"}],"wp:featuredmedia":[{"embeddable":true,"href":"https:\/\/www.pcnen.com\/portal\/wp-json\/wp\/v2\/media\/217057"}],"wp:attachment":[{"href":"https:\/\/www.pcnen.com\/portal\/wp-json\/wp\/v2\/media?parent=217056"}],"wp:term":[{"taxonomy":"category","embeddable":true,"href":"https:\/\/www.pcnen.com\/portal\/wp-json\/wp\/v2\/categories?post=217056"},{"taxonomy":"post_tag","embeddable":true,"href":"https:\/\/www.pcnen.com\/portal\/wp-json\/wp\/v2\/tags?post=217056"}],"curies":[{"name":"wp","href":"https:\/\/api.w.org\/{rel}","templated":true}]}}