{"id":216989,"date":"2016-11-21T07:00:53","date_gmt":"2016-11-21T06:00:53","guid":{"rendered":"http:\/\/www.pcnen.com\/portal\/?p=216989"},"modified":"2016-11-21T10:12:06","modified_gmt":"2016-11-21T09:12:06","slug":"amerika-klizi-u-neofasizam","status":"publish","type":"post","link":"https:\/\/www.pcnen.com\/portal\/2016\/11\/21\/amerika-klizi-u-neofasizam\/","title":{"rendered":"Amerika klizi u neofa\u0161izam"},"content":{"rendered":"<p>Vi\u0161e od 30 godina Henry Giroux posvetio je analizi ameri\u010dkog dru\u0161tva, upozoravaju\u0107i jo\u0161 od osamdesetih godina 20. stolje\u0107a da \u0107e ideologija neoliberalizma dovesti do uru\u0161avanja demokracije u SAD-u. Za autora vi\u0161e od 60 knjiga i jednog od najve\u0107ih svjetskih autoriteta na polju kriti\u010dke pedagogije trijumf Donalda Trumpa radikalno je ostvarenje takvih teza. U intervjuu za \u2018Novosti\u2019 Giroux obja\u0161njava \u0161to za SAD i svijet zna\u010di imenovanje Trumpa za predsjednika, seciraju\u0107i pritom uzroke njegova uspona.<\/p>\n<p><strong>Kako kao ameri\u010dki dr\u017eavljanin gledate na ishode izbora?<\/strong><\/p>\n<p>Imati putovnicu zemlje koja klizi u formu neofa\u0161izma uznemiruju\u0107a je spoznaja.<\/p>\n<p><strong>Koje su zna\u010dajke neofa\u0161izma o kojem govorite?<\/strong><\/p>\n<p>Govorim o \u010dinjenici da je Trump konsolidirao mo\u0107 za vo\u0111enje rata protiv svih demokratskih institucija u ovoj zemlji. Govorimo o ratu protiv imigranata, mladih, posebno afroameri\u010dke mlade\u017ei, socijalne dr\u017eave i siroma\u0161nih. Trump preuzima vlast u zemlji u kojoj je militarizacija dru\u0161tva sve osjetnija, gdje je mo\u0107 u rukama jedan posto najbogatijih, u kulturi kojom gotovo u potpunosti dominiraju korporacije. Ve\u0107i dio dru\u0161tva predan je financijskom establi\u0161mentu koji ne podriva samo ideje gra\u0111anskih sloboda i ideale demokracije, nego aktivno napada i strukture koje omogu\u0107uju demokraciju.<\/p>\n<p><strong>Mislite li da \u0107e novi predsjednik materijalizirati prijetnje i predizborna obe\u0107anja? U prvom intervjuu je sugerirao da \u0107e biti pristojniji kao predsjednik, \u010dak je krenuo i u svojevrsno korigiranje nekih obe\u0107anja.<\/strong><\/p>\n<p>Retoriku \u0107e mo\u017eda ispolirati, ali ona nije isto \u0161to i provo\u0111enje politike. Zar doista netko vjeruje da \u0107e odustati od svega? Njegovi najavljeni suradnici jamac su najgorih o\u010dekivanja.<br \/>\n<strong><br \/>\nPojedini mediji i dobar dio politi\u010dke elite sugeriraju da mu treba pru\u017eiti \u0161ansu. Ipak je, ka\u017eu, izabran na izborima?<\/strong><\/p>\n<p>To samo dokazuje neposustalu mo\u0107 neoliberalne hegemonije i brzinu kojom se mediji prilago\u0111avaju dominantnim snagama. Na po\u010detku nisu mislili da \u0107e pobijediti, a tu je bio i strah, ponajvi\u0161e zbog njegovih ekonomskih ideja. Sada pak ka\u017eu kako, eto, mijenja mi\u0161ljenje, nije toliko lo\u0161, kao ni njegove politike. \u010covjek se okru\u017eio nacistima! Steve Bannon, njegov visoki savjetnik i strateg? Rije\u010d je o nositelju ideje o bijeloj nadmo\u0107i, pokreta\u010du internetske stranice koja bi 1939. u nacisti\u010dkoj Njema\u010dkoj imala potporu Hitlera. Mediji i politi\u010dari poput Obame doista sada sugeriraju da je Trump ipak predsjednik i da mu treba pru\u017eiti \u0161ansu. To je nonsens. Mislim da u svakom trenutku trebamo ukazivati na njegova proturje\u010dja, koja nagla\u0161avaju kako je mandat predan neofa\u0161istu.<\/p>\n<p><strong>Noam Chomsky je izjavio je da je Republikanska stranka s Trumpom na \u010delu postala najopasnija politi\u010dka organizacija u ljudskoj povijesti?<\/strong><\/p>\n<p>Mislim da je Chomsky u pravu. Republikanski establi\u0161ment se mo\u017ee opisati kroz sadr\u017eaj filma \u2018Let iznad kukavi\u010djeg gnijezda\u2019 u kojem su pacijenti preuzeli psihijatrijsku ustanovu. Rije\u010d je o lu\u0111acima. U skladu s tim, dr\u017eavne institucije i\u0107i \u0107e \u010dlanovima stranke i pojedincima koji predstavljaju antitezu svojih budu\u0107ih zadu\u017eenja. Odjeli za energetiku ili za\u0161titu okoli\u0161a bit \u0107e pod ljudima koji ne vjeruju u klimatsku promjenu ili se protive regulaciji zaga\u0111iva\u010da. U institucije za obranu sjest \u0107e ljudi koji su potpuno posve\u0107eni ratu. Sli\u010dno je za rad, socijalnu za\u0161titu ili javna dobra. Iz Trumpovih izjava nazire se program bijelih kr\u0161\u0107anskih nacionalista u kojima se spaja vjerski, ekonomski, politi\u010dki i kulturalni fundamentalizam. Sada imaju mo\u0107 za uspostavu svojih ideja jer \u0107e ovladati svim granama politi\u010dke mo\u0107i.<\/p>\n<p><strong>O\u010dekujete nasrtaj na ljudska prava, od LGBT populacije do \u017eena?<\/strong><\/p>\n<p>Za vrijeme izbora dana\u0161nji se predsjednik strastveno zalagao protiv tih prava. Nazivao ih je politi\u010dkom korektno\u0161\u0107u, impliciraju\u0107i tako da je dopu\u0161teno biti rasist, homofob ili seksist. Ve\u0107 je najavljeno da \u0107e na Vrhovnom sudu poku\u0161ati dovesti u pitanje postupak koji je legalizirao poba\u010daj u SAD-u, predaju\u0107i ga na odlu\u010divanje saveznim dr\u017eavama. Rat protiv reproduktivnih prava \u017eena bit \u0107e prvi korak i poruka drugim ciljanim skupinama.<\/p>\n<p><em>Car je gol<\/em><\/p>\n<p><strong>Koji su klju\u010dni uzroci Trumpove pobjede i \u010dinjenice da je siroma\u0161niji sloj dru\u0161tva, gubitnici globalizacije, pokazao srednji prst establi\u0161mentu i njihovom statusu quo?<\/strong><\/p>\n<p>Vi\u0161e je faktora. Od 2001. godine u SAD-u dominira svepro\u017eimaju\u0107a kultura straha, koja je dovela do militarizacije gotovo svih dijelova dru\u0161tva, od \u0161kola, aerodroma, bolnica, institucija socijalne slu\u017ebe pa do ulica. Socijalna dr\u017eava ustupila je mjesto militarnoj dr\u017eavi, a radna mjesta zatvorima; dru\u0161tvo u kojem svi koji se ne povinuju potro\u0161a\u010dkoj i neoliberalnoj logici postaju kandidati za ka\u017enjavanje, od siroma\u0161nih do manjina. Kultura selebritija, koja name\u0107e trivijalnost i neznanje, uvjetovala je s druge strane tretman Trumpa kao slavne osobe, a ne predsjedni\u010dkog kandidata. Njima se ne postavljaju va\u017ena pitanja. Za njih ne vrijede ista mjerila odgovornosti. S njima razgovarate o \u017eivotnom stilu, kosi, \u017eeni i djeci, a ne o politi\u010dkim stavovima vezanim uz prave dru\u0161tvene probleme. \u017divimo u dru\u0161tvu koje nije orvelovski Veliki brat, nego istoimeni reality program. Kapitalisti\u010dki sistem nam pritom govori da smo sami krivi za socijalne udese; problem je u karakteru, nikad u sistemskim odnosima. U takvom dru\u0161tvu gnjev milijuna nije imao nikakav konstruktivni smjer. Izabrali su \u010dovjeka koji \u0107e im jo\u0161 vi\u0161e zagor\u010dati \u017eivote. Tu dolazimo do poraza ljevice, koja i dalje razgovara o politi\u010dkim i ekonomskim strukturama, a ne o nu\u017enosti promjene dru\u0161tvene svijesti.<\/p>\n<p><strong>Spada li Trump me\u0111u najgore historijske posljedice kapitalisti\u010dkih politika na Zapadu?<\/strong><\/p>\n<p>Apsolutno. Ovdje imamo ideologiju represije bez apologije. Izostanak potrebe ili \u017eelje za mimikrijom, da barem la\u017eu kako \u0107e brinuti za demokraciju i da \u0107e biti bolje. Rije\u010d je utoliko o kontrarevolucionarima, koji nemaju inhibicija u kori\u0161tenju obmanjuju\u0107eg jezika, a ne\u0107e imati ni problema s provo\u0111enjem takvih politika. Rije\u010d je o trijumfu neznanja nad razumom, emocija nad argumentom i mnijenja nad dokazom. Kad stvori\u0161 kulturu koja je ukorijenjena u takvoj razini gluposti, to je temelj za nepromi\u0161ljenost \u0161to je, kako re\u010de Hannah Arendt, baza za totalitarizam i fa\u0161izam.<\/p>\n<p><strong>Dosta ste u tom kontekstu spominjali \u2018organizirani zaborav\u2019 i svjesno brisanje povijesnog sje\u0107anja.<\/strong><\/p>\n<p>Mislim da je svaka zemlja bez povijesnog sje\u0107anja podlo\u017enija totalitarnim dru\u0161tvenim pojavama. \u017divimo u kulturi u kojoj je \u2018novo\u2019 jedino va\u017eno, a pro\u0161lost je zaboravljena. Desnica je odavno shvatila potencijale neznanja. Iz \u0161kolskih ud\u017ebenika izbacili su radni\u010dku povijest, klasne i \u017eenske borbe. Edukacija postaje retori\u010dki slatki\u0161 za neosvije\u0161tene. Kulturalni aparati dominantno su idiotizirani. Sve je trivijalizirano. Koli\u010dina gluposti koju proizvode mediji je nevjerojatna. U ime objektivnosti, daje se jednak prostor tezama o ravnoj i okrugloj zemlji, banaliziraju\u0107i bilo kakve argumente. Desnica je dakle shvatila da je informirano rasu\u0111ivanje suprotstavljeno kulturi konzumerizma i da mora biti uni\u0161teno.<\/p>\n<p><strong>Koliko za rezultate snosi odgovornost Demokratska stranka?<\/strong><\/p>\n<p>Ne smijemo podcijeniti zasluge ekstremne desnice, koja je s margina do\u0161la u centar. No dio krivnje Demokratske stranke se\u017ee u pro\u0161lost. Kriza koja je po\u010dela 1970-ih, izme\u0111u ostalog, nastavljena je i \u2018tre\u0107im putem\u2019 demokrata, koji su prigrlili neoliberalizam, ideologiju koja je produbila nejednakost i opusto\u0161ila radni\u010dku i srednju klasu. Podupiru financijsku elitu, odbili su sankcionirati mu\u010denja za vrijeme Busha. Dopustili su da CIA radi \u0161to ho\u0107e. Imamo dr\u017eavu nadzora kakva nije vi\u0111ena u povijesti. Obama nije napravio gotovo ni\u0161ta pozitivno po pitanju Bushevih zakona u sklopu domovinske sigurnosti, ratovanja dronovima ili policijskog pretra\u017eivanja bez ikakvog opravdanja. Takve politike bile su grozne za vrijeme Obame. Mo\u017eete li zamisliti kako bi Trump mogao koristiti ove instrumente mo\u0107i?<\/p>\n<p><strong>Je li ovaj izborni ishod jo\u0161 jedan signal da su tradicionalne politi\u010dke opcije u padu i mo\u017ee li se u tom kontekstu tra\u017eiti prilika za progresivne ideje?<\/strong><\/p>\n<p>Car je gol u svakom slu\u010daju. Brutalnost i nepromi\u0161ljenost sustava do\u0161la je na visoku razinu. Ho\u0107e li to mobilizirati ljude \u2013 i dovesti do poistovje\u0107enja s progresivnijim idejama koje tek treba oblikovati \u2013 sasvim je drugo pitanje. Dru\u0161tvena potla\u010denost sama po sebi nije jamstvo za preokret u bolju budu\u0107nost. Trump je \u017eivu\u0107i primjer. Iskori\u0161tavanje nastalih proturje\u010dja ovisit \u0107e o narednim idejama i politikama koje bi trebale educirati ljude na jedan fundamentalan na\u010din. Moramo osmisliti nove ideolo\u0161ke mehanizme za borbu protiv postoje\u0107eg stanja i uspostavu progresivnijih dru\u0161tvenih odnosa.<\/p>\n<p><em>Otpor ili represija<\/em><\/p>\n<p><strong>Kako vidite Trumpovu Ameriku za tri ili \u010detiri godine?<\/strong><\/p>\n<p>Dva scenarija mi padaju na pamet. Prvi je enormna represija, kakvu ne mo\u017eemo ni zamisliti, zajedno s jo\u0161 ve\u0107im osiroma\u0161enjem i patnjama. Drugi je mogu\u0107nost da \u0107e do\u0107i do stalnih previranja, kao svojevremeno u Gr\u010dkoj, \u0160panjolskoj ili Francuskoj. Prosvjedni pokreti koji \u0107e se povezati sa sindikatima i pru\u017eati aktivan, \u0161irok i kvalitetan otpor represivnim politikama. To je scenarij koji osobno pri\u017eeljkujem.<\/p>\n<p><strong>Postoji li opasnost da \u0107e, u kontekstu represivnog aparata, prosvjednici biti etiketirani i tretirani kao neprijatelji?<\/strong><\/p>\n<p>Kao kandidat za dr\u017eavnog tu\u017eitelja spominjao se i Rudy Giuliani. Promicatelj militarizacije policije, koji je nazivao prosvjednike pla\u010dljivcima i meku\u0161cima, tvrde\u0107i i da je nasilje u crna\u010dkim zajednicama posljedica me\u0111usobne mr\u017enje. Sve su to stavovi koji odra\u017eavaju stvarno stanje na terenu: rast policijske dr\u017eave. S druge strane, nemogu\u0107e je zaustaviti u potpunosti sve oblike otpora. Treba o\u010dekivati gra\u0111anski neposluh na ve\u0107oj razini i represivne reakcije Trumpove administracije.<br \/>\n<strong><br \/>\nGdje vidite bazu za organizirani otpor u budu\u0107nosti?<\/strong><\/p>\n<p>Pokret mladih je napravio ne\u0161to \u0161to dosad nisam vidio, barem u smislu \u0161irine tema kojima se bave. Afroameri\u010dka organizacija Black Lives Matter, primjerice, ne govori samo o policijskom nasilju kao izoliranom fenomenu, ve\u0107 u kontekstu dru\u0161tvene nejednakosti, siroma\u0161tva, dr\u017eavnog nasilja, militarizacije\u2026 Oni i njima sli\u010dni pokreti povezuju se s grupama diljem SAD-a i svijeta. Zasad su marginalni, ali ako se represija pove\u0107a a diskurs postane opasniji, u \u0161to ne treba sumnjati, mo\u017ee se o\u010dekivati njihovo omasovljenje. \u010cak je i mlade\u017e iz srednjoklasnog sloja sve svjesnija neizvjesne budu\u0107nosti, gubitni\u010dkog polo\u017eaja u ovakvom sustavu. Potrebno je uspostaviti dugoro\u010dne strategije koje se bave brojnim problemima, a ne samo odre\u0111enim temama, pod pla\u0161tem radikalne demokracije. Klasno osvije\u0161ten pokret koji \u0107e imati odgovor na homofobiju, rasizam, napad na \u017eenska prava, klimatske promjene i druge probleme. Potrebno je na\u0107i na\u010dine da se borba protiv nacionalnih politika spoji s borbom protiv globalne razine mo\u0107i, kroz me\u0111unarodne pokrete. Ovo \u0161to vidimo nije samo stvar SAD-a. Nuklearna prijetnja ili globalno zatopljavanje, kao i globalna nejednakost, problem je svih.<\/p>\n<p><strong>\u0160to je s ambijentom, postoje\u0107im ekonomskim sustavom?<\/strong><\/p>\n<p>Kapitalizam je neprijatelj demokracije. Potrebno je razbiti predod\u017ebu da su kapitalizam i demokracija ista stvar. Trebamo razgovarati o metodama borbe koje \u0107e za\u0161tititi najranjivije i o idejama kao \u0161to je demokratski socijalizam.<br \/>\n<a href=\"http:\/\/www.pcnen.com\/portal\/wp-content\/uploads\/2016\/11\/Henry-Giroux.jpg\"><img loading=\"lazy\" decoding=\"async\" src=\"http:\/\/www.pcnen.com\/portal\/wp-content\/uploads\/2016\/11\/Henry-Giroux-300x220.jpg\" alt=\"henry-giroux\" width=\"300\" height=\"220\" class=\"alignleft size-medium wp-image-216990\" srcset=\"https:\/\/www.pcnen.com\/portal\/wp-content\/uploads\/2016\/11\/Henry-Giroux-300x220.jpg 300w, https:\/\/www.pcnen.com\/portal\/wp-content\/uploads\/2016\/11\/Henry-Giroux-580x425.jpg 580w, https:\/\/www.pcnen.com\/portal\/wp-content\/uploads\/2016\/11\/Henry-Giroux-450x330.jpg 450w, https:\/\/www.pcnen.com\/portal\/wp-content\/uploads\/2016\/11\/Henry-Giroux-480x352.jpg 480w, https:\/\/www.pcnen.com\/portal\/wp-content\/uploads\/2016\/11\/Henry-Giroux-235x172.jpg 235w, https:\/\/www.pcnen.com\/portal\/wp-content\/uploads\/2016\/11\/Henry-Giroux-75x55.jpg 75w, https:\/\/www.pcnen.com\/portal\/wp-content\/uploads\/2016\/11\/Henry-Giroux-350x257.jpg 350w, https:\/\/www.pcnen.com\/portal\/wp-content\/uploads\/2016\/11\/Henry-Giroux-220x161.jpg 220w, https:\/\/www.pcnen.com\/portal\/wp-content\/uploads\/2016\/11\/Henry-Giroux-90x65.jpg 90w, https:\/\/www.pcnen.com\/portal\/wp-content\/uploads\/2016\/11\/Henry-Giroux.jpg 600w\" sizes=\"(max-width: 300px) 100vw, 300px\" \/><\/a><br \/>\n<a href=\"http:\/\/www.portalnovosti.com\/henry-giroux-amerika-klizi-u-neofasizam\" target=\"_blank\">Portal novosti<\/a><\/p>\n","protected":false},"excerpt":{"rendered":"<p>Giroux:Trump je konsolidirao mo\u0107 za vo\u0111enje rata protiv svih demokratskih<\/p>\n","protected":false},"author":1,"featured_media":216990,"comment_status":"open","ping_status":"closed","sticky":false,"template":"","format":"standard","meta":{"_seopress_robots_primary_cat":"","_seopress_titles_title":"","_seopress_titles_desc":"","_seopress_robots_index":"","_et_pb_use_builder":"","_et_pb_old_content":"","_et_gb_content_width":"","inline_featured_image":false,"footnotes":""},"categories":[5],"tags":[],"class_list":["post-216989","post","type-post","status-publish","format-standard","has-post-thumbnail","hentry","category-drugi-pisu"],"_links":{"self":[{"href":"https:\/\/www.pcnen.com\/portal\/wp-json\/wp\/v2\/posts\/216989","targetHints":{"allow":["GET"]}}],"collection":[{"href":"https:\/\/www.pcnen.com\/portal\/wp-json\/wp\/v2\/posts"}],"about":[{"href":"https:\/\/www.pcnen.com\/portal\/wp-json\/wp\/v2\/types\/post"}],"author":[{"embeddable":true,"href":"https:\/\/www.pcnen.com\/portal\/wp-json\/wp\/v2\/users\/1"}],"replies":[{"embeddable":true,"href":"https:\/\/www.pcnen.com\/portal\/wp-json\/wp\/v2\/comments?post=216989"}],"version-history":[{"count":0,"href":"https:\/\/www.pcnen.com\/portal\/wp-json\/wp\/v2\/posts\/216989\/revisions"}],"wp:featuredmedia":[{"embeddable":true,"href":"https:\/\/www.pcnen.com\/portal\/wp-json\/wp\/v2\/media\/216990"}],"wp:attachment":[{"href":"https:\/\/www.pcnen.com\/portal\/wp-json\/wp\/v2\/media?parent=216989"}],"wp:term":[{"taxonomy":"category","embeddable":true,"href":"https:\/\/www.pcnen.com\/portal\/wp-json\/wp\/v2\/categories?post=216989"},{"taxonomy":"post_tag","embeddable":true,"href":"https:\/\/www.pcnen.com\/portal\/wp-json\/wp\/v2\/tags?post=216989"}],"curies":[{"name":"wp","href":"https:\/\/api.w.org\/{rel}","templated":true}]}}