{"id":216386,"date":"2016-11-09T16:46:19","date_gmt":"2016-11-09T15:46:19","guid":{"rendered":"http:\/\/www.pcnen.com\/portal\/?p=216386"},"modified":"2016-11-09T16:46:19","modified_gmt":"2016-11-09T15:46:19","slug":"hra-tuzilastvo-nipodastava-problem-neistrazenog-napada-na-novinara-softica","status":"publish","type":"post","link":"https:\/\/www.pcnen.com\/portal\/2016\/11\/09\/hra-tuzilastvo-nipodastava-problem-neistrazenog-napada-na-novinara-softica\/","title":{"rendered":"HRA: Tu\u017eila\u0161tvo  nipoda\u0161tava problem neistra\u017eenog napada na novinara Softi\u0107a"},"content":{"rendered":"<p><a href=\"http:\/\/www.pcnen.com\/portal\/wp-content\/uploads\/2011\/11\/Tufik-Softi\u0107.jpg\"><img loading=\"lazy\" decoding=\"async\" src=\"http:\/\/www.pcnen.com\/portal\/wp-content\/uploads\/2011\/11\/Tufik-Softi\u0107-300x225.jpg\" alt=\"Tufik Softi\u0107\" width=\"300\" height=\"225\" class=\"alignright size-medium wp-image-65356\" srcset=\"https:\/\/www.pcnen.com\/portal\/wp-content\/uploads\/2011\/11\/Tufik-Softi\u0107-300x225.jpg 300w, https:\/\/www.pcnen.com\/portal\/wp-content\/uploads\/2011\/11\/Tufik-Softi\u0107-580x435.jpg 580w, https:\/\/www.pcnen.com\/portal\/wp-content\/uploads\/2011\/11\/Tufik-Softi\u0107-450x337.jpg 450w, https:\/\/www.pcnen.com\/portal\/wp-content\/uploads\/2011\/11\/Tufik-Softi\u0107-480x360.jpg 480w, https:\/\/www.pcnen.com\/portal\/wp-content\/uploads\/2011\/11\/Tufik-Softi\u0107-235x176.jpg 235w, https:\/\/www.pcnen.com\/portal\/wp-content\/uploads\/2011\/11\/Tufik-Softi\u0107-75x56.jpg 75w, https:\/\/www.pcnen.com\/portal\/wp-content\/uploads\/2011\/11\/Tufik-Softi\u0107-350x262.jpg 350w, https:\/\/www.pcnen.com\/portal\/wp-content\/uploads\/2011\/11\/Tufik-Softi\u0107-220x165.jpg 220w, https:\/\/www.pcnen.com\/portal\/wp-content\/uploads\/2011\/11\/Tufik-Softi\u0107.jpg 640w\" sizes=\"(max-width: 300px) 100vw, 300px\" \/><\/a>Zaklju\u010divanjem sporazuma o priznanju krivice sa Du\u0161kom Vukovi\u0107em, koji je priznao da je la\u017eno svjedo\u010dio o napada\u010dima na novinara Tufika Softi\u0107a i pristao da za to plati nov\u010danu kaznu od 1700 eura, dr\u017eavno tu\u017eila\u0161tvo nipoda\u0161tava problem neistra\u017eenog poku\u0161aja ubistva novinara Softi\u0107a, ocijenila je danas Akcija za ljudska prava (HRA).<\/p>\n<p>Softi\u0107 je sumnjao da je Vukovi\u0107, pripadnik klana Du\u0161ka \u0160ari\u0107a, u\u010destvovao u organizaciji napada na njega jo\u0161 2007. godine kada je o tome i obavijestio policiju. Me\u0111utim, Vukovi\u0107 je u istrazi tog slu\u010daja prvi put saslu\u0161an tek sedam godina kasnije i to na njegovu inicijativu, kada je do\u0161ao da la\u017eno prijavi tri osobe, protiv kojih je dr\u017eava onda godinu i po dana bezuspje\u0161no vodila istragu. <\/p>\n<p>Vrhovno dr\u017eavno tu\u017eila\u0161tvo nije obezbijedio nastavak istrage niti je pokrenulo bilo kakav postupak protiv onih koji su odgovorni za nedjelotvornu istragu, ve\u0107 je jedino zaklju\u010den sporazum sa Vukovi\u0107em o priznanju krivice za la\u017eno svjedo\u010denje koje je godinu i po dana istragu dezavuisalo, konstatuje HRA. <\/p>\n<p>Ova nevladina organizacija iz Podgorice javno pita: Za\u0161to je Vukovi\u0107 la\u017eno svjedo\u010dio? U \u010dijem je interesu to u\u010dinio i za\u0161to nema nikakvih naznaka da to dr\u017eavno tu\u017eila\u0161tvo uop\u0161te zanima?<\/p>\n","protected":false},"excerpt":{"rendered":"<p>Zaklju\u010divanjem sporazuma o priznanju krivice sa Du\u0161kom Vukovi\u0107em, koji je priznao da je la\u017eno svjedo\u010dio o napada\u010dima na novinara Tufika Softi\u0107a i pristao da za to plati nov\u010danu kaznu od 1700 eura, dr\u017eavno tu\u017eila\u0161tvo nipoda\u0161tava problem neistra\u017eenog poku\u0161aja ubistva novinara Softi\u0107a, ocijenila je danas Akcija za ljudska prava (HRA). Softi\u0107 je sumnjao da je Vukovi\u0107, [&hellip;]<\/p>\n","protected":false},"author":1,"featured_media":0,"comment_status":"open","ping_status":"closed","sticky":false,"template":"","format":"standard","meta":{"_seopress_robots_primary_cat":"","_seopress_titles_title":"","_seopress_titles_desc":"","_seopress_robots_index":"","_et_pb_use_builder":"","_et_pb_old_content":"","_et_gb_content_width":"","inline_featured_image":false,"footnotes":""},"categories":[14],"tags":[],"class_list":["post-216386","post","type-post","status-publish","format-standard","hentry","category-vijesti"],"_links":{"self":[{"href":"https:\/\/www.pcnen.com\/portal\/wp-json\/wp\/v2\/posts\/216386","targetHints":{"allow":["GET"]}}],"collection":[{"href":"https:\/\/www.pcnen.com\/portal\/wp-json\/wp\/v2\/posts"}],"about":[{"href":"https:\/\/www.pcnen.com\/portal\/wp-json\/wp\/v2\/types\/post"}],"author":[{"embeddable":true,"href":"https:\/\/www.pcnen.com\/portal\/wp-json\/wp\/v2\/users\/1"}],"replies":[{"embeddable":true,"href":"https:\/\/www.pcnen.com\/portal\/wp-json\/wp\/v2\/comments?post=216386"}],"version-history":[{"count":0,"href":"https:\/\/www.pcnen.com\/portal\/wp-json\/wp\/v2\/posts\/216386\/revisions"}],"wp:attachment":[{"href":"https:\/\/www.pcnen.com\/portal\/wp-json\/wp\/v2\/media?parent=216386"}],"wp:term":[{"taxonomy":"category","embeddable":true,"href":"https:\/\/www.pcnen.com\/portal\/wp-json\/wp\/v2\/categories?post=216386"},{"taxonomy":"post_tag","embeddable":true,"href":"https:\/\/www.pcnen.com\/portal\/wp-json\/wp\/v2\/tags?post=216386"}],"curies":[{"name":"wp","href":"https:\/\/api.w.org\/{rel}","templated":true}]}}